{"id":34681,"date":"2023-09-06T18:38:38","date_gmt":"2023-09-06T21:38:38","guid":{"rendered":"https:\/\/radiorevelacionfm.cl\/?p=34681"},"modified":"2023-09-06T18:38:38","modified_gmt":"2023-09-06T21:38:38","slug":"invitan-a-participar-en-la-consulta-indigena-del-reglamento-de-la-ley-de-biocombustibles-solidos","status":"publish","type":"post","link":"https:\/\/radiorevelacionfm.cl\/?p=34681","title":{"rendered":"Invitan a participar en la Consulta Ind\u00edgena del Reglamento de la Ley de Biocombustibles S\u00f3lidos"},"content":{"rendered":"<div class=\"flex_column av_one_full  flex_column_div av-zero-column-padding first  avia-builder-el-0  el_before_av_one_full  avia-builder-el-first  \" style='border-radius:0px; '><div  class='avia-image-container  av-styling-    avia-builder-el-1  avia-builder-el-no-sibling  avia-align-center '  itemprop=\"image\" itemscope=\"itemscope\" itemtype=\"https:\/\/schema.org\/ImageObject\"  ><div class='avia-image-container-inner'><div class='avia-image-overlay-wrap'><img decoding=\"async\" class='wp-image-34682 avia-img-lazy-loading-not-34682 avia_image' src=\"https:\/\/radiorevelacionfm.cl\/wp-content\/uploads\/2023\/09\/perfil-seremi4-1_optimized.jpg\" alt='' title='perfil-seremi4-(1)_optimized' height=\"600\" width=\"800\"  itemprop=\"thumbnailUrl\" srcset=\"https:\/\/radiorevelacionfm.cl\/wp-content\/uploads\/2023\/09\/perfil-seremi4-1_optimized.jpg 800w, https:\/\/radiorevelacionfm.cl\/wp-content\/uploads\/2023\/09\/perfil-seremi4-1_optimized-300x225.jpg 300w, https:\/\/radiorevelacionfm.cl\/wp-content\/uploads\/2023\/09\/perfil-seremi4-1_optimized-768x576.jpg 768w, https:\/\/radiorevelacionfm.cl\/wp-content\/uploads\/2023\/09\/perfil-seremi4-1_optimized-705x529.jpg 705w, https:\/\/radiorevelacionfm.cl\/wp-content\/uploads\/2023\/09\/perfil-seremi4-1_optimized-450x338.jpg 450w, https:\/\/radiorevelacionfm.cl\/wp-content\/uploads\/2023\/09\/perfil-seremi4-1_optimized-600x450.jpg 600w\" sizes=\"(max-width: 800px) 100vw, 800px\" \/><\/div><\/div><\/div><\/div><div class=\"flex_column av_one_full  flex_column_div av-zero-column-padding first  avia-builder-el-2  el_after_av_one_full  el_before_av_one_full  column-top-margin\" style='border-radius:0px; '><section class=\"av_textblock_section \"  itemscope=\"itemscope\" itemtype=\"https:\/\/schema.org\/BlogPosting\" itemprop=\"blogPost\" ><div class='avia_textblock  '   itemprop=\"text\" ><p style=\"text-align: center;\"><strong><span style=\"font-size: 18pt;\">Invitan a participar en la Consulta Ind\u00edgena del Reglamento de la Ley de Biocombustibles S\u00f3lidos<\/span><\/strong><\/p>\n<div id=\"gtx-trans\" style=\"position: absolute; left: -50px; top: 4.31534px;\">\n<div class=\"gtx-trans-icon\"><\/div>\n<\/div>\n<\/div><\/section><\/div><div class=\"flex_column av_one_full  flex_column_div av-zero-column-padding first  avia-builder-el-4  el_after_av_one_full  el_before_av_hr  column-top-margin\" style='border-radius:0px; '><section class=\"av_textblock_section \"  itemscope=\"itemscope\" itemtype=\"https:\/\/schema.org\/BlogPosting\" itemprop=\"blogPost\" ><div class='avia_textblock  '   itemprop=\"text\" ><p style=\"text-align: justify;\">El Ministerio de Energ\u00eda iniciar\u00e1 su primera Consulta Ind\u00edgena, con el prop\u00f3sito de establecer un di\u00e1logo en torno al Reglamento de la Ley de Biocombustibles (BCS). Cabe recordar, que la norma jur\u00eddica aprobada el 29 de septiembre de 2022, tiene como objetivo definir est\u00e1ndares de calidad para los (BCS) que se comercializan en la zona centro y sur de Chile, para avanzar hacia un mercado formal y transparente.<\/p>\n<p style=\"text-align: justify;\">Al respecto, el Seremi de Energ\u00eda de Ays\u00e9n, Carlos D\u00edaz, se\u00f1al\u00f3 que \u201cesta es la primera vez que el Ministerio de Energ\u00eda y nuestra Seremi, implementan un proceso de consulta con los pueblos originarios, con la finalidad de que puedan expresar sus opiniones y participar activamente en la formulaci\u00f3n de este reglamento, respetando, por cierto, su identidad social y cultural, as\u00ed como sus tradiciones e instituciones y asegurando que sus intereses sean adecuadamente representados\u201d.<\/p>\n<p style=\"text-align: justify;\">La autoridad regional de Energ\u00eda tambi\u00e9n destac\u00f3 la importancia de estas reuniones a nivel territorial, indicando que \u201ceste reglamento lo hemos trabajado de forma participativa a trav\u00e9s de distintos talleres que realizamos en Coyhaique, Puerto Ays\u00e9n y Cerro Castillo, donde levantamos e incorporamos las particularidades de nuestra regi\u00f3n en materia de bicombustibles s\u00f3lidos. Ahora estamos iniciando este proceso con los pueblos originarios, donde sus intereses y sus voces tendr\u00e1n un espacio para de esta manera contar finalmente con un reglamento s\u00f3lido, equitativo, participativo y con visi\u00f3n territorial\u201d.<\/p>\n<p style=\"text-align: justify;\">Para lograr este objetivo, se han establecido etapas claramente definidas que abarcan la Planificaci\u00f3n, Entrega de Informaci\u00f3n, Deliberaci\u00f3n Interna, Di\u00e1logo y Sistematizaci\u00f3n de Resultados, enfoc\u00e1ndose en el respeto a la identidad cultural y social de las comunidades. Adem\u00e1s, se basar\u00e1 en principios fundamentales y est\u00e1ndares como la buena fe, la flexibilidad y la igualdad, buscando acuerdos a trav\u00e9s del di\u00e1logo, la confianza y el respeto, reconociendo las diferencias en los tiempos y procedimientos de toma de decisiones entre los pueblos ind\u00edgenas y el Ministerio.<\/p>\n<p style=\"text-align: justify;\">Finalmente, el Seremi D\u00edaz indic\u00f3 que \u201cqueremos invitar a las organizaciones, comunidades, y personas con pertinencia ind\u00edgena, a participar de la primera reuni\u00f3n que se realizar\u00e1 el pr\u00f3ximo s\u00e1bado 9 de septiembre a partir de las 09:00 horas, en la Sede Gabriela Mistral, ubicada en calle Bilbao #1468 Coyhaique. Las personas interesadas pueden inscribirse en el correo\u00a0 <a href=\"mailto:vbarria@minenergia.cl\">vbarria@minenergia.cl<\/a> o llamando al +56966763734 o al +562 2365 6656\u201d.<\/p>\n<p style=\"text-align: justify;\">Para m\u00e1s informaci\u00f3n y detalles sobre el proceso de consulta, los interesados pueden revisar la informaci\u00f3n en el siguiente enlace: <a href=\"https:\/\/energia.gob.cl\/consulta-indigena-reglamento-biocombustibles-solidos-convocatoria\">https:\/\/energia.gob.cl\/consulta-indigena-reglamento-biocombustibles-solidos-convocatoria<\/a>.<\/p>\n<\/div><\/section><\/div><div  style='height:50px' class='hr hr-invisible   avia-builder-el-6  el_after_av_one_full  el_before_av_social_share '><span class='hr-inner ' ><span class='hr-inner-style'><\/span><\/span><\/div><\/p>\n<div  class='av-social-sharing-box  avia-builder-el-7  el_after_av_hr  el_before_av_hr  '><div class='av-share-box'><h5 class='av-share-link-description av-no-toc '>Compartir esta noticia<\/h5><ul class='av-share-box-list noLightbox'><li class='av-share-link av-social-link-facebook' ><a target=\"_blank\" aria-label=\"Compartir en Facebook\" href='https:\/\/www.facebook.com\/sharer.php?u=https:\/\/radiorevelacionfm.cl\/?p=34681&#038;t=Invitan%20a%20participar%20en%20la%20Consulta%20Ind%C3%ADgena%20del%20Reglamento%20de%20la%20Ley%20de%20Biocombustibles%20S%C3%B3lidos' aria-hidden='false' data-av_icon='\ue8f3' data-av_iconfont='entypo-fontello' title='' data-avia-related-tooltip='Compartir en Facebook' rel=\"noopener\"><span class='avia_hidden_link_text'>Compartir en Facebook<\/span><\/a><\/li><li class='av-share-link av-social-link-twitter' ><a target=\"_blank\" aria-label=\"Compartir en Twitter\" href='https:\/\/twitter.com\/share?text=Invitan%20a%20participar%20en%20la%20Consulta%20Ind%C3%ADgena%20del%20Reglamento%20de%20la%20Ley%20de%20Biocombustibles%20S%C3%B3lidos&#038;url=https:\/\/radiorevelacionfm.cl\/?p=34681' aria-hidden='false' data-av_icon='\ue8f1' data-av_iconfont='entypo-fontello' title='' data-avia-related-tooltip='Compartir en Twitter' rel=\"noopener\"><span class='avia_hidden_link_text'>Compartir en Twitter<\/span><\/a><\/li><li class='av-share-link av-social-link-whatsapp' ><a target=\"_blank\" aria-label=\"Compartir en Whatsapp\" href='https:\/\/api.whatsapp.com\/send?text=https:\/\/radiorevelacionfm.cl\/?p=34681' aria-hidden='false' data-av_icon='\uf232' data-av_iconfont='entypo-fontello' title='' data-avia-related-tooltip='Compartir en Whatsapp' rel=\"noopener\"><span class='avia_hidden_link_text'>Compartir en Whatsapp<\/span><\/a><\/li><li class='av-share-link av-social-link-linkedin' ><a target=\"_blank\" aria-label=\"Compartir en LinkedIn\" href='https:\/\/linkedin.com\/shareArticle?mini=true&#038;title=Invitan%20a%20participar%20en%20la%20Consulta%20Ind%C3%ADgena%20del%20Reglamento%20de%20la%20Ley%20de%20Biocombustibles%20S%C3%B3lidos&#038;url=https:\/\/radiorevelacionfm.cl\/?p=34681' aria-hidden='false' data-av_icon='\ue8fc' data-av_iconfont='entypo-fontello' title='' data-avia-related-tooltip='Compartir en LinkedIn' rel=\"noopener\"><span class='avia_hidden_link_text'>Compartir en LinkedIn<\/span><\/a><\/li><li class='av-share-link av-social-link-mail' ><a  aria-label=\"Compartir por correo\" href='mailto:?subject=Invitan%20a%20participar%20en%20la%20Consulta%20Ind%C3%ADgena%20del%20Reglamento%20de%20la%20Ley%20de%20Biocombustibles%20S%C3%B3lidos&#038;body=https:\/\/radiorevelacionfm.cl\/?p=34681' aria-hidden='false' data-av_icon='\ue805' data-av_iconfont='entypo-fontello' title='' data-avia-related-tooltip='Compartir por correo'><span class='avia_hidden_link_text'>Compartir por correo<\/span><\/a><\/li><\/ul><\/div><\/div>\n<div  style='height:50px' class='hr hr-invisible   avia-builder-el-8  el_after_av_social_share  el_before_av_comments_list '><span class='hr-inner ' ><span class='hr-inner-style'><\/span><\/span><\/div>\n<div  class='av-buildercomment  av-blog-meta-html-info-disabled av-blog-meta-tag-disabled  '><\/div>\n","protected":false},"excerpt":{"rendered":"","protected":false},"author":1,"featured_media":34682,"comment_status":"open","ping_status":"open","sticky":false,"template":"","format":"standard","meta":{"footnotes":""},"categories":[38],"tags":[],"class_list":["post-34681","post","type-post","status-publish","format-standard","has-post-thumbnail","hentry","category-regional"],"jetpack_featured_media_url":"https:\/\/radiorevelacionfm.cl\/wp-content\/uploads\/2023\/09\/perfil-seremi4-1_optimized.jpg","_links":{"self":[{"href":"https:\/\/radiorevelacionfm.cl\/index.php?rest_route=\/wp\/v2\/posts\/34681","targetHints":{"allow":["GET"]}}],"collection":[{"href":"https:\/\/radiorevelacionfm.cl\/index.php?rest_route=\/wp\/v2\/posts"}],"about":[{"href":"https:\/\/radiorevelacionfm.cl\/index.php?rest_route=\/wp\/v2\/types\/post"}],"author":[{"embeddable":true,"href":"https:\/\/radiorevelacionfm.cl\/index.php?rest_route=\/wp\/v2\/users\/1"}],"replies":[{"embeddable":true,"href":"https:\/\/radiorevelacionfm.cl\/index.php?rest_route=%2Fwp%2Fv2%2Fcomments&post=34681"}],"version-history":[{"count":1,"href":"https:\/\/radiorevelacionfm.cl\/index.php?rest_route=\/wp\/v2\/posts\/34681\/revisions"}],"predecessor-version":[{"id":34683,"href":"https:\/\/radiorevelacionfm.cl\/index.php?rest_route=\/wp\/v2\/posts\/34681\/revisions\/34683"}],"wp:featuredmedia":[{"embeddable":true,"href":"https:\/\/radiorevelacionfm.cl\/index.php?rest_route=\/wp\/v2\/media\/34682"}],"wp:attachment":[{"href":"https:\/\/radiorevelacionfm.cl\/index.php?rest_route=%2Fwp%2Fv2%2Fmedia&parent=34681"}],"wp:term":[{"taxonomy":"category","embeddable":true,"href":"https:\/\/radiorevelacionfm.cl\/index.php?rest_route=%2Fwp%2Fv2%2Fcategories&post=34681"},{"taxonomy":"post_tag","embeddable":true,"href":"https:\/\/radiorevelacionfm.cl\/index.php?rest_route=%2Fwp%2Fv2%2Ftags&post=34681"}],"curies":[{"name":"wp","href":"https:\/\/api.w.org\/{rel}","templated":true}]}}