{"id":34677,"date":"2023-09-06T11:01:35","date_gmt":"2023-09-06T14:01:35","guid":{"rendered":"https:\/\/radiorevelacionfm.cl\/?p=34677"},"modified":"2023-09-06T11:01:35","modified_gmt":"2023-09-06T14:01:35","slug":"autoridades-regionales-y-comunidad-son-convocadas-este-fin-de-semana-por-el-avance-del-cesfam-de-puerto-aysen","status":"publish","type":"post","link":"https:\/\/radiorevelacionfm.cl\/?p=34677","title":{"rendered":"Autoridades regionales y comunidad son convocadas este fin de semana por el avance del Cesfam de Puerto Ays\u00e9n"},"content":{"rendered":"<div class=\"flex_column av_one_full  flex_column_div av-zero-column-padding first  avia-builder-el-0  el_before_av_one_full  avia-builder-el-first  \" style='border-radius:0px; '><div  class='avia-image-container  av-styling-    avia-builder-el-1  avia-builder-el-no-sibling  avia-align-center '  itemprop=\"image\" itemscope=\"itemscope\" itemtype=\"https:\/\/schema.org\/ImageObject\"  ><div class='avia-image-container-inner'><div class='avia-image-overlay-wrap'><img decoding=\"async\" class='wp-image-34679 avia-img-lazy-loading-not-34679 avia_image' src=\"https:\/\/radiorevelacionfm.cl\/wp-content\/uploads\/2023\/09\/Cesfam-Aysen1_optimized.jpg\" alt='' title='Cesfam Aysen(1)_optimized' height=\"600\" width=\"800\"  itemprop=\"thumbnailUrl\" srcset=\"https:\/\/radiorevelacionfm.cl\/wp-content\/uploads\/2023\/09\/Cesfam-Aysen1_optimized.jpg 800w, https:\/\/radiorevelacionfm.cl\/wp-content\/uploads\/2023\/09\/Cesfam-Aysen1_optimized-300x225.jpg 300w, https:\/\/radiorevelacionfm.cl\/wp-content\/uploads\/2023\/09\/Cesfam-Aysen1_optimized-768x576.jpg 768w, https:\/\/radiorevelacionfm.cl\/wp-content\/uploads\/2023\/09\/Cesfam-Aysen1_optimized-705x529.jpg 705w, https:\/\/radiorevelacionfm.cl\/wp-content\/uploads\/2023\/09\/Cesfam-Aysen1_optimized-450x338.jpg 450w, https:\/\/radiorevelacionfm.cl\/wp-content\/uploads\/2023\/09\/Cesfam-Aysen1_optimized-600x450.jpg 600w\" sizes=\"(max-width: 800px) 100vw, 800px\" \/><\/div><\/div><\/div><\/div><div class=\"flex_column av_one_full  flex_column_div av-zero-column-padding first  avia-builder-el-2  el_after_av_one_full  el_before_av_one_full  column-top-margin\" style='border-radius:0px; '><section class=\"av_textblock_section \"  itemscope=\"itemscope\" itemtype=\"https:\/\/schema.org\/BlogPosting\" itemprop=\"blogPost\" ><div class='avia_textblock  '   itemprop=\"text\" ><p style=\"text-align: center;\"><strong><span style=\"font-size: 18pt;\">Autoridades regionales y comunidad son convocadas este fin de semana por el avance del Cesfam de Puerto Ays\u00e9n<\/span><\/strong><\/p>\n<div id=\"gtx-trans\" style=\"position: absolute; left: -50px; top: 4.31534px;\">\n<div class=\"gtx-trans-icon\"><\/div>\n<\/div>\n<\/div><\/section><\/div><div class=\"flex_column av_one_full  flex_column_div av-zero-column-padding first  avia-builder-el-4  el_after_av_one_full  el_before_av_hr  column-top-margin\" style='border-radius:0px; '><section class=\"av_textblock_section \"  itemscope=\"itemscope\" itemtype=\"https:\/\/schema.org\/BlogPosting\" itemprop=\"blogPost\" ><div class='avia_textblock  '   itemprop=\"text\" ><p style=\"text-align: justify;\">Con el objetivo de obtener una respuesta concreta sobre la eventual determinaci\u00f3n adoptada por el Servicio de Salud de Ays\u00e9n que conduce a la salida de la Dra. Milenka Adofacci Zamora del Centro de Salud Familiar de Puerto Ays\u00e9n, qued\u00f3 establecido para el pr\u00f3ximo s\u00e1bado 09 de septiembre desde las 16:00 horas en la Sede del sector Pedro Aguirre Cerda la instancia que busca congregar a las autoridades regionales electas y designadas de gobierno, as\u00ed como tambi\u00e9n, a la defendida directora para revisar el destino del principal establecimiento de salud en la comuna porte\u00f1a. De igual manera, defender los avances obtenidos en la gesti\u00f3n y que se ver\u00edan mermados en la actualidad.<\/p>\n<p style=\"text-align: justify;\">Al respecto, Alicia Ru\u00edz, dirigente social de Puerto Chacabuco explic\u00f3 que \u201csi ellos est\u00e1n por pol\u00edtica en salud a nivel regional, bueno, muevan los palillos para este lado tambi\u00e9n, no se queden sentaditos\u201d. Enfatizando que \u201cya nos cansamos. Realmente ellos esperan que nosotros nos tomemos las carreteras.\u00a0 A m\u00ed me da lo mismo tomarme la carretera.\u00a0 A m\u00ed me da lo mismo que me detengan una vez m\u00e1s y el se\u00f1or Calixto que se presente tambi\u00e9n, el se\u00f1or Alinco, la se\u00f1ora Marcia (Raphael), porque ellos fueron muy buenos para andar pidiendo voto a la comunidad, porque aqu\u00ed todos votamos por alguien. Ellos tienen que ser part\u00edcipes de la salud porque estamos en una salud del Estado y el Estado tiene que responder por nosotros hoy en d\u00eda\u201d.<\/p>\n<p style=\"text-align: justify;\">Por su parte, Rosa Ch\u00e1vez Nitor, se\u00f1al\u00f3 que a\u00fan no poseen una respuesta desde la entrega de las m\u00e1s de 300 firmas al Servicio de Salud por lo que, en la reuni\u00f3n que convocan para este fin de semana esperan contar con todas las autoridades y as\u00ed tambi\u00e9n, con la presencia de la Dra. Adofacci, para que \u201ccon la comunidad vayamos a enterarnos o a trabajar en lo que va a ser de aqu\u00ed en adelante esto.\u00a0 Queremos que se trabaje limpiamente, dig\u00e1moslo as\u00ed, fuera de estas cocinas de los partidos pol\u00edticos. Queremos que nos digan ah\u00ed, porque al parecer ya habr\u00edan otros para el puesto\u201d.<\/p>\n<p style=\"text-align: justify;\">Finalmente, el vecino de la ciudad de Puerto Ays\u00e9n, V\u00edctor Y\u00e1\u00f1ez, coment\u00f3 que \u201cse han hecho las gestiones con las personas en t\u00e9rminos de juntar firmas para apoyar la gesti\u00f3n que ha tenido la doctora Adofacci. Consideramos que se ha esperado un tiempo muy prudente en el cual, a\u00fan no ha existido contestaciones, ni respuestas claras acerca de c\u00f3mo va a ser la continuidad de este CESFAM. No la continuidad, sabemos que f\u00edsicamente est\u00e1 el CESFAM, pero c\u00f3mo va a ser hoy d\u00eda fuera de lo que se hab\u00eda hecho durante la presencia de esta doctora\u201d, sentenci\u00f3 Ya\u00f1ez.<\/p>\n<\/div><\/section><\/div><div  style='height:50px' class='hr hr-invisible   avia-builder-el-6  el_after_av_one_full  el_before_av_social_share '><span class='hr-inner ' ><span class='hr-inner-style'><\/span><\/span><\/div><\/p>\n<div  class='av-social-sharing-box  avia-builder-el-7  el_after_av_hr  el_before_av_hr  '><div class='av-share-box'><h5 class='av-share-link-description av-no-toc '>Compartir esta noticia<\/h5><ul class='av-share-box-list noLightbox'><li class='av-share-link av-social-link-facebook' ><a target=\"_blank\" aria-label=\"Compartir en Facebook\" href='https:\/\/www.facebook.com\/sharer.php?u=https:\/\/radiorevelacionfm.cl\/?p=34677&#038;t=Autoridades%20regionales%20y%20comunidad%20son%20convocadas%20este%20fin%20de%20semana%20por%20el%20avance%20del%20Cesfam%20de%20Puerto%20Ays%C3%A9n' aria-hidden='false' data-av_icon='\ue8f3' data-av_iconfont='entypo-fontello' title='' data-avia-related-tooltip='Compartir en Facebook' rel=\"noopener\"><span class='avia_hidden_link_text'>Compartir en Facebook<\/span><\/a><\/li><li class='av-share-link av-social-link-twitter' ><a target=\"_blank\" aria-label=\"Compartir en Twitter\" href='https:\/\/twitter.com\/share?text=Autoridades%20regionales%20y%20comunidad%20son%20convocadas%20este%20fin%20de%20semana%20por%20el%20avance%20del%20Cesfam%20de%20Puerto%20Ays%C3%A9n&#038;url=https:\/\/radiorevelacionfm.cl\/?p=34677' aria-hidden='false' data-av_icon='\ue8f1' data-av_iconfont='entypo-fontello' title='' data-avia-related-tooltip='Compartir en Twitter' rel=\"noopener\"><span class='avia_hidden_link_text'>Compartir en Twitter<\/span><\/a><\/li><li class='av-share-link av-social-link-whatsapp' ><a target=\"_blank\" aria-label=\"Compartir en Whatsapp\" href='https:\/\/api.whatsapp.com\/send?text=https:\/\/radiorevelacionfm.cl\/?p=34677' aria-hidden='false' data-av_icon='\uf232' data-av_iconfont='entypo-fontello' title='' data-avia-related-tooltip='Compartir en Whatsapp' rel=\"noopener\"><span class='avia_hidden_link_text'>Compartir en Whatsapp<\/span><\/a><\/li><li class='av-share-link av-social-link-linkedin' ><a target=\"_blank\" aria-label=\"Compartir en LinkedIn\" href='https:\/\/linkedin.com\/shareArticle?mini=true&#038;title=Autoridades%20regionales%20y%20comunidad%20son%20convocadas%20este%20fin%20de%20semana%20por%20el%20avance%20del%20Cesfam%20de%20Puerto%20Ays%C3%A9n&#038;url=https:\/\/radiorevelacionfm.cl\/?p=34677' aria-hidden='false' data-av_icon='\ue8fc' data-av_iconfont='entypo-fontello' title='' data-avia-related-tooltip='Compartir en LinkedIn' rel=\"noopener\"><span class='avia_hidden_link_text'>Compartir en LinkedIn<\/span><\/a><\/li><li class='av-share-link av-social-link-mail' ><a  aria-label=\"Compartir por correo\" href='mailto:?subject=Autoridades%20regionales%20y%20comunidad%20son%20convocadas%20este%20fin%20de%20semana%20por%20el%20avance%20del%20Cesfam%20de%20Puerto%20Ays%C3%A9n&#038;body=https:\/\/radiorevelacionfm.cl\/?p=34677' aria-hidden='false' data-av_icon='\ue805' data-av_iconfont='entypo-fontello' title='' data-avia-related-tooltip='Compartir por correo'><span class='avia_hidden_link_text'>Compartir por correo<\/span><\/a><\/li><\/ul><\/div><\/div>\n<div  style='height:50px' class='hr hr-invisible   avia-builder-el-8  el_after_av_social_share  el_before_av_comments_list '><span class='hr-inner ' ><span class='hr-inner-style'><\/span><\/span><\/div>\n<div  class='av-buildercomment  av-blog-meta-html-info-disabled av-blog-meta-tag-disabled  '><\/div>\n","protected":false},"excerpt":{"rendered":"","protected":false},"author":1,"featured_media":34679,"comment_status":"open","ping_status":"open","sticky":false,"template":"","format":"standard","meta":{"footnotes":""},"categories":[46],"tags":[],"class_list":["post-34677","post","type-post","status-publish","format-standard","has-post-thumbnail","hentry","category-salud"],"jetpack_featured_media_url":"https:\/\/radiorevelacionfm.cl\/wp-content\/uploads\/2023\/09\/Cesfam-Aysen1_optimized.jpg","_links":{"self":[{"href":"https:\/\/radiorevelacionfm.cl\/index.php?rest_route=\/wp\/v2\/posts\/34677","targetHints":{"allow":["GET"]}}],"collection":[{"href":"https:\/\/radiorevelacionfm.cl\/index.php?rest_route=\/wp\/v2\/posts"}],"about":[{"href":"https:\/\/radiorevelacionfm.cl\/index.php?rest_route=\/wp\/v2\/types\/post"}],"author":[{"embeddable":true,"href":"https:\/\/radiorevelacionfm.cl\/index.php?rest_route=\/wp\/v2\/users\/1"}],"replies":[{"embeddable":true,"href":"https:\/\/radiorevelacionfm.cl\/index.php?rest_route=%2Fwp%2Fv2%2Fcomments&post=34677"}],"version-history":[{"count":1,"href":"https:\/\/radiorevelacionfm.cl\/index.php?rest_route=\/wp\/v2\/posts\/34677\/revisions"}],"predecessor-version":[{"id":34680,"href":"https:\/\/radiorevelacionfm.cl\/index.php?rest_route=\/wp\/v2\/posts\/34677\/revisions\/34680"}],"wp:featuredmedia":[{"embeddable":true,"href":"https:\/\/radiorevelacionfm.cl\/index.php?rest_route=\/wp\/v2\/media\/34679"}],"wp:attachment":[{"href":"https:\/\/radiorevelacionfm.cl\/index.php?rest_route=%2Fwp%2Fv2%2Fmedia&parent=34677"}],"wp:term":[{"taxonomy":"category","embeddable":true,"href":"https:\/\/radiorevelacionfm.cl\/index.php?rest_route=%2Fwp%2Fv2%2Fcategories&post=34677"},{"taxonomy":"post_tag","embeddable":true,"href":"https:\/\/radiorevelacionfm.cl\/index.php?rest_route=%2Fwp%2Fv2%2Ftags&post=34677"}],"curies":[{"name":"wp","href":"https:\/\/api.w.org\/{rel}","templated":true}]}}