{"id":34674,"date":"2023-09-06T09:01:36","date_gmt":"2023-09-06T12:01:36","guid":{"rendered":"https:\/\/radiorevelacionfm.cl\/?p=34674"},"modified":"2023-09-06T09:01:36","modified_gmt":"2023-09-06T12:01:36","slug":"entre-seminarios-y-talleres-gobierno-regional-lanza-fondos-concursables-para-cooperativas","status":"publish","type":"post","link":"https:\/\/radiorevelacionfm.cl\/?p=34674","title":{"rendered":"Entre seminarios y talleres: Gobierno Regional lanza fondos concursables para cooperativas"},"content":{"rendered":"<div class=\"flex_column av_one_full  flex_column_div av-zero-column-padding first  avia-builder-el-0  el_before_av_one_full  avia-builder-el-first  \" style='border-radius:0px; '><div  class='avia-image-container  av-styling-    avia-builder-el-1  avia-builder-el-no-sibling  avia-align-center '  itemprop=\"image\" itemscope=\"itemscope\" itemtype=\"https:\/\/schema.org\/ImageObject\"  ><div class='avia-image-container-inner'><div class='avia-image-overlay-wrap'><img decoding=\"async\" class='wp-image-34675 avia-img-lazy-loading-not-34675 avia_image' src=\"https:\/\/radiorevelacionfm.cl\/wp-content\/uploads\/2023\/09\/cooperativas-4-1-1.jpeg\" alt='' title='cooperativas 4 (1) (1)' height=\"600\" width=\"1067\"  itemprop=\"thumbnailUrl\" srcset=\"https:\/\/radiorevelacionfm.cl\/wp-content\/uploads\/2023\/09\/cooperativas-4-1-1.jpeg 1067w, https:\/\/radiorevelacionfm.cl\/wp-content\/uploads\/2023\/09\/cooperativas-4-1-1-300x169.jpeg 300w, https:\/\/radiorevelacionfm.cl\/wp-content\/uploads\/2023\/09\/cooperativas-4-1-1-1030x579.jpeg 1030w, https:\/\/radiorevelacionfm.cl\/wp-content\/uploads\/2023\/09\/cooperativas-4-1-1-768x432.jpeg 768w, https:\/\/radiorevelacionfm.cl\/wp-content\/uploads\/2023\/09\/cooperativas-4-1-1-705x396.jpeg 705w, https:\/\/radiorevelacionfm.cl\/wp-content\/uploads\/2023\/09\/cooperativas-4-1-1-450x253.jpeg 450w, https:\/\/radiorevelacionfm.cl\/wp-content\/uploads\/2023\/09\/cooperativas-4-1-1-600x337.jpeg 600w\" sizes=\"(max-width: 1067px) 100vw, 1067px\" \/><\/div><\/div><\/div><\/div><div class=\"flex_column av_one_full  flex_column_div av-zero-column-padding first  avia-builder-el-2  el_after_av_one_full  el_before_av_one_full  column-top-margin\" style='border-radius:0px; '><section class=\"av_textblock_section \"  itemscope=\"itemscope\" itemtype=\"https:\/\/schema.org\/BlogPosting\" itemprop=\"blogPost\" ><div class='avia_textblock  '   itemprop=\"text\" ><p style=\"text-align: center;\"><strong><span style=\"font-size: 18pt;\">Entre seminarios y talleres: Gobierno Regional lanza fondos concursables para cooperativas<\/span><\/strong><\/p>\n<div id=\"gtx-trans\" style=\"position: absolute; left: -50px; top: 4.31534px;\">\n<div class=\"gtx-trans-icon\"><\/div>\n<\/div>\n<\/div><\/section><\/div><div class=\"flex_column av_one_full  flex_column_div av-zero-column-padding first  avia-builder-el-4  el_after_av_one_full  el_before_av_hr  column-top-margin\" style='border-radius:0px; '><section class=\"av_textblock_section \"  itemscope=\"itemscope\" itemtype=\"https:\/\/schema.org\/BlogPosting\" itemprop=\"blogPost\" ><div class='avia_textblock  '   itemprop=\"text\" ><p dir=\"ltr\" style=\"text-align: justify;\">Este martes 5 de septiembre se llev\u00f3 a cabo un seminario de cooperativas en el hall del Gobierno Regional en la ciudad de Coyhaique, una actividad realizada en conjunto entre el Ejecutivo de Ays\u00e9n y la Secretar\u00eda Regional Ministerial (Seremi) de Econom\u00eda, en el marco de una semana dedicada a este tipo de organizaciones que dio inicio con el lanzamiento de dos l\u00edneas de financiamiento del GORE: \u00abCooperativas para Ays\u00e9n\u00bb y \u00abFortalece Cooperativas Ays\u00e9n\u00bb.<\/p>\n<p dir=\"ltr\" style=\"text-align: justify;\">Estos fondos, que son parte del programa \u00abFortalece y Reactiva\u00bb del Gobierno Regional de Ays\u00e9n, ejecutado por la Fundaci\u00f3n de Desarrollo Educacional y Tecnol\u00f3gico de La Araucan\u00eda (FUDEA UFRO), est\u00e1n orientados a fomentar tanto la creaci\u00f3n de cooperativas como el apoyo para su crecimiento y desarrollo.<\/p>\n<p dir=\"ltr\" style=\"text-align: justify;\">\u00abNos interesa poder fortalecer las cadenas productivas en nuestra regi\u00f3n. Sabemos que en el mundo rural, y sobre todo en localidades m\u00e1s apartadas, siempre es complejo poder llevar adelante procesos productivos, por ello, en la medida en que seamos capaces de trabajar entre m\u00e1s personas y de manera colaborativa en estos sistemas, vamos a poder salir adelante con estas iniciativas y as\u00ed generar un mayor movimiento tambi\u00e9n en la econom\u00eda de nuestra regi\u00f3n\u00bb, afirm\u00f3 la Gobernadora Regional de Ays\u00e9n, Andrea Mac\u00edas Palma.<\/p>\n<p dir=\"ltr\" style=\"text-align: justify;\">As\u00ed, quienes asistieron durante la jornada matutina al edificio del GORE en calle Ej\u00e9rcito, pudieron informarse sobre estos fondos y adem\u00e1s escuchar a distintos expositores que hablaron sobre el sistema de cooperativas, desde su definici\u00f3n y concepci\u00f3n hasta el futuro sustentable de la econom\u00eda a nivel regional y nacional, donde se espera que este modelo de negocios ocupe un lugar fundamental. Finalmente, durante la tarde las y los invitados tuvieron un taller para profundizar de manera participativa estos conocimientos.<\/p>\n<p dir=\"ltr\" style=\"text-align: justify;\">\u00abEl Presidente Gabriel Boric nos invita a fortalecer la descentralizaci\u00f3n, apoyar el desarrollo sostenible de las regiones, y en ese sentido el mundo de las cooperativas es una oportunidad de desarrollo econ\u00f3mico para las regiones, as\u00ed como hay otros instrumentos: el apoyo a la inversi\u00f3n privada y la propia inversi\u00f3n p\u00fablica (&#8230;) hay m\u00faltiples servicios que intentan o avanzan en el desarrollo de las cooperativas, pero en un contexto asociativo, nosotros nos hemos reunido para ver qu\u00e9 podemos hacer en conjunto\u00bb, explic\u00f3 el Seremi de Econom\u00eda, Felipe Rojas.<\/p>\n<p dir=\"ltr\" style=\"text-align: justify;\">\u00abCooperativas para Ays\u00e9n\u00bb est\u00e1 dise\u00f1ado para la creaci\u00f3n y formalizaci\u00f3n de cooperativas en la regi\u00f3n, con un monto m\u00e1ximo de financiamiento de hasta 10 millones de pesos para los emprendimientos que se adjudiquen el concurso, mientras que \u00abFortalece Cooperativas Ays\u00e9n\u00bb apoya al desarrollo de estas empresas que ya realizan sus actividades en la regi\u00f3n, y contempla un monto total de hasta 8 millones de pesos para entregar a cada empresa seleccionada.<\/p>\n<p dir=\"ltr\" style=\"text-align: justify;\">Ambas l\u00edneas abrieron sus postulaciones este 5 de septiembre y estar\u00e1n abiertas hasta el 6 de octubre pr\u00f3ximo, y sirven para financiar: acciones de gesti\u00f3n empresarial y formaci\u00f3n, inversi\u00f3n en activos fijos, habilitaci\u00f3n de infraestructura y capital de trabajo.<\/p>\n<p dir=\"ltr\" style=\"text-align: justify;\">\u00abNosotros como FUDEA UFRO tenemos cinco cupos a nivel regional para crear cooperativas y cinco cupos para fortalecer cooperativas. Estamos en cada parte de la regi\u00f3n, en cada provincia, tenemos cubierto todo el territorio y estamos terminando con lo que es &#8216;Fortalece Mipe&#8217;. Entonces, de la misma forma vamos a llegar a las cooperativas. La idea es llegar a todo el territorio\u00bb, enfatiz\u00f3 la supervisora de la Provincia de General Carrera, Jessy Vargas.<\/p>\n<\/div><\/section><\/div><div  style='height:50px' class='hr hr-invisible   avia-builder-el-6  el_after_av_one_full  el_before_av_social_share '><span class='hr-inner ' ><span class='hr-inner-style'><\/span><\/span><\/div><\/p>\n<div  class='av-social-sharing-box  avia-builder-el-7  el_after_av_hr  el_before_av_hr  '><div class='av-share-box'><h5 class='av-share-link-description av-no-toc '>Compartir esta noticia<\/h5><ul class='av-share-box-list noLightbox'><li class='av-share-link av-social-link-facebook' ><a target=\"_blank\" aria-label=\"Compartir en Facebook\" href='https:\/\/www.facebook.com\/sharer.php?u=https:\/\/radiorevelacionfm.cl\/?p=34674&#038;t=Entre%20seminarios%20y%20talleres%3A%20Gobierno%20Regional%20lanza%20fondos%20concursables%20para%20cooperativas' aria-hidden='false' data-av_icon='\ue8f3' data-av_iconfont='entypo-fontello' title='' data-avia-related-tooltip='Compartir en Facebook' rel=\"noopener\"><span class='avia_hidden_link_text'>Compartir en Facebook<\/span><\/a><\/li><li class='av-share-link av-social-link-twitter' ><a target=\"_blank\" aria-label=\"Compartir en Twitter\" href='https:\/\/twitter.com\/share?text=Entre%20seminarios%20y%20talleres%3A%20Gobierno%20Regional%20lanza%20fondos%20concursables%20para%20cooperativas&#038;url=https:\/\/radiorevelacionfm.cl\/?p=34674' aria-hidden='false' data-av_icon='\ue8f1' data-av_iconfont='entypo-fontello' title='' data-avia-related-tooltip='Compartir en Twitter' rel=\"noopener\"><span class='avia_hidden_link_text'>Compartir en Twitter<\/span><\/a><\/li><li class='av-share-link av-social-link-whatsapp' ><a target=\"_blank\" aria-label=\"Compartir en Whatsapp\" href='https:\/\/api.whatsapp.com\/send?text=https:\/\/radiorevelacionfm.cl\/?p=34674' aria-hidden='false' data-av_icon='\uf232' data-av_iconfont='entypo-fontello' title='' data-avia-related-tooltip='Compartir en Whatsapp' rel=\"noopener\"><span class='avia_hidden_link_text'>Compartir en Whatsapp<\/span><\/a><\/li><li class='av-share-link av-social-link-linkedin' ><a target=\"_blank\" aria-label=\"Compartir en LinkedIn\" href='https:\/\/linkedin.com\/shareArticle?mini=true&#038;title=Entre%20seminarios%20y%20talleres%3A%20Gobierno%20Regional%20lanza%20fondos%20concursables%20para%20cooperativas&#038;url=https:\/\/radiorevelacionfm.cl\/?p=34674' aria-hidden='false' data-av_icon='\ue8fc' data-av_iconfont='entypo-fontello' title='' data-avia-related-tooltip='Compartir en LinkedIn' rel=\"noopener\"><span class='avia_hidden_link_text'>Compartir en LinkedIn<\/span><\/a><\/li><li class='av-share-link av-social-link-mail' ><a  aria-label=\"Compartir por correo\" href='mailto:?subject=Entre%20seminarios%20y%20talleres%3A%20Gobierno%20Regional%20lanza%20fondos%20concursables%20para%20cooperativas&#038;body=https:\/\/radiorevelacionfm.cl\/?p=34674' aria-hidden='false' data-av_icon='\ue805' data-av_iconfont='entypo-fontello' title='' data-avia-related-tooltip='Compartir por correo'><span class='avia_hidden_link_text'>Compartir por correo<\/span><\/a><\/li><\/ul><\/div><\/div>\n<div  style='height:50px' class='hr hr-invisible   avia-builder-el-8  el_after_av_social_share  el_before_av_comments_list '><span class='hr-inner ' ><span class='hr-inner-style'><\/span><\/span><\/div>\n<div  class='av-buildercomment  av-blog-meta-html-info-disabled av-blog-meta-tag-disabled  '><\/div>\n","protected":false},"excerpt":{"rendered":"","protected":false},"author":1,"featured_media":34675,"comment_status":"open","ping_status":"open","sticky":false,"template":"","format":"standard","meta":{"footnotes":""},"categories":[38],"tags":[],"class_list":["post-34674","post","type-post","status-publish","format-standard","has-post-thumbnail","hentry","category-regional"],"jetpack_featured_media_url":"https:\/\/radiorevelacionfm.cl\/wp-content\/uploads\/2023\/09\/cooperativas-4-1-1.jpeg","_links":{"self":[{"href":"https:\/\/radiorevelacionfm.cl\/index.php?rest_route=\/wp\/v2\/posts\/34674","targetHints":{"allow":["GET"]}}],"collection":[{"href":"https:\/\/radiorevelacionfm.cl\/index.php?rest_route=\/wp\/v2\/posts"}],"about":[{"href":"https:\/\/radiorevelacionfm.cl\/index.php?rest_route=\/wp\/v2\/types\/post"}],"author":[{"embeddable":true,"href":"https:\/\/radiorevelacionfm.cl\/index.php?rest_route=\/wp\/v2\/users\/1"}],"replies":[{"embeddable":true,"href":"https:\/\/radiorevelacionfm.cl\/index.php?rest_route=%2Fwp%2Fv2%2Fcomments&post=34674"}],"version-history":[{"count":1,"href":"https:\/\/radiorevelacionfm.cl\/index.php?rest_route=\/wp\/v2\/posts\/34674\/revisions"}],"predecessor-version":[{"id":34676,"href":"https:\/\/radiorevelacionfm.cl\/index.php?rest_route=\/wp\/v2\/posts\/34674\/revisions\/34676"}],"wp:featuredmedia":[{"embeddable":true,"href":"https:\/\/radiorevelacionfm.cl\/index.php?rest_route=\/wp\/v2\/media\/34675"}],"wp:attachment":[{"href":"https:\/\/radiorevelacionfm.cl\/index.php?rest_route=%2Fwp%2Fv2%2Fmedia&parent=34674"}],"wp:term":[{"taxonomy":"category","embeddable":true,"href":"https:\/\/radiorevelacionfm.cl\/index.php?rest_route=%2Fwp%2Fv2%2Fcategories&post=34674"},{"taxonomy":"post_tag","embeddable":true,"href":"https:\/\/radiorevelacionfm.cl\/index.php?rest_route=%2Fwp%2Fv2%2Ftags&post=34674"}],"curies":[{"name":"wp","href":"https:\/\/api.w.org\/{rel}","templated":true}]}}