{"id":34668,"date":"2023-09-05T20:05:45","date_gmt":"2023-09-05T23:05:45","guid":{"rendered":"https:\/\/radiorevelacionfm.cl\/?p=34668"},"modified":"2023-09-05T20:05:45","modified_gmt":"2023-09-05T23:05:45","slug":"loberias-del-sur-lanzo-la-version-numero-10-de-su-programa-conozco-mi-region","status":"publish","type":"post","link":"https:\/\/radiorevelacionfm.cl\/?p=34668","title":{"rendered":"Lober\u00edas del Sur lanz\u00f3 la versi\u00f3n n\u00famero 10 de su programa \u201cConozco mi Regi\u00f3n\u201d"},"content":{"rendered":"<div class=\"flex_column av_one_full  flex_column_div av-zero-column-padding first  avia-builder-el-0  el_before_av_one_full  avia-builder-el-first  \" style='border-radius:0px; '><div  class='avia-image-container  av-styling-    avia-builder-el-1  avia-builder-el-no-sibling  avia-align-center '  itemprop=\"image\" itemscope=\"itemscope\" itemtype=\"https:\/\/schema.org\/ImageObject\"  ><div class='avia-image-container-inner'><div class='avia-image-overlay-wrap'><img decoding=\"async\" class='wp-image-15869 avia-img-lazy-loading-not-15869 avia_image' src=\"https:\/\/radiorevelacionfm.cl\/wp-content\/uploads\/2022\/04\/Laguna-San-Rafael-1.jpg\" alt='' title='Laguna San Rafael (1)' height=\"600\" width=\"800\"  itemprop=\"thumbnailUrl\" srcset=\"https:\/\/radiorevelacionfm.cl\/wp-content\/uploads\/2022\/04\/Laguna-San-Rafael-1.jpg 800w, https:\/\/radiorevelacionfm.cl\/wp-content\/uploads\/2022\/04\/Laguna-San-Rafael-1-300x225.jpg 300w, https:\/\/radiorevelacionfm.cl\/wp-content\/uploads\/2022\/04\/Laguna-San-Rafael-1-768x576.jpg 768w, https:\/\/radiorevelacionfm.cl\/wp-content\/uploads\/2022\/04\/Laguna-San-Rafael-1-705x529.jpg 705w, https:\/\/radiorevelacionfm.cl\/wp-content\/uploads\/2022\/04\/Laguna-San-Rafael-1-600x450.jpg 600w\" sizes=\"(max-width: 800px) 100vw, 800px\" \/><\/div><\/div><\/div><\/div><div class=\"flex_column av_one_full  flex_column_div av-zero-column-padding first  avia-builder-el-2  el_after_av_one_full  el_before_av_one_full  column-top-margin\" style='border-radius:0px; '><section class=\"av_textblock_section \"  itemscope=\"itemscope\" itemtype=\"https:\/\/schema.org\/BlogPosting\" itemprop=\"blogPost\" ><div class='avia_textblock  '   itemprop=\"text\" ><p style=\"text-align: center;\"><strong><span style=\"font-size: 18pt;\">Lober\u00edas del Sur lanz\u00f3 la versi\u00f3n n\u00famero 10 de su programa \u201cConozco mi Regi\u00f3n\u201d<\/span><\/strong><\/p>\n<div id=\"gtx-trans\" style=\"position: absolute; left: -50px; top: 4.31534px;\">\n<div class=\"gtx-trans-icon\"><\/div>\n<\/div>\n<\/div><\/section><\/div><div class=\"flex_column av_one_full  flex_column_div av-zero-column-padding first  avia-builder-el-4  el_after_av_one_full  el_before_av_hr  column-top-margin\" style='border-radius:0px; '><section class=\"av_textblock_section \"  itemscope=\"itemscope\" itemtype=\"https:\/\/schema.org\/BlogPosting\" itemprop=\"blogPost\" ><div class='avia_textblock  '   itemprop=\"text\" ><p style=\"text-align: justify;\"><em>La instancia de interacci\u00f3n con la comunidad va dirigida a establecimientos educacionales de la comuna, donde los estudiantes tienen actividades educativas y extraescolares en torno la belleza esc\u00e9nica de la regi\u00f3n, que en esta oportunidad culmina con un viaje a la Laguna San Rafael.<\/em><\/p>\n<p style=\"text-align: justify;\">En dependencias de su hotel ubicado en Puerto Chacabuco, Lober\u00edas del Sur realiz\u00f3 el lanzamiento de la versi\u00f3n n\u00famero 10 de su programa \u201cConozco mi Regi\u00f3n\u201d, oportunidad en la que estuvieron los protagonistas de esta iniciativa, los colegios de la comuna de Ays\u00e9n que este a\u00f1o ser\u00e1n parte de una experiencia educativa y extraescolar, que pone en valor la belleza esc\u00e9nica de la regi\u00f3n de Ays\u00e9n.<\/p>\n<p style=\"text-align: justify;\">Este programa pretende cada vez m\u00e1s vincular a la entidad privada con la comunidad, tal como se desprende de las palabras del gerente de la divisi\u00f3n de turismo de Detroit, Rodrigo Bravo.<\/p>\n<p style=\"text-align: justify;\">\u201cEs un programa que desarrollamos hace ya diez a\u00f1os, lo hacemos con los ni\u00f1os de la regi\u00f3n, parti\u00f3 como una iniciativa buscando la vinculaci\u00f3n con la comunidad, con los ni\u00f1os, para que ellos realmente conocieran su regi\u00f3n, conocieran lo que nosotros hacemos. Es as\u00ed que, en estos diez a\u00f1os hemos ido incorporando temas formativos para los alumnos, por ello, muy contentos porque esto permite nuestra vinculaci\u00f3n, en particular de nuestro equipo de gu\u00edas, que son quienes dirigen el programa. De esta forma pueden relacionar y mostrar su trabajo con los ni\u00f1os y estudiantes de los colegios de la regi\u00f3n\u201d.<\/p>\n<p style=\"text-align: justify;\">Para el Alcalde de la comuna de Ays\u00e9n, Julio Uribe Alvarado, estas instancias permiten desarrollar \u00e1reas tan importantes como el turismo, mediante la motivaci\u00f3n a los estudiantes que se interesan por este tema.<\/p>\n<p style=\"text-align: justify;\">\u201cMotivarlos a la industria tur\u00edstica, a la industria sin chimenea, creo que es muy importante el desarrollo que podemos tener nosotros en el turismo a trav\u00e9s de la motivaci\u00f3n de nuestros j\u00f3venes, de ense\u00f1arles a cuidar la naturaleza, de potenciarla y que conozcan m\u00e1s de su bosque siempre verde, que es una de las tem\u00e1ticas de este a\u00f1o. Pero, adem\u00e1s, que conozcan el parque Laguna San Rafael, tambi\u00e9n pasa a ser un tremendo atractivo, ya que, la gran mayor\u00eda de ellos no lo conoce. Es importante que conozcamos la comuna y a trav\u00e9s de estas instancias que nos entrega la empresa privada como Lober\u00edas del Sur, hace momentos especiales en la atenci\u00f3n que le brindan a nuestros escolares\u201d.<\/p>\n<p style=\"text-align: justify;\">Estudiantes de s\u00e9ptimo y octavo de la escuela Almirante Simpson de Puerto Chacabuco han sido invitados para ser parte del programa \u201cConozco mi Regi\u00f3n\u201d, algo que relev\u00f3 la profesora de Ciencias del establecimiento, Evelyn Navarro.<\/p>\n<p style=\"text-align: justify;\">\u201cEste a\u00f1o invitaron al s\u00e9ptimo y al octavo, estamos muy felices como establecimiento de poder participar en el programa, tambi\u00e9n es nuestro eje ambiental del colegio, este a\u00f1o estamos postulando a la certificaci\u00f3n ambiental a nivel nacional y uno de nuestros ejes es el cuidado al medio ambiente. Estamos felices de poder formar parte y que los ni\u00f1os tengan esta oportunidad de conocer el parque Aiken, tambi\u00e9n laguna San Rafael y aprender m\u00e1s sobre estos temas\u201d.<\/p>\n<p style=\"text-align: justify;\">A la ceremonia de inicio del programa \u201cConozco mi Regi\u00f3n\u201d de Lober\u00edas del Sur, asistieron autoridades regionales, provinciales y comunales, colegios beneficiados, representantes de la empresa y los gu\u00edas a cargo de ejecutar la iniciativa en su versi\u00f3n 2023.<\/p>\n<\/div><\/section><\/div><div  style='height:50px' class='hr hr-invisible   avia-builder-el-6  el_after_av_one_full  el_before_av_social_share '><span class='hr-inner ' ><span class='hr-inner-style'><\/span><\/span><\/div><\/p>\n<div  class='av-social-sharing-box  avia-builder-el-7  el_after_av_hr  el_before_av_hr  '><div class='av-share-box'><h5 class='av-share-link-description av-no-toc '>Compartir esta noticia<\/h5><ul class='av-share-box-list noLightbox'><li class='av-share-link av-social-link-facebook' ><a target=\"_blank\" aria-label=\"Compartir en Facebook\" href='https:\/\/www.facebook.com\/sharer.php?u=https:\/\/radiorevelacionfm.cl\/?p=34668&#038;t=Lober%C3%ADas%20del%20Sur%20lanz%C3%B3%20la%20versi%C3%B3n%20n%C3%BAmero%2010%20de%20su%20programa%20%E2%80%9CConozco%20mi%20Regi%C3%B3n%E2%80%9D' aria-hidden='false' data-av_icon='\ue8f3' data-av_iconfont='entypo-fontello' title='' data-avia-related-tooltip='Compartir en Facebook' rel=\"noopener\"><span class='avia_hidden_link_text'>Compartir en Facebook<\/span><\/a><\/li><li class='av-share-link av-social-link-twitter' ><a target=\"_blank\" aria-label=\"Compartir en Twitter\" href='https:\/\/twitter.com\/share?text=Lober%C3%ADas%20del%20Sur%20lanz%C3%B3%20la%20versi%C3%B3n%20n%C3%BAmero%2010%20de%20su%20programa%20%E2%80%9CConozco%20mi%20Regi%C3%B3n%E2%80%9D&#038;url=https:\/\/radiorevelacionfm.cl\/?p=34668' aria-hidden='false' data-av_icon='\ue8f1' data-av_iconfont='entypo-fontello' title='' data-avia-related-tooltip='Compartir en Twitter' rel=\"noopener\"><span class='avia_hidden_link_text'>Compartir en Twitter<\/span><\/a><\/li><li class='av-share-link av-social-link-whatsapp' ><a target=\"_blank\" aria-label=\"Compartir en Whatsapp\" href='https:\/\/api.whatsapp.com\/send?text=https:\/\/radiorevelacionfm.cl\/?p=34668' aria-hidden='false' data-av_icon='\uf232' data-av_iconfont='entypo-fontello' title='' data-avia-related-tooltip='Compartir en Whatsapp' rel=\"noopener\"><span class='avia_hidden_link_text'>Compartir en Whatsapp<\/span><\/a><\/li><li class='av-share-link av-social-link-linkedin' ><a target=\"_blank\" aria-label=\"Compartir en LinkedIn\" href='https:\/\/linkedin.com\/shareArticle?mini=true&#038;title=Lober%C3%ADas%20del%20Sur%20lanz%C3%B3%20la%20versi%C3%B3n%20n%C3%BAmero%2010%20de%20su%20programa%20%E2%80%9CConozco%20mi%20Regi%C3%B3n%E2%80%9D&#038;url=https:\/\/radiorevelacionfm.cl\/?p=34668' aria-hidden='false' data-av_icon='\ue8fc' data-av_iconfont='entypo-fontello' title='' data-avia-related-tooltip='Compartir en LinkedIn' rel=\"noopener\"><span class='avia_hidden_link_text'>Compartir en LinkedIn<\/span><\/a><\/li><li class='av-share-link av-social-link-mail' ><a  aria-label=\"Compartir por correo\" href='mailto:?subject=Lober%C3%ADas%20del%20Sur%20lanz%C3%B3%20la%20versi%C3%B3n%20n%C3%BAmero%2010%20de%20su%20programa%20%E2%80%9CConozco%20mi%20Regi%C3%B3n%E2%80%9D&#038;body=https:\/\/radiorevelacionfm.cl\/?p=34668' aria-hidden='false' data-av_icon='\ue805' data-av_iconfont='entypo-fontello' title='' data-avia-related-tooltip='Compartir por correo'><span class='avia_hidden_link_text'>Compartir por correo<\/span><\/a><\/li><\/ul><\/div><\/div>\n<div  style='height:50px' class='hr hr-invisible   avia-builder-el-8  el_after_av_social_share  el_before_av_comments_list '><span class='hr-inner ' ><span class='hr-inner-style'><\/span><\/span><\/div>\n<div  class='av-buildercomment  av-blog-meta-html-info-disabled av-blog-meta-tag-disabled  '><\/div>\n","protected":false},"excerpt":{"rendered":"","protected":false},"author":1,"featured_media":15869,"comment_status":"open","ping_status":"open","sticky":false,"template":"","format":"standard","meta":{"footnotes":""},"categories":[54],"tags":[],"class_list":["post-34668","post","type-post","status-publish","format-standard","has-post-thumbnail","hentry","category-turismo"],"jetpack_featured_media_url":"https:\/\/radiorevelacionfm.cl\/wp-content\/uploads\/2022\/04\/Laguna-San-Rafael-1.jpg","_links":{"self":[{"href":"https:\/\/radiorevelacionfm.cl\/index.php?rest_route=\/wp\/v2\/posts\/34668","targetHints":{"allow":["GET"]}}],"collection":[{"href":"https:\/\/radiorevelacionfm.cl\/index.php?rest_route=\/wp\/v2\/posts"}],"about":[{"href":"https:\/\/radiorevelacionfm.cl\/index.php?rest_route=\/wp\/v2\/types\/post"}],"author":[{"embeddable":true,"href":"https:\/\/radiorevelacionfm.cl\/index.php?rest_route=\/wp\/v2\/users\/1"}],"replies":[{"embeddable":true,"href":"https:\/\/radiorevelacionfm.cl\/index.php?rest_route=%2Fwp%2Fv2%2Fcomments&post=34668"}],"version-history":[{"count":1,"href":"https:\/\/radiorevelacionfm.cl\/index.php?rest_route=\/wp\/v2\/posts\/34668\/revisions"}],"predecessor-version":[{"id":34670,"href":"https:\/\/radiorevelacionfm.cl\/index.php?rest_route=\/wp\/v2\/posts\/34668\/revisions\/34670"}],"wp:featuredmedia":[{"embeddable":true,"href":"https:\/\/radiorevelacionfm.cl\/index.php?rest_route=\/wp\/v2\/media\/15869"}],"wp:attachment":[{"href":"https:\/\/radiorevelacionfm.cl\/index.php?rest_route=%2Fwp%2Fv2%2Fmedia&parent=34668"}],"wp:term":[{"taxonomy":"category","embeddable":true,"href":"https:\/\/radiorevelacionfm.cl\/index.php?rest_route=%2Fwp%2Fv2%2Fcategories&post=34668"},{"taxonomy":"post_tag","embeddable":true,"href":"https:\/\/radiorevelacionfm.cl\/index.php?rest_route=%2Fwp%2Fv2%2Ftags&post=34668"}],"curies":[{"name":"wp","href":"https:\/\/api.w.org\/{rel}","templated":true}]}}