{"id":34659,"date":"2023-09-05T17:41:23","date_gmt":"2023-09-05T20:41:23","guid":{"rendered":"https:\/\/radiorevelacionfm.cl\/?p=34659"},"modified":"2023-09-05T17:41:23","modified_gmt":"2023-09-05T20:41:23","slug":"recurso-que-buscaba-impedir-la-operacion-de-pescadores-artesanales-de-los-lagos-en-aysen-fue-rechazado-por-la-corte-de-coyhaique","status":"publish","type":"post","link":"https:\/\/radiorevelacionfm.cl\/?p=34659","title":{"rendered":"Recurso que buscaba impedir la operaci\u00f3n de pescadores artesanales de Los Lagos en Ays\u00e9n fue rechazado por la Corte de Coyhaique"},"content":{"rendered":"<div class=\"flex_column av_one_full  flex_column_div av-zero-column-padding first  avia-builder-el-0  el_before_av_one_full  avia-builder-el-first  \" style='border-radius:0px; '><div  class='avia-image-container  av-styling-    avia-builder-el-1  avia-builder-el-no-sibling  avia-align-center '  itemprop=\"image\" itemscope=\"itemscope\" itemtype=\"https:\/\/schema.org\/ImageObject\"  ><div class='avia-image-container-inner'><div class='avia-image-overlay-wrap'><img decoding=\"async\" class='wp-image-34660 avia-img-lazy-loading-not-34660 avia_image' src=\"https:\/\/radiorevelacionfm.cl\/wp-content\/uploads\/2023\/09\/whatsapp-image-2023-09-05-at-4_optimized.43.15-pm-1.jpeg\" alt='' title='whatsapp-image-2023-09-05-at-4_optimized.43.15-pm-(1)' height=\"600\" width=\"800\"  itemprop=\"thumbnailUrl\" srcset=\"https:\/\/radiorevelacionfm.cl\/wp-content\/uploads\/2023\/09\/whatsapp-image-2023-09-05-at-4_optimized.43.15-pm-1.jpeg 800w, https:\/\/radiorevelacionfm.cl\/wp-content\/uploads\/2023\/09\/whatsapp-image-2023-09-05-at-4_optimized.43.15-pm-1-300x225.jpeg 300w, https:\/\/radiorevelacionfm.cl\/wp-content\/uploads\/2023\/09\/whatsapp-image-2023-09-05-at-4_optimized.43.15-pm-1-768x576.jpeg 768w, https:\/\/radiorevelacionfm.cl\/wp-content\/uploads\/2023\/09\/whatsapp-image-2023-09-05-at-4_optimized.43.15-pm-1-705x529.jpeg 705w, https:\/\/radiorevelacionfm.cl\/wp-content\/uploads\/2023\/09\/whatsapp-image-2023-09-05-at-4_optimized.43.15-pm-1-450x338.jpeg 450w, https:\/\/radiorevelacionfm.cl\/wp-content\/uploads\/2023\/09\/whatsapp-image-2023-09-05-at-4_optimized.43.15-pm-1-600x450.jpeg 600w\" sizes=\"(max-width: 800px) 100vw, 800px\" \/><\/div><\/div><\/div><\/div><div class=\"flex_column av_one_full  flex_column_div av-zero-column-padding first  avia-builder-el-2  el_after_av_one_full  el_before_av_one_full  column-top-margin\" style='border-radius:0px; '><section class=\"av_textblock_section \"  itemscope=\"itemscope\" itemtype=\"https:\/\/schema.org\/BlogPosting\" itemprop=\"blogPost\" ><div class='avia_textblock  '   itemprop=\"text\" ><p style=\"text-align: center;\"><strong><span style=\"font-size: 18pt;\">Recurso que buscaba impedir la operaci\u00f3n de pescadores artesanales de Los Lagos en Ays\u00e9n fue rechazado por la Corte de Coyhaique<\/span><\/strong><\/p>\n<div id=\"gtx-trans\" style=\"position: absolute; left: -50px; top: 4.31534px;\">\n<div class=\"gtx-trans-icon\"><\/div>\n<\/div>\n<\/div><\/section><\/div><div class=\"flex_column av_one_full  flex_column_div av-zero-column-padding first  avia-builder-el-4  el_after_av_one_full  el_before_av_hr  column-top-margin\" style='border-radius:0px; '><section class=\"av_textblock_section \"  itemscope=\"itemscope\" itemtype=\"https:\/\/schema.org\/BlogPosting\" itemprop=\"blogPost\" ><div class='avia_textblock  '   itemprop=\"text\" ><p style=\"text-align: justify;\"><em>Subsecretario Julio Salas se\u00f1al\u00f3 que la decisi\u00f3n contribuye a fortalecer el respeto a los acuerdos entre pescadores y las facultades, especializada de la Subpesca.<\/em><\/p>\n<p style=\"text-align: justify;\">Rechazado. Ese fue el destino del recurso de protecci\u00f3n presentado en contra de la Subsecretar\u00eda de Pesca y Acuicultura que buscaba impedir la operaci\u00f3n de los pescadores artesanales de Los Lagos en la Regi\u00f3n de Ays\u00e9n y afectaba principalmente a quienes se dedican a la extracci\u00f3n del erizo.<\/p>\n<p style=\"text-align: justify;\">La decisi\u00f3n de la Corte de Apelaciones de Coyhaique se conoci\u00f3 el viernes 1 de septiembre, d\u00edas despu\u00e9s de que la misma instancia resolviera dejar sin efecto la orden de no innovar que suspend\u00eda la autorizaci\u00f3n a los pescadores de la X Regi\u00f3n para trabajar en las \u00e1reas mar\u00edtimas de la zona contigua.<\/p>\n<p style=\"text-align: justify;\">El subsecretario de Pesca y Acuicultura, Julio Salas, valor\u00f3 la resoluci\u00f3n. \u201cCelebramos el reciente fallo de la Corte de Apelaciones de Coyhaique que rechaza el recurso de protecci\u00f3n contra la resoluci\u00f3n que aprobaba las zonas contiguas entre las regiones de Ays\u00e9n y Los Lagos para efectos de la actividad pesquera de la almeja, la luga y el erizo\u201d.<\/p>\n<p style=\"text-align: justify;\">Se\u00f1al\u00f3 que \u201cesta resoluci\u00f3n es muy significativa, porque refuerza las facultades especializadas de la Subsecretar\u00eda de Pesca y, al mismo tiempo, reconoce la capacidad que tienen los pescadores artesanales para llegar a acuerdos en la administraci\u00f3n de sus pesquer\u00edas\u201d.<\/p>\n<p style=\"text-align: justify;\">\u201cCreemos que es muy importante que la toma de decisiones que adoptan los pescadores sea respetada y, en este sentido, el fallo de la Corte de Apelaciones de Coyhaique establece una certeza jur\u00eddica de que el desarrollo de la actividad tanto en la explotaci\u00f3n del erizo como de la luga y de la almeja va a poder seguir desarroll\u00e1ndose normalmente en la zona contigua entre las regiones de Ays\u00e9n y Los Lagos\u201d, dijo el subsecretario.<br \/>\nSalas agreg\u00f3 que \u201cesperamos y confiamos que esta decisi\u00f3n sea un incentivo para que en el futuro no se busque torcer la voluntad de los pescadores cuando han llegado a un acuerdo\u201d.<\/p>\n<p style=\"text-align: justify;\">Hay que recordar que el 26 de mayo pasado, la Subsecretar\u00eda dict\u00f3 una resoluci\u00f3n que permit\u00eda que los pescadores artesanales de Los Lagos operaran en Ays\u00e9n, por un per\u00edodo de dos a\u00f1os, luego que terminara el proceso contemplado en la ley para esta materia, con la consulta a los pescadores artesanales involucrados de ambas regiones.<\/p>\n<p style=\"text-align: justify;\">La semana pasada, luego que la Corte de Coyhaique dejara sin efecto la orden de no innovar, la Subsecretar\u00eda de Pesca y Acuicultura reabri\u00f3 la temporada de captura del erizo, de modo que los pescadores de Los Lagos que cuentan con autorizaci\u00f3n ya pueden operar en Ays\u00e9n.<\/p>\n<\/div><\/section><\/div><div  style='height:50px' class='hr hr-invisible   avia-builder-el-6  el_after_av_one_full  el_before_av_social_share '><span class='hr-inner ' ><span class='hr-inner-style'><\/span><\/span><\/div><\/p>\n<div  class='av-social-sharing-box  avia-builder-el-7  el_after_av_hr  el_before_av_hr  '><div class='av-share-box'><h5 class='av-share-link-description av-no-toc '>Compartir esta noticia<\/h5><ul class='av-share-box-list noLightbox'><li class='av-share-link av-social-link-facebook' ><a target=\"_blank\" aria-label=\"Compartir en Facebook\" href='https:\/\/www.facebook.com\/sharer.php?u=https:\/\/radiorevelacionfm.cl\/?p=34659&#038;t=Recurso%20que%20buscaba%20impedir%20la%20operaci%C3%B3n%20de%20pescadores%20artesanales%20de%20Los%20Lagos%20en%20Ays%C3%A9n%20fue%20rechazado%20por%20la%20Corte%20de%20Coyhaique' aria-hidden='false' data-av_icon='\ue8f3' data-av_iconfont='entypo-fontello' title='' data-avia-related-tooltip='Compartir en Facebook' rel=\"noopener\"><span class='avia_hidden_link_text'>Compartir en Facebook<\/span><\/a><\/li><li class='av-share-link av-social-link-twitter' ><a target=\"_blank\" aria-label=\"Compartir en Twitter\" href='https:\/\/twitter.com\/share?text=Recurso%20que%20buscaba%20impedir%20la%20operaci%C3%B3n%20de%20pescadores%20artesanales%20de%20Los%20Lagos%20en%20Ays%C3%A9n%20fue%20rechazado%20por%20la%20Corte%20de%20Coyhaique&#038;url=https:\/\/radiorevelacionfm.cl\/?p=34659' aria-hidden='false' data-av_icon='\ue8f1' data-av_iconfont='entypo-fontello' title='' data-avia-related-tooltip='Compartir en Twitter' rel=\"noopener\"><span class='avia_hidden_link_text'>Compartir en Twitter<\/span><\/a><\/li><li class='av-share-link av-social-link-whatsapp' ><a target=\"_blank\" aria-label=\"Compartir en Whatsapp\" href='https:\/\/api.whatsapp.com\/send?text=https:\/\/radiorevelacionfm.cl\/?p=34659' aria-hidden='false' data-av_icon='\uf232' data-av_iconfont='entypo-fontello' title='' data-avia-related-tooltip='Compartir en Whatsapp' rel=\"noopener\"><span class='avia_hidden_link_text'>Compartir en Whatsapp<\/span><\/a><\/li><li class='av-share-link av-social-link-linkedin' ><a target=\"_blank\" aria-label=\"Compartir en LinkedIn\" href='https:\/\/linkedin.com\/shareArticle?mini=true&#038;title=Recurso%20que%20buscaba%20impedir%20la%20operaci%C3%B3n%20de%20pescadores%20artesanales%20de%20Los%20Lagos%20en%20Ays%C3%A9n%20fue%20rechazado%20por%20la%20Corte%20de%20Coyhaique&#038;url=https:\/\/radiorevelacionfm.cl\/?p=34659' aria-hidden='false' data-av_icon='\ue8fc' data-av_iconfont='entypo-fontello' title='' data-avia-related-tooltip='Compartir en LinkedIn' rel=\"noopener\"><span class='avia_hidden_link_text'>Compartir en LinkedIn<\/span><\/a><\/li><li class='av-share-link av-social-link-mail' ><a  aria-label=\"Compartir por correo\" href='mailto:?subject=Recurso%20que%20buscaba%20impedir%20la%20operaci%C3%B3n%20de%20pescadores%20artesanales%20de%20Los%20Lagos%20en%20Ays%C3%A9n%20fue%20rechazado%20por%20la%20Corte%20de%20Coyhaique&#038;body=https:\/\/radiorevelacionfm.cl\/?p=34659' aria-hidden='false' data-av_icon='\ue805' data-av_iconfont='entypo-fontello' title='' data-avia-related-tooltip='Compartir por correo'><span class='avia_hidden_link_text'>Compartir por correo<\/span><\/a><\/li><\/ul><\/div><\/div>\n<div  style='height:50px' class='hr hr-invisible   avia-builder-el-8  el_after_av_social_share  el_before_av_comments_list '><span class='hr-inner ' ><span class='hr-inner-style'><\/span><\/span><\/div>\n<div  class='av-buildercomment  av-blog-meta-html-info-disabled av-blog-meta-tag-disabled  '><\/div>\n","protected":false},"excerpt":{"rendered":"","protected":false},"author":1,"featured_media":34660,"comment_status":"open","ping_status":"open","sticky":false,"template":"","format":"standard","meta":{"footnotes":""},"categories":[55],"tags":[],"class_list":["post-34659","post","type-post","status-publish","format-standard","has-post-thumbnail","hentry","category-justicia"],"jetpack_featured_media_url":"https:\/\/radiorevelacionfm.cl\/wp-content\/uploads\/2023\/09\/whatsapp-image-2023-09-05-at-4_optimized.43.15-pm-1.jpeg","_links":{"self":[{"href":"https:\/\/radiorevelacionfm.cl\/index.php?rest_route=\/wp\/v2\/posts\/34659","targetHints":{"allow":["GET"]}}],"collection":[{"href":"https:\/\/radiorevelacionfm.cl\/index.php?rest_route=\/wp\/v2\/posts"}],"about":[{"href":"https:\/\/radiorevelacionfm.cl\/index.php?rest_route=\/wp\/v2\/types\/post"}],"author":[{"embeddable":true,"href":"https:\/\/radiorevelacionfm.cl\/index.php?rest_route=\/wp\/v2\/users\/1"}],"replies":[{"embeddable":true,"href":"https:\/\/radiorevelacionfm.cl\/index.php?rest_route=%2Fwp%2Fv2%2Fcomments&post=34659"}],"version-history":[{"count":1,"href":"https:\/\/radiorevelacionfm.cl\/index.php?rest_route=\/wp\/v2\/posts\/34659\/revisions"}],"predecessor-version":[{"id":34661,"href":"https:\/\/radiorevelacionfm.cl\/index.php?rest_route=\/wp\/v2\/posts\/34659\/revisions\/34661"}],"wp:featuredmedia":[{"embeddable":true,"href":"https:\/\/radiorevelacionfm.cl\/index.php?rest_route=\/wp\/v2\/media\/34660"}],"wp:attachment":[{"href":"https:\/\/radiorevelacionfm.cl\/index.php?rest_route=%2Fwp%2Fv2%2Fmedia&parent=34659"}],"wp:term":[{"taxonomy":"category","embeddable":true,"href":"https:\/\/radiorevelacionfm.cl\/index.php?rest_route=%2Fwp%2Fv2%2Fcategories&post=34659"},{"taxonomy":"post_tag","embeddable":true,"href":"https:\/\/radiorevelacionfm.cl\/index.php?rest_route=%2Fwp%2Fv2%2Ftags&post=34659"}],"curies":[{"name":"wp","href":"https:\/\/api.w.org\/{rel}","templated":true}]}}