{"id":34656,"date":"2023-09-05T17:03:13","date_gmt":"2023-09-05T20:03:13","guid":{"rendered":"https:\/\/radiorevelacionfm.cl\/?p=34656"},"modified":"2023-09-05T17:03:13","modified_gmt":"2023-09-05T20:03:13","slug":"un-total-de-24-trabajadores-as-se-capacitan-con-curso-de-carpinteria-en-terminaciones","status":"publish","type":"post","link":"https:\/\/radiorevelacionfm.cl\/?p=34656","title":{"rendered":"Un total de 24 trabajadores\/as se capacitan con curso de Carpinter\u00eda en Terminaciones"},"content":{"rendered":"<div class=\"flex_column av_one_full  flex_column_div av-zero-column-padding first  avia-builder-el-0  el_before_av_one_full  avia-builder-el-first  \" style='border-radius:0px; '><div  class='avia-image-container  av-styling-    avia-builder-el-1  avia-builder-el-no-sibling  avia-align-center '  itemprop=\"image\" itemscope=\"itemscope\" itemtype=\"https:\/\/schema.org\/ImageObject\"  ><div class='avia-image-container-inner'><div class='avia-image-overlay-wrap'><img decoding=\"async\" class='wp-image-34657 avia-img-lazy-loading-not-34657 avia_image' src=\"https:\/\/radiorevelacionfm.cl\/wp-content\/uploads\/2023\/09\/certificacion-sence_maestrocarpintero-2-1_optimized-1.jpg\" alt='' title='certificacion-sence_maestrocarpintero-2-(1)_optimized (1)' height=\"600\" width=\"1183\"  itemprop=\"thumbnailUrl\" srcset=\"https:\/\/radiorevelacionfm.cl\/wp-content\/uploads\/2023\/09\/certificacion-sence_maestrocarpintero-2-1_optimized-1.jpg 1183w, https:\/\/radiorevelacionfm.cl\/wp-content\/uploads\/2023\/09\/certificacion-sence_maestrocarpintero-2-1_optimized-1-300x152.jpg 300w, https:\/\/radiorevelacionfm.cl\/wp-content\/uploads\/2023\/09\/certificacion-sence_maestrocarpintero-2-1_optimized-1-1030x522.jpg 1030w, https:\/\/radiorevelacionfm.cl\/wp-content\/uploads\/2023\/09\/certificacion-sence_maestrocarpintero-2-1_optimized-1-768x390.jpg 768w, https:\/\/radiorevelacionfm.cl\/wp-content\/uploads\/2023\/09\/certificacion-sence_maestrocarpintero-2-1_optimized-1-705x358.jpg 705w, https:\/\/radiorevelacionfm.cl\/wp-content\/uploads\/2023\/09\/certificacion-sence_maestrocarpintero-2-1_optimized-1-450x228.jpg 450w, https:\/\/radiorevelacionfm.cl\/wp-content\/uploads\/2023\/09\/certificacion-sence_maestrocarpintero-2-1_optimized-1-600x304.jpg 600w\" sizes=\"(max-width: 1183px) 100vw, 1183px\" \/><\/div><\/div><\/div><\/div><div class=\"flex_column av_one_full  flex_column_div av-zero-column-padding first  avia-builder-el-2  el_after_av_one_full  el_before_av_one_full  column-top-margin\" style='border-radius:0px; '><section class=\"av_textblock_section \"  itemscope=\"itemscope\" itemtype=\"https:\/\/schema.org\/BlogPosting\" itemprop=\"blogPost\" ><div class='avia_textblock  '   itemprop=\"text\" ><p style=\"text-align: center;\"><strong><span style=\"font-size: 18pt;\">Un total de 24 trabajadores\/as se capacitan con curso de Carpinter\u00eda en Terminaciones<\/span><\/strong><\/p>\n<div id=\"gtx-trans\" style=\"position: absolute; left: -50px; top: 4.31534px;\">\n<div class=\"gtx-trans-icon\"><\/div>\n<\/div>\n<\/div><\/section><\/div><div class=\"flex_column av_one_full  flex_column_div av-zero-column-padding first  avia-builder-el-4  el_after_av_one_full  el_before_av_hr  column-top-margin\" style='border-radius:0px; '><section class=\"av_textblock_section \"  itemscope=\"itemscope\" itemtype=\"https:\/\/schema.org\/BlogPosting\" itemprop=\"blogPost\" ><div class='avia_textblock  '   itemprop=\"text\" ><p style=\"text-align: justify;\">Con la participaci\u00f3n de autoridades y beneficiarios\/as se realiz\u00f3 este lunes la ceremonia de entrega de diplomas a los participantes de dos cursos de \u201cMaestro\/a carpintero\/a de terminaciones\u201d, los cuales se desarrollaron recientemente en Coyhaique en el marco del programa Capacitaci\u00f3n en Oficios, que se imparte a trav\u00e9s de la L\u00ednea Sectorial \u201cConstrucci\u00f3n\u201d del Servicio Nacional de Capacitaci\u00f3n y Empleo, Sence.<\/p>\n<p style=\"text-align: justify;\">En total fueron 24 los y las participantes que aprobaron el curso, 10 mujeres y 14 hombres, quienes cumplieron de forma presencial las 128 horas de capacitaci\u00f3n exigidas. El Organismo T\u00e9cnico de Capacitaci\u00f3n (Otec) Alto Sur Capacitaci\u00f3n limitada fue el responsable de impartir el curso, que adem\u00e1s cont\u00f3 con importantes dispositivos de apoyo al programa, entre los que se cuentan un beneficio de subsidio diario, fijado en cuatro mil pesos por d\u00eda asistido; un subsidio de cuidado infantil, fijado en cinco mil pesos por d\u00eda asistido para aquellas personas con menores de seis a\u00f1os bajo su cuidado; y tambi\u00e9n un seguro contra accidentes en el desarrollo de las actividades.<\/p>\n<p style=\"text-align: justify;\">Tal como explic\u00f3 la Seremi (S) del Trabajo y Previsi\u00f3n Social, Paulina Ruz, esta actividad se bas\u00f3 en una iniciativa p\u00fablico-privada que tuvo como objetivo la formaci\u00f3n de mano de obra calificada para la construcci\u00f3n de viviendas sociales, especialidades que actualmente est\u00e1n siendo muy necesarias y demandadas en el marco del Plan de Emergencia Habitacional que impulsa el Gobierno. \u201cConversamos en su momento con las Entidades Patrocinantes, porque de ahora en adelante tenemos que hacer m\u00e1s capacitaciones. La idea es que tambi\u00e9n tengan un componente de equidad territorial, ya que debe existir una pertenencia de las necesidades regionales, como, por ejemplo, en lo que pueda ser una capacitaci\u00f3n para revestimientos t\u00e9rmicos. De esta forma avanzamos y podemos mejorar la calidad de vida y fomentar el trabajo, con mayor empleo y m\u00e1s oportunidades para los habitantes de la regi\u00f3n\u201d, advirti\u00f3 la Seremi, quien adem\u00e1s es la titular de Vivienda y Urbanismo.<\/p>\n<p style=\"text-align: justify;\">El Delegado Presidencial Regional, Rodrigo Araya, destac\u00f3 estas capacitaciones como una oportunidad concreta y real de aumentar los conocimientos y lograr mejores oportunidades de trabajo, sobre todo en el marco de los diferentes desaf\u00edos asumidos por el Gobierno. \u201cTenemos un Plan de Emergencia Habitacional donde estamos fomentando la construcci\u00f3n de viviendas y en la medida que vamos generando proyectos se necesita justamente capacidad y mano de obra. Una de las cosas que nos dice el sector privado es la poca capacitaci\u00f3n, las pocas especialidades que hay entre las personas que trabajan en la construcci\u00f3n a nivel regional. Por lo tanto, esto es un paso m\u00e1s para ir generando esas capacidades locales y es as\u00ed como en base a una coordinaci\u00f3n p\u00fablico privada generamos un c\u00edrculo virtuoso para generar empleo, pero tambi\u00e9n para construir de mejor calidad ac\u00e1 en la regi\u00f3n\u201d, precis\u00f3.<\/p>\n<p style=\"text-align: justify;\">En ese sentido la Seremi Ruz destac\u00f3 tambi\u00e9n el foco de g\u00e9nero y la importancia de romper con los estereotipos de trabajos masculinizados. \u201cEn el Ministerio de Vivienda tenemos en marcha nuestro plan de Emergencia Habitacional. Eso implica llegar con viviendas a todas las regiones del pa\u00eds, pero tambi\u00e9n que exista gente que pueda estar capacitada y tambi\u00e9n romper un poco la masculinizaci\u00f3n que existe con ciertos trabajos. Vemos ac\u00e1 que dentro de las certificaciones casi la mitad de las personas son mujeres y eso tambi\u00e9n es relevar que hay trabajos que pueden ser realizados tanto por hombres como por mujeres, mismas capacidades, mismos derechos, donde la equidad de g\u00e9nero tambi\u00e9n nos obliga a tener herramientas para poder equiparar las cargas\u201d, acot\u00f3.<\/p>\n<p style=\"text-align: justify;\">Tras recibir su diploma, la alumna Aurora Coliboro se mostr\u00f3 feliz de haber cumplido este objetivo y de tener estas nuevas herramientas para afrontar de mejor manera su futuro, \u201cDarle gracias a Dios, a mis profesores, decid\u00ed tomas este curso porque siempre es una nueva oportunidad de trabajo. De hecho aprend\u00ed mucho, me ha servido igual y porque todos los desaf\u00edos son buenos\u201d, manifest\u00f3.<\/p>\n<p style=\"text-align: justify;\">De igual forma, Isabel Escorcia, tambi\u00e9n valor\u00f3 y agradeci\u00f3 la oportunidad de seguir aprendiendo y perfeccionando su trabajo. \u201cSiempre es buen aprender algo innovador y como dec\u00edan, si piensan que las mujeres no podemos tener la oportunidad de hacer los trabajos de hombres, esta es una forma de que nosotros podamos demostrarle a las personas que todas tenemos la capacidad de poder estudiar y de hacer el mismo trabajo que hacen los hombres\u201d, afirm\u00f3.<\/p>\n<p style=\"text-align: justify;\">Los participantes aprobaron previo un examen de conocimientos. Entre los m\u00f3dulos que debieron cumplir los 24 participantes destacan la instalaci\u00f3n de artefactos de cocina, accesorios de ba\u00f1o, instalaci\u00f3n de tabiquer\u00edas y cielos interiores, montaje de marcos, puertas y guardapolvos, conocimientos te\u00f3ricos y pr\u00e1cticos que sin duda ser\u00e1n de gran utilidad para el futuro desempe\u00f1o de sus opciones laborales.<\/p>\n<\/div><\/section><\/div><div  style='height:50px' class='hr hr-invisible   avia-builder-el-6  el_after_av_one_full  el_before_av_social_share '><span class='hr-inner ' ><span class='hr-inner-style'><\/span><\/span><\/div><\/p>\n<div  class='av-social-sharing-box  avia-builder-el-7  el_after_av_hr  el_before_av_hr  '><div class='av-share-box'><h5 class='av-share-link-description av-no-toc '>Compartir esta noticia<\/h5><ul class='av-share-box-list noLightbox'><li class='av-share-link av-social-link-facebook' ><a target=\"_blank\" aria-label=\"Compartir en Facebook\" href='https:\/\/www.facebook.com\/sharer.php?u=https:\/\/radiorevelacionfm.cl\/?p=34656&#038;t=Un%20total%20de%2024%20trabajadores%2Fas%20se%20capacitan%20con%20curso%20de%20Carpinter%C3%ADa%20en%20Terminaciones' aria-hidden='false' data-av_icon='\ue8f3' data-av_iconfont='entypo-fontello' title='' data-avia-related-tooltip='Compartir en Facebook' rel=\"noopener\"><span class='avia_hidden_link_text'>Compartir en Facebook<\/span><\/a><\/li><li class='av-share-link av-social-link-twitter' ><a target=\"_blank\" aria-label=\"Compartir en Twitter\" href='https:\/\/twitter.com\/share?text=Un%20total%20de%2024%20trabajadores%2Fas%20se%20capacitan%20con%20curso%20de%20Carpinter%C3%ADa%20en%20Terminaciones&#038;url=https:\/\/radiorevelacionfm.cl\/?p=34656' aria-hidden='false' data-av_icon='\ue8f1' data-av_iconfont='entypo-fontello' title='' data-avia-related-tooltip='Compartir en Twitter' rel=\"noopener\"><span class='avia_hidden_link_text'>Compartir en Twitter<\/span><\/a><\/li><li class='av-share-link av-social-link-whatsapp' ><a target=\"_blank\" aria-label=\"Compartir en Whatsapp\" href='https:\/\/api.whatsapp.com\/send?text=https:\/\/radiorevelacionfm.cl\/?p=34656' aria-hidden='false' data-av_icon='\uf232' data-av_iconfont='entypo-fontello' title='' data-avia-related-tooltip='Compartir en Whatsapp' rel=\"noopener\"><span class='avia_hidden_link_text'>Compartir en Whatsapp<\/span><\/a><\/li><li class='av-share-link av-social-link-linkedin' ><a target=\"_blank\" aria-label=\"Compartir en LinkedIn\" href='https:\/\/linkedin.com\/shareArticle?mini=true&#038;title=Un%20total%20de%2024%20trabajadores%2Fas%20se%20capacitan%20con%20curso%20de%20Carpinter%C3%ADa%20en%20Terminaciones&#038;url=https:\/\/radiorevelacionfm.cl\/?p=34656' aria-hidden='false' data-av_icon='\ue8fc' data-av_iconfont='entypo-fontello' title='' data-avia-related-tooltip='Compartir en LinkedIn' rel=\"noopener\"><span class='avia_hidden_link_text'>Compartir en LinkedIn<\/span><\/a><\/li><li class='av-share-link av-social-link-mail' ><a  aria-label=\"Compartir por correo\" href='mailto:?subject=Un%20total%20de%2024%20trabajadores%2Fas%20se%20capacitan%20con%20curso%20de%20Carpinter%C3%ADa%20en%20Terminaciones&#038;body=https:\/\/radiorevelacionfm.cl\/?p=34656' aria-hidden='false' data-av_icon='\ue805' data-av_iconfont='entypo-fontello' title='' data-avia-related-tooltip='Compartir por correo'><span class='avia_hidden_link_text'>Compartir por correo<\/span><\/a><\/li><\/ul><\/div><\/div>\n<div  style='height:50px' class='hr hr-invisible   avia-builder-el-8  el_after_av_social_share  el_before_av_comments_list '><span class='hr-inner ' ><span class='hr-inner-style'><\/span><\/span><\/div>\n<div  class='av-buildercomment  av-blog-meta-html-info-disabled av-blog-meta-tag-disabled  '><\/div>\n","protected":false},"excerpt":{"rendered":"","protected":false},"author":1,"featured_media":34657,"comment_status":"open","ping_status":"open","sticky":false,"template":"","format":"standard","meta":{"footnotes":""},"categories":[38],"tags":[],"class_list":["post-34656","post","type-post","status-publish","format-standard","has-post-thumbnail","hentry","category-regional"],"jetpack_featured_media_url":"https:\/\/radiorevelacionfm.cl\/wp-content\/uploads\/2023\/09\/certificacion-sence_maestrocarpintero-2-1_optimized-1.jpg","_links":{"self":[{"href":"https:\/\/radiorevelacionfm.cl\/index.php?rest_route=\/wp\/v2\/posts\/34656","targetHints":{"allow":["GET"]}}],"collection":[{"href":"https:\/\/radiorevelacionfm.cl\/index.php?rest_route=\/wp\/v2\/posts"}],"about":[{"href":"https:\/\/radiorevelacionfm.cl\/index.php?rest_route=\/wp\/v2\/types\/post"}],"author":[{"embeddable":true,"href":"https:\/\/radiorevelacionfm.cl\/index.php?rest_route=\/wp\/v2\/users\/1"}],"replies":[{"embeddable":true,"href":"https:\/\/radiorevelacionfm.cl\/index.php?rest_route=%2Fwp%2Fv2%2Fcomments&post=34656"}],"version-history":[{"count":1,"href":"https:\/\/radiorevelacionfm.cl\/index.php?rest_route=\/wp\/v2\/posts\/34656\/revisions"}],"predecessor-version":[{"id":34658,"href":"https:\/\/radiorevelacionfm.cl\/index.php?rest_route=\/wp\/v2\/posts\/34656\/revisions\/34658"}],"wp:featuredmedia":[{"embeddable":true,"href":"https:\/\/radiorevelacionfm.cl\/index.php?rest_route=\/wp\/v2\/media\/34657"}],"wp:attachment":[{"href":"https:\/\/radiorevelacionfm.cl\/index.php?rest_route=%2Fwp%2Fv2%2Fmedia&parent=34656"}],"wp:term":[{"taxonomy":"category","embeddable":true,"href":"https:\/\/radiorevelacionfm.cl\/index.php?rest_route=%2Fwp%2Fv2%2Fcategories&post=34656"},{"taxonomy":"post_tag","embeddable":true,"href":"https:\/\/radiorevelacionfm.cl\/index.php?rest_route=%2Fwp%2Fv2%2Ftags&post=34656"}],"curies":[{"name":"wp","href":"https:\/\/api.w.org\/{rel}","templated":true}]}}