{"id":34654,"date":"2023-09-05T15:58:08","date_gmt":"2023-09-05T18:58:08","guid":{"rendered":"https:\/\/radiorevelacionfm.cl\/?p=34654"},"modified":"2023-09-05T15:58:08","modified_gmt":"2023-09-05T18:58:08","slug":"avanza-proyecto-de-olvido-oncologico","status":"publish","type":"post","link":"https:\/\/radiorevelacionfm.cl\/?p=34654","title":{"rendered":"Avanza proyecto de \u201colvido oncol\u00f3gico\u201d"},"content":{"rendered":"<div class=\"flex_column av_one_full  flex_column_div av-zero-column-padding first  avia-builder-el-0  el_before_av_one_full  avia-builder-el-first  \" style='border-radius:0px; '><div  class='avia-image-container  av-styling-    avia-builder-el-1  avia-builder-el-no-sibling  avia-align-center '  itemprop=\"image\" itemscope=\"itemscope\" itemtype=\"https:\/\/schema.org\/ImageObject\"  ><div class='avia-image-container-inner'><div class='avia-image-overlay-wrap'><img decoding=\"async\" class='wp-image-26734 avia-img-lazy-loading-not-26734 avia_image' src=\"https:\/\/radiorevelacionfm.cl\/wp-content\/uploads\/2023\/01\/Mrm-1-1.jpeg\" alt='' title='Mrm (1) (1)' height=\"600\" width=\"901\"  itemprop=\"thumbnailUrl\" srcset=\"https:\/\/radiorevelacionfm.cl\/wp-content\/uploads\/2023\/01\/Mrm-1-1.jpeg 901w, https:\/\/radiorevelacionfm.cl\/wp-content\/uploads\/2023\/01\/Mrm-1-1-300x200.jpeg 300w, https:\/\/radiorevelacionfm.cl\/wp-content\/uploads\/2023\/01\/Mrm-1-1-768x511.jpeg 768w, https:\/\/radiorevelacionfm.cl\/wp-content\/uploads\/2023\/01\/Mrm-1-1-705x469.jpeg 705w, https:\/\/radiorevelacionfm.cl\/wp-content\/uploads\/2023\/01\/Mrm-1-1-600x400.jpeg 600w\" sizes=\"(max-width: 901px) 100vw, 901px\" \/><\/div><\/div><\/div><\/div><div class=\"flex_column av_one_full  flex_column_div av-zero-column-padding first  avia-builder-el-2  el_after_av_one_full  el_before_av_one_full  column-top-margin\" style='border-radius:0px; '><section class=\"av_textblock_section \"  itemscope=\"itemscope\" itemtype=\"https:\/\/schema.org\/BlogPosting\" itemprop=\"blogPost\" ><div class='avia_textblock  '   itemprop=\"text\" ><p style=\"text-align: center;\"><span style=\"font-size: 18pt;\"><strong>Avanza proyecto de \u201colvido oncol\u00f3gico\u201d<\/strong><\/span><\/p>\n<div id=\"gtx-trans\" style=\"position: absolute; left: -50px; top: 4.31534px;\">\n<div class=\"gtx-trans-icon\"><\/div>\n<\/div>\n<\/div><\/section><\/div><div class=\"flex_column av_one_full  flex_column_div av-zero-column-padding first  avia-builder-el-4  el_after_av_one_full  el_before_av_hr  column-top-margin\" style='border-radius:0px; '><section class=\"av_textblock_section \"  itemscope=\"itemscope\" itemtype=\"https:\/\/schema.org\/BlogPosting\" itemprop=\"blogPost\" ><div class='avia_textblock  '   itemprop=\"text\" ><p style=\"text-align: justify;\"><em>Marcia Raphael, diputada RN destaca aprobaci\u00f3n de iniciativa en la C\u00e1mara de Diputados: \u201cBuscamos terminar con la discriminaci\u00f3n financiera a las personas que padecieron c\u00e1ncer\u201d<\/em><\/p>\n<p style=\"text-align: justify;\">Por unanimidad (135 votos) de los diputados y diputadas presentes en la sala de la C\u00e1mara, este martes se aprob\u00f3 y pas\u00f3 al Senado, a su segundo tr\u00e1mite constitucional, el proyecto de ley denominado \u201colvido oncol\u00f3gico\u201d, de autor\u00eda de parlamentarias de Renovaci\u00f3n Nacional, lideradas por la subjefa de la bancada Marcia Raphael, y Carla Morales, quienes junto a diputados de la misma bancada y en conjunto con parlamentarios de distintos sectores pol\u00edticos presentaron la iniciativa. La propuesta establece que las entidades reguladas y fiscalizadas por la Comisi\u00f3n para el Mercado Financiero (CMF) deber\u00e1n eliminar todo registro de dicha informaci\u00f3n, cualquiera sea su soporte, una vez que hayan transcurrido tres a\u00f1os desde el alta m\u00e9dica del c\u00e1ncer.<\/p>\n<p style=\"text-align: justify;\">La diputada por Ays\u00e9n no escondi\u00f3 su alegr\u00eda por el tremendo respaldo transversal que tuvo la iniciativa -que tuvo un f\u00e1cil tr\u00e1mite en su momento en la Comisi\u00f3n de Econom\u00eda-, y afirm\u00f3: \u201cValoramos la aprobaci\u00f3n de este proyecto de ley que consagra el derecho al olvido oncol\u00f3gico en la C\u00e1mara de Diputados. Esta es una iniciativa que va a permitir que personas dadas de alta de c\u00e1ncer puedan acceder al igual que cualquier otra a un cr\u00e9dito hipotecario, de consumo o un seguro de vida, ya que en la actualidad existe una enorme discriminaci\u00f3n por parte de las instituciones financieras. Esperamos que el Senado lo apruebe y lo despache r\u00e1pidamente\u201d.<\/p>\n<p style=\"text-align: justify;\">Cabe destacar que el proyecto aprobado en la sala de la C\u00e1mara, fue presentado tambi\u00e9n con las firmas de los diputados de RN, Andr\u00e9s Celis, Sof\u00eda Cid, Mar\u00eda Luisa Cordero, Paula Labra, Ximena Ossandon, junto a la diputada Danisa Astudillo (PS), Marta Bravo y Daniel Lilayu, ambos (UDI).<\/p>\n<\/div><\/section><\/div><div  style='height:50px' class='hr hr-invisible   avia-builder-el-6  el_after_av_one_full  el_before_av_social_share '><span class='hr-inner ' ><span class='hr-inner-style'><\/span><\/span><\/div><\/p>\n<div  class='av-social-sharing-box  avia-builder-el-7  el_after_av_hr  el_before_av_hr  '><div class='av-share-box'><h5 class='av-share-link-description av-no-toc '>Compartir esta noticia<\/h5><ul class='av-share-box-list noLightbox'><li class='av-share-link av-social-link-facebook' ><a target=\"_blank\" aria-label=\"Compartir en Facebook\" href='https:\/\/www.facebook.com\/sharer.php?u=https:\/\/radiorevelacionfm.cl\/?p=34654&#038;t=Avanza%20proyecto%20de%20%E2%80%9Colvido%20oncol%C3%B3gico%E2%80%9D' aria-hidden='false' data-av_icon='\ue8f3' data-av_iconfont='entypo-fontello' title='' data-avia-related-tooltip='Compartir en Facebook' rel=\"noopener\"><span class='avia_hidden_link_text'>Compartir en Facebook<\/span><\/a><\/li><li class='av-share-link av-social-link-twitter' ><a target=\"_blank\" aria-label=\"Compartir en Twitter\" href='https:\/\/twitter.com\/share?text=Avanza%20proyecto%20de%20%E2%80%9Colvido%20oncol%C3%B3gico%E2%80%9D&#038;url=https:\/\/radiorevelacionfm.cl\/?p=34654' aria-hidden='false' data-av_icon='\ue8f1' data-av_iconfont='entypo-fontello' title='' data-avia-related-tooltip='Compartir en Twitter' rel=\"noopener\"><span class='avia_hidden_link_text'>Compartir en Twitter<\/span><\/a><\/li><li class='av-share-link av-social-link-whatsapp' ><a target=\"_blank\" aria-label=\"Compartir en Whatsapp\" href='https:\/\/api.whatsapp.com\/send?text=https:\/\/radiorevelacionfm.cl\/?p=34654' aria-hidden='false' data-av_icon='\uf232' data-av_iconfont='entypo-fontello' title='' data-avia-related-tooltip='Compartir en Whatsapp' rel=\"noopener\"><span class='avia_hidden_link_text'>Compartir en Whatsapp<\/span><\/a><\/li><li class='av-share-link av-social-link-linkedin' ><a target=\"_blank\" aria-label=\"Compartir en LinkedIn\" href='https:\/\/linkedin.com\/shareArticle?mini=true&#038;title=Avanza%20proyecto%20de%20%E2%80%9Colvido%20oncol%C3%B3gico%E2%80%9D&#038;url=https:\/\/radiorevelacionfm.cl\/?p=34654' aria-hidden='false' data-av_icon='\ue8fc' data-av_iconfont='entypo-fontello' title='' data-avia-related-tooltip='Compartir en LinkedIn' rel=\"noopener\"><span class='avia_hidden_link_text'>Compartir en LinkedIn<\/span><\/a><\/li><li class='av-share-link av-social-link-mail' ><a  aria-label=\"Compartir por correo\" href='mailto:?subject=Avanza%20proyecto%20de%20%E2%80%9Colvido%20oncol%C3%B3gico%E2%80%9D&#038;body=https:\/\/radiorevelacionfm.cl\/?p=34654' aria-hidden='false' data-av_icon='\ue805' data-av_iconfont='entypo-fontello' title='' data-avia-related-tooltip='Compartir por correo'><span class='avia_hidden_link_text'>Compartir por correo<\/span><\/a><\/li><\/ul><\/div><\/div>\n<div  style='height:50px' class='hr hr-invisible   avia-builder-el-8  el_after_av_social_share  el_before_av_comments_list '><span class='hr-inner ' ><span class='hr-inner-style'><\/span><\/span><\/div>\n<div  class='av-buildercomment  av-blog-meta-html-info-disabled av-blog-meta-tag-disabled  '><\/div>\n","protected":false},"excerpt":{"rendered":"","protected":false},"author":1,"featured_media":26734,"comment_status":"open","ping_status":"open","sticky":false,"template":"","format":"standard","meta":{"footnotes":""},"categories":[35],"tags":[],"class_list":["post-34654","post","type-post","status-publish","format-standard","has-post-thumbnail","hentry","category-politica"],"jetpack_featured_media_url":"https:\/\/radiorevelacionfm.cl\/wp-content\/uploads\/2023\/01\/Mrm-1-1.jpeg","_links":{"self":[{"href":"https:\/\/radiorevelacionfm.cl\/index.php?rest_route=\/wp\/v2\/posts\/34654","targetHints":{"allow":["GET"]}}],"collection":[{"href":"https:\/\/radiorevelacionfm.cl\/index.php?rest_route=\/wp\/v2\/posts"}],"about":[{"href":"https:\/\/radiorevelacionfm.cl\/index.php?rest_route=\/wp\/v2\/types\/post"}],"author":[{"embeddable":true,"href":"https:\/\/radiorevelacionfm.cl\/index.php?rest_route=\/wp\/v2\/users\/1"}],"replies":[{"embeddable":true,"href":"https:\/\/radiorevelacionfm.cl\/index.php?rest_route=%2Fwp%2Fv2%2Fcomments&post=34654"}],"version-history":[{"count":1,"href":"https:\/\/radiorevelacionfm.cl\/index.php?rest_route=\/wp\/v2\/posts\/34654\/revisions"}],"predecessor-version":[{"id":34655,"href":"https:\/\/radiorevelacionfm.cl\/index.php?rest_route=\/wp\/v2\/posts\/34654\/revisions\/34655"}],"wp:featuredmedia":[{"embeddable":true,"href":"https:\/\/radiorevelacionfm.cl\/index.php?rest_route=\/wp\/v2\/media\/26734"}],"wp:attachment":[{"href":"https:\/\/radiorevelacionfm.cl\/index.php?rest_route=%2Fwp%2Fv2%2Fmedia&parent=34654"}],"wp:term":[{"taxonomy":"category","embeddable":true,"href":"https:\/\/radiorevelacionfm.cl\/index.php?rest_route=%2Fwp%2Fv2%2Fcategories&post=34654"},{"taxonomy":"post_tag","embeddable":true,"href":"https:\/\/radiorevelacionfm.cl\/index.php?rest_route=%2Fwp%2Fv2%2Ftags&post=34654"}],"curies":[{"name":"wp","href":"https:\/\/api.w.org\/{rel}","templated":true}]}}