{"id":3465,"date":"2021-04-24T14:35:25","date_gmt":"2021-04-24T17:35:25","guid":{"rendered":"https:\/\/radiorevelacionfm.cl\/?p=3465"},"modified":"2021-04-24T14:35:25","modified_gmt":"2021-04-24T17:35:25","slug":"quince-usuarios-del-centro-de-reinsercion-social-de-coyhaique-iniciaron-curso-de-cocina","status":"publish","type":"post","link":"https:\/\/radiorevelacionfm.cl\/?p=3465","title":{"rendered":"Quince usuarios del Centro de Reinserci\u00f3n Social de Coyhaique iniciaron curso de Cocina"},"content":{"rendered":"<div class=\"flex_column av_one_full  flex_column_div av-zero-column-padding first  avia-builder-el-0  el_before_av_one_full  avia-builder-el-first  \" style='border-radius:0px; '><div  class='avia-image-container  av-styling-    avia-builder-el-1  avia-builder-el-no-sibling  avia-align-center '  itemprop=\"image\" itemscope=\"itemscope\" itemtype=\"https:\/\/schema.org\/ImageObject\"  ><div class='avia-image-container-inner'><div class='avia-image-overlay-wrap'><img decoding=\"async\" class='wp-image-0 avia-img-lazy-loading-not-0 avia_image' src=\"https:\/\/radiorevelacionfm.cl\/wp-content\/uploads\/2021\/04\/image-18-3.png\" alt='' title=''   itemprop=\"thumbnailUrl\"  \/><\/div><\/div><\/div><\/div>\n<div class=\"flex_column av_one_full  flex_column_div av-zero-column-padding first  avia-builder-el-2  el_after_av_one_full  el_before_av_one_full  column-top-margin\" style='border-radius:0px; '><section class=\"av_textblock_section \"  itemscope=\"itemscope\" itemtype=\"https:\/\/schema.org\/BlogPosting\" itemprop=\"blogPost\" ><div class='avia_textblock  '   itemprop=\"text\" ><p style=\"text-align: center;\"><strong><span style=\"font-size: 18pt;\">Quince usuarios del Centro de Reinserci\u00f3n Social de Coyhaique iniciaron curso de Cocina<\/span><\/strong><\/p>\n<div id=\"gtx-trans\" style=\"position: absolute; left: -50px; top: 4.31534px;\">\n<div class=\"gtx-trans-icon\"><\/div>\n<\/div>\n<\/div><\/section><\/div><div class=\"flex_column av_one_full  flex_column_div av-zero-column-padding first  avia-builder-el-4  el_after_av_one_full  el_before_av_hr  column-top-margin\" style='border-radius:0px; '><section class=\"av_textblock_section \"  itemscope=\"itemscope\" itemtype=\"https:\/\/schema.org\/BlogPosting\" itemprop=\"blogPost\" ><div class='avia_textblock  '   itemprop=\"text\" ><p style=\"text-align: justify;\">Los usuarios del Centro de Reinserci\u00f3n Social de Coyhaique, iniciaron el curso de Cocina Nacional e Internacional en las modalidades e-learning y presencial a cargo de la OTEC Ays\u00e9n Consultores.<\/p>\n<p style=\"text-align: justify;\">15 usuarios del Centro de Reinserci\u00f3n Social perteneciente a Gendarmer\u00eda de Chile, iniciaron recientemente las clases en modalidad mixta del curso Cocina Nacional e Internacional salida dependiente, siendo el primer curso del a\u00f1o 2021 que se ejecuta bajo esta modalidad y enmarcado en el Proyecto +R a nivel nacional.<\/p>\n<p style=\"text-align: justify;\">El curso Cocina Nacional e Internacional salida dependiente, ejecutado por la OTEC Ays\u00e9n Consultores, se realiza a trav\u00e9s de la modalidad b-learning o modalidad mixta, y considera 272 horas de clases, las que est\u00e1n dividas en 240 horas de m\u00f3dulos t\u00e9cnicos y 32 horas de m\u00f3dulos transversales, permitiendo a los y las participantes desarrollar el contenido te\u00f3rico usando la plataforma virtual en tiempos que cada uno estime conveniente, mientras que todo el entrenamiento pr\u00e1ctico se desarrolla de manera presencial en una cocina industrial debidamente acondicionada para realizar capacitaciones.<\/p>\n<p style=\"text-align: justify;\">Soledad, alumna de este curso valor\u00f3 la oportunidad de poder capacitarse\u00a0 se\u00f1alando \u201cpara m\u00ed es muy importante realizar este curso, ya que me sirve para proyectarme en los \u00e1mbitos laborales y personal, y as\u00ed obtener herramientas para salir adelante con todo lo que me proponga, tener buena comunicaci\u00f3n y aprender muchas cosas\u201d.<\/p>\n<p style=\"text-align: justify;\">En tanto, \u00a0el Seremi de Justicia y DD.HH Luis Prieto Epuyao se refiri\u00f3 a la importancia de retomar estos cursos que son parte del Proyecto +R indicando \u201cla mayor cantidad de usuarios de Gendarmer\u00eda se encuentra cumpliendo condena en el medio libre, por la aplicaci\u00f3n de una Pena Sustitutiva, de ah\u00ed lo significativo que el Programa +R tambi\u00e9n los incluya otorgando capacitaci\u00f3n y herramientas que contribuir\u00e1n a una reinserci\u00f3n efectiva, por lo que destacamos el \u00e1nimo de los participantes, y por supuesto el trabajo de los equipos de Genchi, Sence y la Otec Ays\u00e9n Consultores, en la materializaci\u00f3n de este curso bajo modalidad mixta\u201d.<\/p>\n<p style=\"text-align: justify;\">Por su parte, la Directora Regional de SENCE Katherine Kingma se\u00f1al\u00f3 que \u201cestamos muy contentos de poder participar de este proceso de reinserci\u00f3n laboral, de reconstrucci\u00f3n de las personas que han pasado por el sistema penal, y es por esto que nos gratifica much\u00edsimo poder dar inicio a este curso del Programa +R, destinado a 15 personas del sistema abierto y que se dio inicio el pasado 14 de abril y \u00a0que se estima concluir el 29 de julio, es un curso de cocina nacional e internacional que se estar\u00e1 dictando en dos modalidades e-learning y presencial\u201d.<\/p>\n<p style=\"text-align: justify;\">Finalmente, la directora de la OTEC Ays\u00e9n Consultores Marcia G\u00f3mez indic\u00f3 que \u201cpara nosotros es muy importante continuar con nuestro proceso de capacitaci\u00f3n y formaci\u00f3n de las personas, desde el a\u00f1o pasado implementamos un aula virtual denominada nopresencial.cl, donde hemos podido implementar cursos en modalidad e-learning y b-learning,\u00a0 precisamente en esta \u00faltima modalidad estamos ejecutando el curso de Cocina Nacional e Internacional enmarcado en el Proyecto +R orientado a personas del CRS de Gendarmer\u00eda de Chile, la experiencia es muy alentadora ya que atendemos principalmente a j\u00f3venes que a trav\u00e9s de este cursos est\u00e1n buscando nuevas oportunidades laborales\u201d.<\/p>\n<\/div><\/section><\/div><\/p>\n<div  style='height:50px' class='hr hr-invisible   avia-builder-el-6  el_after_av_one_full  el_before_av_social_share '><span class='hr-inner ' ><span class='hr-inner-style'><\/span><\/span><\/div>\n<div  class='av-social-sharing-box  avia-builder-el-7  el_after_av_hr  el_before_av_hr  '><div class='av-share-box'><h5 class='av-share-link-description av-no-toc '>Compartir esta noticia<\/h5><ul class='av-share-box-list noLightbox'><li class='av-share-link av-social-link-facebook' ><a target=\"_blank\" aria-label=\"Compartir en Facebook\" href='https:\/\/www.facebook.com\/sharer.php?u=https:\/\/radiorevelacionfm.cl\/?p=3465&#038;t=Quince%20usuarios%20del%20Centro%20de%20Reinserci%C3%B3n%20Social%20de%20Coyhaique%20iniciaron%20curso%20de%20Cocina' aria-hidden='false' data-av_icon='\ue8f3' data-av_iconfont='entypo-fontello' title='' data-avia-related-tooltip='Compartir en Facebook' rel=\"noopener\"><span class='avia_hidden_link_text'>Compartir en Facebook<\/span><\/a><\/li><li class='av-share-link av-social-link-twitter' ><a target=\"_blank\" aria-label=\"Compartir en Twitter\" href='https:\/\/twitter.com\/share?text=Quince%20usuarios%20del%20Centro%20de%20Reinserci%C3%B3n%20Social%20de%20Coyhaique%20iniciaron%20curso%20de%20Cocina&#038;url=https:\/\/radiorevelacionfm.cl\/?p=3465' aria-hidden='false' data-av_icon='\ue8f1' data-av_iconfont='entypo-fontello' title='' data-avia-related-tooltip='Compartir en Twitter' rel=\"noopener\"><span class='avia_hidden_link_text'>Compartir en Twitter<\/span><\/a><\/li><li class='av-share-link av-social-link-whatsapp' ><a target=\"_blank\" aria-label=\"Compartir en Whatsapp\" href='https:\/\/api.whatsapp.com\/send?text=https:\/\/radiorevelacionfm.cl\/?p=3465' aria-hidden='false' data-av_icon='\uf232' data-av_iconfont='entypo-fontello' title='' data-avia-related-tooltip='Compartir en Whatsapp' rel=\"noopener\"><span class='avia_hidden_link_text'>Compartir en Whatsapp<\/span><\/a><\/li><li class='av-share-link av-social-link-linkedin' ><a target=\"_blank\" aria-label=\"Compartir en LinkedIn\" href='https:\/\/linkedin.com\/shareArticle?mini=true&#038;title=Quince%20usuarios%20del%20Centro%20de%20Reinserci%C3%B3n%20Social%20de%20Coyhaique%20iniciaron%20curso%20de%20Cocina&#038;url=https:\/\/radiorevelacionfm.cl\/?p=3465' aria-hidden='false' data-av_icon='\ue8fc' data-av_iconfont='entypo-fontello' title='' data-avia-related-tooltip='Compartir en LinkedIn' rel=\"noopener\"><span class='avia_hidden_link_text'>Compartir en LinkedIn<\/span><\/a><\/li><li class='av-share-link av-social-link-mail' ><a  aria-label=\"Compartir por correo\" href='mailto:?subject=Quince%20usuarios%20del%20Centro%20de%20Reinserci%C3%B3n%20Social%20de%20Coyhaique%20iniciaron%20curso%20de%20Cocina&#038;body=https:\/\/radiorevelacionfm.cl\/?p=3465' aria-hidden='false' data-av_icon='\ue805' data-av_iconfont='entypo-fontello' title='' data-avia-related-tooltip='Compartir por correo'><span class='avia_hidden_link_text'>Compartir por correo<\/span><\/a><\/li><\/ul><\/div><\/div>\n<div  style='height:50px' class='hr hr-invisible   avia-builder-el-8  el_after_av_social_share  el_before_av_comments_list '><span class='hr-inner ' ><span class='hr-inner-style'><\/span><\/span><\/div>\n<div  class='av-buildercomment  av-blog-meta-html-info-disabled av-blog-meta-tag-disabled  '><\/div>\n","protected":false},"excerpt":{"rendered":"","protected":false},"author":1,"featured_media":0,"comment_status":"open","ping_status":"open","sticky":false,"template":"","format":"standard","meta":{"footnotes":""},"categories":[55],"tags":[],"class_list":["post-3465","post","type-post","status-publish","format-standard","hentry","category-justicia"],"jetpack_featured_media_url":"","_links":{"self":[{"href":"https:\/\/radiorevelacionfm.cl\/index.php?rest_route=\/wp\/v2\/posts\/3465","targetHints":{"allow":["GET"]}}],"collection":[{"href":"https:\/\/radiorevelacionfm.cl\/index.php?rest_route=\/wp\/v2\/posts"}],"about":[{"href":"https:\/\/radiorevelacionfm.cl\/index.php?rest_route=\/wp\/v2\/types\/post"}],"author":[{"embeddable":true,"href":"https:\/\/radiorevelacionfm.cl\/index.php?rest_route=\/wp\/v2\/users\/1"}],"replies":[{"embeddable":true,"href":"https:\/\/radiorevelacionfm.cl\/index.php?rest_route=%2Fwp%2Fv2%2Fcomments&post=3465"}],"version-history":[{"count":2,"href":"https:\/\/radiorevelacionfm.cl\/index.php?rest_route=\/wp\/v2\/posts\/3465\/revisions"}],"predecessor-version":[{"id":3477,"href":"https:\/\/radiorevelacionfm.cl\/index.php?rest_route=\/wp\/v2\/posts\/3465\/revisions\/3477"}],"wp:attachment":[{"href":"https:\/\/radiorevelacionfm.cl\/index.php?rest_route=%2Fwp%2Fv2%2Fmedia&parent=3465"}],"wp:term":[{"taxonomy":"category","embeddable":true,"href":"https:\/\/radiorevelacionfm.cl\/index.php?rest_route=%2Fwp%2Fv2%2Fcategories&post=3465"},{"taxonomy":"post_tag","embeddable":true,"href":"https:\/\/radiorevelacionfm.cl\/index.php?rest_route=%2Fwp%2Fv2%2Ftags&post=3465"}],"curies":[{"name":"wp","href":"https:\/\/api.w.org\/{rel}","templated":true}]}}