{"id":34648,"date":"2023-09-05T15:01:21","date_gmt":"2023-09-05T18:01:21","guid":{"rendered":"https:\/\/radiorevelacionfm.cl\/?p=34648"},"modified":"2023-09-05T15:01:21","modified_gmt":"2023-09-05T18:01:21","slug":"sec-aysen-oficia-a-municipios-de-la-region-para-que-se-cumpla-la-normativa-electrica-en-fondas-y-ramadas","status":"publish","type":"post","link":"https:\/\/radiorevelacionfm.cl\/?p=34648","title":{"rendered":"SEC Ays\u00e9n oficia a municipios de la regi\u00f3n para que se cumpla la normativa el\u00e9ctrica en fondas y ramadas"},"content":{"rendered":"<div class=\"flex_column av_one_full  flex_column_div av-zero-column-padding first  avia-builder-el-0  el_before_av_one_full  avia-builder-el-first  \" style='border-radius:0px; '><div  class='avia-image-container  av-styling-    avia-builder-el-1  avia-builder-el-no-sibling  avia-align-center '  itemprop=\"image\" itemscope=\"itemscope\" itemtype=\"https:\/\/schema.org\/ImageObject\"  ><div class='avia-image-container-inner'><div class='avia-image-overlay-wrap'><img decoding=\"async\" class='wp-image-34649 avia-img-lazy-loading-not-34649 avia_image' src=\"https:\/\/radiorevelacionfm.cl\/wp-content\/uploads\/2023\/09\/2-76-2_optimized.jpg\" alt='' title='2-(76)-(2)_optimized' height=\"600\" width=\"914\"  itemprop=\"thumbnailUrl\" srcset=\"https:\/\/radiorevelacionfm.cl\/wp-content\/uploads\/2023\/09\/2-76-2_optimized.jpg 914w, https:\/\/radiorevelacionfm.cl\/wp-content\/uploads\/2023\/09\/2-76-2_optimized-300x197.jpg 300w, https:\/\/radiorevelacionfm.cl\/wp-content\/uploads\/2023\/09\/2-76-2_optimized-768x504.jpg 768w, https:\/\/radiorevelacionfm.cl\/wp-content\/uploads\/2023\/09\/2-76-2_optimized-705x463.jpg 705w, https:\/\/radiorevelacionfm.cl\/wp-content\/uploads\/2023\/09\/2-76-2_optimized-450x295.jpg 450w, https:\/\/radiorevelacionfm.cl\/wp-content\/uploads\/2023\/09\/2-76-2_optimized-600x394.jpg 600w\" sizes=\"(max-width: 914px) 100vw, 914px\" \/><\/div><\/div><\/div><\/div><div class=\"flex_column av_one_full  flex_column_div av-zero-column-padding first  avia-builder-el-2  el_after_av_one_full  el_before_av_one_full  column-top-margin\" style='border-radius:0px; '><section class=\"av_textblock_section \"  itemscope=\"itemscope\" itemtype=\"https:\/\/schema.org\/BlogPosting\" itemprop=\"blogPost\" ><div class='avia_textblock  '   itemprop=\"text\" ><p style=\"text-align: center;\"><strong><span style=\"font-size: 18pt;\">SEC Ays\u00e9n oficia a municipios de la regi\u00f3n para que se cumpla la normativa el\u00e9ctrica en fondas y ramadas <\/span><\/strong><\/p>\n<div id=\"gtx-trans\" style=\"position: absolute; left: -50px; top: 4.31534px;\">\n<div class=\"gtx-trans-icon\"><\/div>\n<\/div>\n<\/div><\/section><\/div><div class=\"flex_column av_one_full  flex_column_div av-zero-column-padding first  avia-builder-el-4  el_after_av_one_full  el_before_av_hr  column-top-margin\" style='border-radius:0px; '><section class=\"av_textblock_section \"  itemscope=\"itemscope\" itemtype=\"https:\/\/schema.org\/BlogPosting\" itemprop=\"blogPost\" ><div class='avia_textblock  '   itemprop=\"text\" ><p style=\"font-weight: 400; text-align: justify;\">La Direcci\u00f3n Regional de Ays\u00e9n de la Superintendencia de Electricidad y Combustibles, SEC, ofici\u00f3 a las municipalidades de toda la regi\u00f3n para que se cumpla la normativa vigente, respecto a las instalaciones el\u00e9ctricas de ramadas, fondas y ferias que se instalen en la zona con motivo de estas Fiestas Patrias 2023. Esto, con el prop\u00f3sito de evitar eventuales situaciones de riesgo o accidentes que puedan afectar a personas o bienes.<\/p>\n<p style=\"font-weight: 400; text-align: justify;\">El organismo fiscalizador recalc\u00f3 que la principal exigencia es que toda instalaci\u00f3n el\u00e9ctrica provisional, independiente de su fuente de alimentaci\u00f3n (conectada a la red el\u00e9ctrica, con grupos generadores u otras), debe ser declarada en la SEC por una Instaladora o Instalador El\u00e9ctrico Autorizado.<\/p>\n<p style=\"font-weight: 400; text-align: justify;\">El Director Regional de SEC Ays\u00e9n, Hugo Ardiles, hizo un llamado para disfrutar de estas Fiestas Patrias en forma segura y record\u00f3 que \u201ces responsabilidad de cada propietario -de todo tipo de instalaciones el\u00e9ctricas- el cumplir con las normas t\u00e9cnicas y reglamentos establecidos en la normativa vigente con el prop\u00f3sito de evitar la ocurrencia de situaciones de riesgo que pueden afectar tanto a los asistentes como a los trabajadores o bienes\u201d.<\/p>\n<p style=\"font-weight: 400; text-align: justify;\">Y agreg\u00f3 que \u201csi durante las fiscalizaciones se constata que las instalaciones no se ajustan a la normativa vigente y\/o reglamentaria, se pueden establecer eventuales sanciones que le correspondan al instalador o responsable\u201d.<\/p>\n<p style=\"font-weight: 400; text-align: justify;\"><strong>EXIGENCIAS DE LA NORMATIVA<\/strong><\/p>\n<p style=\"font-weight: 400; text-align: justify;\">Entre las exigencias de la normativa, se contempla que los generadores deben estar protegidos para evitar peligros y lesiones a las personas; todos los tableros el\u00e9ctricos deben estar situados en un lugar restringido al p\u00fablico y despejados de cualquier obst\u00e1culo que impida su adecuada manipulaci\u00f3n; contar con disyuntores y diferenciales que protejan, tanto a la instalaci\u00f3n como a las personas, junto a una adecuada puesta a tierra.<\/p>\n<p style=\"font-weight: 400; text-align: justify;\">Adem\u00e1s, no se deben usar conductores en mal estado o con su aislamiento deteriorado, tampoco clavos o medios similares para efectuar la sujeci\u00f3n de conductores el\u00e9ctricos y considerar la altura adecuada para no entorpecer el tr\u00e1nsito normal de peatones.<\/p>\n<p style=\"font-weight: 400; text-align: justify;\">Otra de las exigencias es que todas las instalaciones provisorias deber\u00e1n estar debidamente declaradas en la SEC. En ese contexto, ser\u00e1 responsabilidad de los municipios el formalizar esta exigencia a los interesados en operar este tipo de instalaciones.<\/p>\n<p style=\"font-weight: 400; text-align: justify;\">El director regional recalc\u00f3 que \u201cnuestro objetivo como SEC es que la ciudadan\u00eda pueda concurrir a las fondas y ramadas con la tranquilidad de saber que, desde el punto de vista el\u00e9ctrico, son lugares seguros. Por ello, les solicitamos a los municipios que tengan presentes estas exigencias, de manera de garantizar que las entidades o personas interesadas en instalarse con estos recintos tomen todas las medidas correspondientes con la debida anticipaci\u00f3n\u201d.<\/p>\n<p style=\"font-weight: 400; text-align: justify;\">Finalmente, se invita a la comunidad a seguir la cuenta oficial de la SEC en Instagram (@sec_chile), donde se podr\u00e1 acceder a informaci\u00f3n \u00fatil y consejos de seguridad para el uso de los energ\u00e9ticos, la que se suma a nuestros perfiles disponibles en Twitter (@SEC_cl) y Facebook, como Superintendencia SEC.<\/p>\n<\/div><\/section><\/div><div  style='height:50px' class='hr hr-invisible   avia-builder-el-6  el_after_av_one_full  el_before_av_social_share '><span class='hr-inner ' ><span class='hr-inner-style'><\/span><\/span><\/div><\/p>\n<div  class='av-social-sharing-box  avia-builder-el-7  el_after_av_hr  el_before_av_hr  '><div class='av-share-box'><h5 class='av-share-link-description av-no-toc '>Compartir esta noticia<\/h5><ul class='av-share-box-list noLightbox'><li class='av-share-link av-social-link-facebook' ><a target=\"_blank\" aria-label=\"Compartir en Facebook\" href='https:\/\/www.facebook.com\/sharer.php?u=https:\/\/radiorevelacionfm.cl\/?p=34648&#038;t=SEC%20Ays%C3%A9n%20oficia%20a%20municipios%20de%20la%20regi%C3%B3n%20para%20que%20se%20cumpla%20la%20normativa%20el%C3%A9ctrica%20en%20fondas%20y%20ramadas' aria-hidden='false' data-av_icon='\ue8f3' data-av_iconfont='entypo-fontello' title='' data-avia-related-tooltip='Compartir en Facebook' rel=\"noopener\"><span class='avia_hidden_link_text'>Compartir en Facebook<\/span><\/a><\/li><li class='av-share-link av-social-link-twitter' ><a target=\"_blank\" aria-label=\"Compartir en Twitter\" href='https:\/\/twitter.com\/share?text=SEC%20Ays%C3%A9n%20oficia%20a%20municipios%20de%20la%20regi%C3%B3n%20para%20que%20se%20cumpla%20la%20normativa%20el%C3%A9ctrica%20en%20fondas%20y%20ramadas&#038;url=https:\/\/radiorevelacionfm.cl\/?p=34648' aria-hidden='false' data-av_icon='\ue8f1' data-av_iconfont='entypo-fontello' title='' data-avia-related-tooltip='Compartir en Twitter' rel=\"noopener\"><span class='avia_hidden_link_text'>Compartir en Twitter<\/span><\/a><\/li><li class='av-share-link av-social-link-whatsapp' ><a target=\"_blank\" aria-label=\"Compartir en Whatsapp\" href='https:\/\/api.whatsapp.com\/send?text=https:\/\/radiorevelacionfm.cl\/?p=34648' aria-hidden='false' data-av_icon='\uf232' data-av_iconfont='entypo-fontello' title='' data-avia-related-tooltip='Compartir en Whatsapp' rel=\"noopener\"><span class='avia_hidden_link_text'>Compartir en Whatsapp<\/span><\/a><\/li><li class='av-share-link av-social-link-linkedin' ><a target=\"_blank\" aria-label=\"Compartir en LinkedIn\" href='https:\/\/linkedin.com\/shareArticle?mini=true&#038;title=SEC%20Ays%C3%A9n%20oficia%20a%20municipios%20de%20la%20regi%C3%B3n%20para%20que%20se%20cumpla%20la%20normativa%20el%C3%A9ctrica%20en%20fondas%20y%20ramadas&#038;url=https:\/\/radiorevelacionfm.cl\/?p=34648' aria-hidden='false' data-av_icon='\ue8fc' data-av_iconfont='entypo-fontello' title='' data-avia-related-tooltip='Compartir en LinkedIn' rel=\"noopener\"><span class='avia_hidden_link_text'>Compartir en LinkedIn<\/span><\/a><\/li><li class='av-share-link av-social-link-mail' ><a  aria-label=\"Compartir por correo\" href='mailto:?subject=SEC%20Ays%C3%A9n%20oficia%20a%20municipios%20de%20la%20regi%C3%B3n%20para%20que%20se%20cumpla%20la%20normativa%20el%C3%A9ctrica%20en%20fondas%20y%20ramadas&#038;body=https:\/\/radiorevelacionfm.cl\/?p=34648' aria-hidden='false' data-av_icon='\ue805' data-av_iconfont='entypo-fontello' title='' data-avia-related-tooltip='Compartir por correo'><span class='avia_hidden_link_text'>Compartir por correo<\/span><\/a><\/li><\/ul><\/div><\/div>\n<div  style='height:50px' class='hr hr-invisible   avia-builder-el-8  el_after_av_social_share  el_before_av_comments_list '><span class='hr-inner ' ><span class='hr-inner-style'><\/span><\/span><\/div>\n<div  class='av-buildercomment  av-blog-meta-html-info-disabled av-blog-meta-tag-disabled  '><\/div>\n","protected":false},"excerpt":{"rendered":"","protected":false},"author":1,"featured_media":34649,"comment_status":"open","ping_status":"open","sticky":false,"template":"","format":"standard","meta":{"footnotes":""},"categories":[38],"tags":[],"class_list":["post-34648","post","type-post","status-publish","format-standard","has-post-thumbnail","hentry","category-regional"],"jetpack_featured_media_url":"https:\/\/radiorevelacionfm.cl\/wp-content\/uploads\/2023\/09\/2-76-2_optimized.jpg","_links":{"self":[{"href":"https:\/\/radiorevelacionfm.cl\/index.php?rest_route=\/wp\/v2\/posts\/34648","targetHints":{"allow":["GET"]}}],"collection":[{"href":"https:\/\/radiorevelacionfm.cl\/index.php?rest_route=\/wp\/v2\/posts"}],"about":[{"href":"https:\/\/radiorevelacionfm.cl\/index.php?rest_route=\/wp\/v2\/types\/post"}],"author":[{"embeddable":true,"href":"https:\/\/radiorevelacionfm.cl\/index.php?rest_route=\/wp\/v2\/users\/1"}],"replies":[{"embeddable":true,"href":"https:\/\/radiorevelacionfm.cl\/index.php?rest_route=%2Fwp%2Fv2%2Fcomments&post=34648"}],"version-history":[{"count":1,"href":"https:\/\/radiorevelacionfm.cl\/index.php?rest_route=\/wp\/v2\/posts\/34648\/revisions"}],"predecessor-version":[{"id":34650,"href":"https:\/\/radiorevelacionfm.cl\/index.php?rest_route=\/wp\/v2\/posts\/34648\/revisions\/34650"}],"wp:featuredmedia":[{"embeddable":true,"href":"https:\/\/radiorevelacionfm.cl\/index.php?rest_route=\/wp\/v2\/media\/34649"}],"wp:attachment":[{"href":"https:\/\/radiorevelacionfm.cl\/index.php?rest_route=%2Fwp%2Fv2%2Fmedia&parent=34648"}],"wp:term":[{"taxonomy":"category","embeddable":true,"href":"https:\/\/radiorevelacionfm.cl\/index.php?rest_route=%2Fwp%2Fv2%2Fcategories&post=34648"},{"taxonomy":"post_tag","embeddable":true,"href":"https:\/\/radiorevelacionfm.cl\/index.php?rest_route=%2Fwp%2Fv2%2Ftags&post=34648"}],"curies":[{"name":"wp","href":"https:\/\/api.w.org\/{rel}","templated":true}]}}