{"id":34645,"date":"2023-09-05T12:39:55","date_gmt":"2023-09-05T15:39:55","guid":{"rendered":"https:\/\/radiorevelacionfm.cl\/?p=34645"},"modified":"2023-09-05T12:39:55","modified_gmt":"2023-09-05T15:39:55","slug":"con-folclore-y-luminarias-alusivas-a-fiestas-patrias-se-inauguro-el-mes-de-la-chilenidad-en-puerto-aysen","status":"publish","type":"post","link":"https:\/\/radiorevelacionfm.cl\/?p=34645","title":{"rendered":"Con folclore y luminarias alusivas a Fiestas Patrias se inaugur\u00f3 el \u201cmes de la Chilenidad\u201d en Puerto Ays\u00e9n"},"content":{"rendered":"<div class=\"flex_column av_one_full  flex_column_div av-zero-column-padding first  avia-builder-el-0  el_before_av_one_full  avia-builder-el-first  \" style='border-radius:0px; '><div  class='avia-image-container  av-styling-    avia-builder-el-1  avia-builder-el-no-sibling  avia-align-center '  itemprop=\"image\" itemscope=\"itemscope\" itemtype=\"https:\/\/schema.org\/ImageObject\"  ><div class='avia-image-container-inner'><div class='avia-image-overlay-wrap'><img decoding=\"async\" class='wp-image-34646 avia-img-lazy-loading-not-34646 avia_image' src=\"https:\/\/radiorevelacionfm.cl\/wp-content\/uploads\/2023\/09\/CHILENIDAD-AYSEN-2-1-1.jpg\" alt='' title='CHILENIDAD AYSEN 2 (1) (1)' height=\"600\" width=\"1067\"  itemprop=\"thumbnailUrl\" srcset=\"https:\/\/radiorevelacionfm.cl\/wp-content\/uploads\/2023\/09\/CHILENIDAD-AYSEN-2-1-1.jpg 1067w, https:\/\/radiorevelacionfm.cl\/wp-content\/uploads\/2023\/09\/CHILENIDAD-AYSEN-2-1-1-300x169.jpg 300w, https:\/\/radiorevelacionfm.cl\/wp-content\/uploads\/2023\/09\/CHILENIDAD-AYSEN-2-1-1-1030x579.jpg 1030w, https:\/\/radiorevelacionfm.cl\/wp-content\/uploads\/2023\/09\/CHILENIDAD-AYSEN-2-1-1-768x432.jpg 768w, https:\/\/radiorevelacionfm.cl\/wp-content\/uploads\/2023\/09\/CHILENIDAD-AYSEN-2-1-1-705x396.jpg 705w, https:\/\/radiorevelacionfm.cl\/wp-content\/uploads\/2023\/09\/CHILENIDAD-AYSEN-2-1-1-450x253.jpg 450w, https:\/\/radiorevelacionfm.cl\/wp-content\/uploads\/2023\/09\/CHILENIDAD-AYSEN-2-1-1-600x337.jpg 600w\" sizes=\"(max-width: 1067px) 100vw, 1067px\" \/><\/div><\/div><\/div><\/div><div class=\"flex_column av_one_full  flex_column_div av-zero-column-padding first  avia-builder-el-2  el_after_av_one_full  el_before_av_one_full  column-top-margin\" style='border-radius:0px; '><section class=\"av_textblock_section \"  itemscope=\"itemscope\" itemtype=\"https:\/\/schema.org\/BlogPosting\" itemprop=\"blogPost\" ><div class='avia_textblock  '   itemprop=\"text\" ><p style=\"text-align: center;\"><strong><span style=\"font-size: 18pt;\">Con folclore y luminarias alusivas a Fiestas Patrias se inaugur\u00f3 el \u201cmes de la Chilenidad\u201d en Puerto Ays\u00e9n<\/span><\/strong><\/p>\n<div id=\"gtx-trans\" style=\"position: absolute; left: -50px; top: 4.31534px;\">\n<div class=\"gtx-trans-icon\"><\/div>\n<\/div>\n<\/div><\/section><\/div><div class=\"flex_column av_one_full  flex_column_div av-zero-column-padding first  avia-builder-el-4  el_after_av_one_full  el_before_av_hr  column-top-margin\" style='border-radius:0px; '><section class=\"av_textblock_section \"  itemscope=\"itemscope\" itemtype=\"https:\/\/schema.org\/BlogPosting\" itemprop=\"blogPost\" ><div class='avia_textblock  '   itemprop=\"text\" ><p style=\"text-align: justify;\"><em>El trabajo de los funcionarios de DAOMA y la presentaci\u00f3n del conjunto Folcl\u00f3rico \u201cNalcayec\u201d, \u201cArrieros de Ays\u00e9n\u201d, \u201cCuequeros Sin Fronteras\u201d, \u201cPatagonia Mia\u201d y \u201cFantas\u00eda Sure\u00f1a\u201d, fueron aplaudidos por toda la comunidad que lleg\u00f3 hasta el principal paseo p\u00fablico de Puerto Ays\u00e9n.<\/em><\/p>\n<p style=\"text-align: justify;\">La Plaza de Armas de Puerto Ays\u00e9n la noche de este lunes, se convirti\u00f3 en el escenario propicio para integrantes de agrupaciones folcl\u00f3ricas de la ciudad den muestra de sus conocimientos de nuestro baile nacional, que, junto al encendido de las luminarias y figuras alusivas a Fiestas Patrias, dieron el inicio al mes de la Chilenidad en la comuna.<\/p>\n<p style=\"text-align: justify;\">El Alcalde Julio Uribe Alvarado, enfatiz\u00f3 en el gran trabajo del equipo municipal, en particular de DAOMA, lo que ha permitido en estos tres \u00faltimos a\u00f1os llenar de colorido los distintos puntos de la comuna.<\/p>\n<p style=\"text-align: justify;\">\u201cTercer 18 que me toca dirigir la comuna, en estas tres oportunidades hemos adornado en forma especial nuestra Plaza de Armas, nuestro puente Presidente Ib\u00e1\u00f1ez, nuestra plaza Mahuen y as\u00ed todas las localidades de nuestra comuna, como Ma\u00f1ihuales, Islas Huichas, Los Torreones, Puerto Chacabuco. As\u00ed es que, estamos felices de poder adornar nuestros diferentes lugares para atraer a turistas, para que vengan visitantes, que vean que Puerto Ays\u00e9n tiene un encanto especial\u201d.<\/p>\n<p style=\"text-align: justify;\">Por su parte, el director de aseo ornato y medio ambiente de la Municipalidad, Jorge Hurtado, manifest\u00f3 que, \u201ccuando se acercan estas fechas que para nosotros son s\u00faper importantes, para el Municipio es importante y para el Alcalde tambi\u00e9n es importante poder reflejarla, no solamente a nivel local, sino que tambi\u00e9n, a nivel regional. Bastante contento con el resultado y esto es netamente m\u00e9rito de los funcionarios, el equipo que trabaja conmigo, detr\u00e1s hay un trabajo bastante arduo, son horas y horas de sacrificio para poder plasmar toda esta belleza que se engalana en el mes de la Chilenidad, as\u00ed es que, relevar a mi equipo, que, sin ellos esto no ser\u00eda posible\u201d.<\/p>\n<p style=\"text-align: justify;\">En la actividad se encontraba, Mauricio, camionero proveniente del norte del pa\u00eds, quien se\u00f1al\u00f3 que todo est\u00e1, \u201cmuy bonito, yo no soy de ac\u00e1, vengo del norte de San Antonio, soy camionero y me sorprendi\u00f3 la inauguraci\u00f3n del mes de la Patria. All\u00e1 no se ve esto, as\u00ed es que, muchas felicidades al Alcalde, a la Municipalidad, a todos los funcionarios\u201d.<\/p>\n<p style=\"text-align: justify;\">Juan Ignacio, tambi\u00e9n valor\u00f3 el trabajo del equipo municipal para embellecer la comuna en este mes de la Chilenidad. \u201cMe parece una experiencia maravillosa, me gusta que hagan participar a la familia y esto hace m\u00e1s lindo a Puerto Ays\u00e9n. Por lo tanto, que la Municipalidad se haya preocupado por dar m\u00e1s iluminaci\u00f3n, m\u00e1s vida, al ambiente, para que se pueda compartir independientemente del frio que hay, porque se nota una sensaci\u00f3n familiar\u201d.<\/p>\n<p style=\"text-align: justify;\">Teresa, vecina de Puerto Ays\u00e9n llam\u00f3 a cuidar el trabajo inaugurado este lunes alusivo a Fiestas Patrias, \u201cme encanta ver a Puerto Ays\u00e9n as\u00ed, vivo, alegre, me fascina, aparte que el folclore te da una linda sensaci\u00f3n. Todo esto se ve lindo, ojal\u00e1 que la gente lo cuide, que eso es lo importante, para que todo el mes esto se vea bonito\u201d.<\/p>\n<p style=\"text-align: justify;\">Durante la actividad se cont\u00f3 con la participaci\u00f3n del conjunto Folcl\u00f3rico \u201cNalcayec\u201d, \u201cArrieros de Ays\u00e9n\u201d, \u201cCuequeros Sin Fronteras\u201d, \u201cPatagonia Mia\u201d, \u201cFantas\u00eda Sure\u00f1a\u201d, a quienes, desde la Municipalidad de Ays\u00e9n a trav\u00e9s de su Alcalde Julio Uribe, agradecieron el enorme aporte a la cultura y su constante colaboraci\u00f3n en cada una de las iniciativas que se llevan a cabo durante el mes de la Chilenidad.<\/p>\n<\/div><\/section><\/div><div  style='height:50px' class='hr hr-invisible   avia-builder-el-6  el_after_av_one_full  el_before_av_social_share '><span class='hr-inner ' ><span class='hr-inner-style'><\/span><\/span><\/div><\/p>\n<div  class='av-social-sharing-box  avia-builder-el-7  el_after_av_hr  el_before_av_hr  '><div class='av-share-box'><h5 class='av-share-link-description av-no-toc '>Compartir esta noticia<\/h5><ul class='av-share-box-list noLightbox'><li class='av-share-link av-social-link-facebook' ><a target=\"_blank\" aria-label=\"Compartir en Facebook\" href='https:\/\/www.facebook.com\/sharer.php?u=https:\/\/radiorevelacionfm.cl\/?p=34645&#038;t=Con%20folclore%20y%20luminarias%20alusivas%20a%20Fiestas%20Patrias%20se%20inaugur%C3%B3%20el%20%E2%80%9Cmes%20de%20la%20Chilenidad%E2%80%9D%20en%20Puerto%20Ays%C3%A9n' aria-hidden='false' data-av_icon='\ue8f3' data-av_iconfont='entypo-fontello' title='' data-avia-related-tooltip='Compartir en Facebook' rel=\"noopener\"><span class='avia_hidden_link_text'>Compartir en Facebook<\/span><\/a><\/li><li class='av-share-link av-social-link-twitter' ><a target=\"_blank\" aria-label=\"Compartir en Twitter\" href='https:\/\/twitter.com\/share?text=Con%20folclore%20y%20luminarias%20alusivas%20a%20Fiestas%20Patrias%20se%20inaugur%C3%B3%20el%20%E2%80%9Cmes%20de%20la%20Chilenidad%E2%80%9D%20en%20Puerto%20Ays%C3%A9n&#038;url=https:\/\/radiorevelacionfm.cl\/?p=34645' aria-hidden='false' data-av_icon='\ue8f1' data-av_iconfont='entypo-fontello' title='' data-avia-related-tooltip='Compartir en Twitter' rel=\"noopener\"><span class='avia_hidden_link_text'>Compartir en Twitter<\/span><\/a><\/li><li class='av-share-link av-social-link-whatsapp' ><a target=\"_blank\" aria-label=\"Compartir en Whatsapp\" href='https:\/\/api.whatsapp.com\/send?text=https:\/\/radiorevelacionfm.cl\/?p=34645' aria-hidden='false' data-av_icon='\uf232' data-av_iconfont='entypo-fontello' title='' data-avia-related-tooltip='Compartir en Whatsapp' rel=\"noopener\"><span class='avia_hidden_link_text'>Compartir en Whatsapp<\/span><\/a><\/li><li class='av-share-link av-social-link-linkedin' ><a target=\"_blank\" aria-label=\"Compartir en LinkedIn\" href='https:\/\/linkedin.com\/shareArticle?mini=true&#038;title=Con%20folclore%20y%20luminarias%20alusivas%20a%20Fiestas%20Patrias%20se%20inaugur%C3%B3%20el%20%E2%80%9Cmes%20de%20la%20Chilenidad%E2%80%9D%20en%20Puerto%20Ays%C3%A9n&#038;url=https:\/\/radiorevelacionfm.cl\/?p=34645' aria-hidden='false' data-av_icon='\ue8fc' data-av_iconfont='entypo-fontello' title='' data-avia-related-tooltip='Compartir en LinkedIn' rel=\"noopener\"><span class='avia_hidden_link_text'>Compartir en LinkedIn<\/span><\/a><\/li><li class='av-share-link av-social-link-mail' ><a  aria-label=\"Compartir por correo\" href='mailto:?subject=Con%20folclore%20y%20luminarias%20alusivas%20a%20Fiestas%20Patrias%20se%20inaugur%C3%B3%20el%20%E2%80%9Cmes%20de%20la%20Chilenidad%E2%80%9D%20en%20Puerto%20Ays%C3%A9n&#038;body=https:\/\/radiorevelacionfm.cl\/?p=34645' aria-hidden='false' data-av_icon='\ue805' data-av_iconfont='entypo-fontello' title='' data-avia-related-tooltip='Compartir por correo'><span class='avia_hidden_link_text'>Compartir por correo<\/span><\/a><\/li><\/ul><\/div><\/div>\n<div  style='height:50px' class='hr hr-invisible   avia-builder-el-8  el_after_av_social_share  el_before_av_comments_list '><span class='hr-inner ' ><span class='hr-inner-style'><\/span><\/span><\/div>\n<div  class='av-buildercomment  av-blog-meta-html-info-disabled av-blog-meta-tag-disabled  '><\/div>\n","protected":false},"excerpt":{"rendered":"","protected":false},"author":1,"featured_media":34646,"comment_status":"open","ping_status":"open","sticky":false,"template":"","format":"standard","meta":{"footnotes":""},"categories":[38],"tags":[],"class_list":["post-34645","post","type-post","status-publish","format-standard","has-post-thumbnail","hentry","category-regional"],"jetpack_featured_media_url":"https:\/\/radiorevelacionfm.cl\/wp-content\/uploads\/2023\/09\/CHILENIDAD-AYSEN-2-1-1.jpg","_links":{"self":[{"href":"https:\/\/radiorevelacionfm.cl\/index.php?rest_route=\/wp\/v2\/posts\/34645","targetHints":{"allow":["GET"]}}],"collection":[{"href":"https:\/\/radiorevelacionfm.cl\/index.php?rest_route=\/wp\/v2\/posts"}],"about":[{"href":"https:\/\/radiorevelacionfm.cl\/index.php?rest_route=\/wp\/v2\/types\/post"}],"author":[{"embeddable":true,"href":"https:\/\/radiorevelacionfm.cl\/index.php?rest_route=\/wp\/v2\/users\/1"}],"replies":[{"embeddable":true,"href":"https:\/\/radiorevelacionfm.cl\/index.php?rest_route=%2Fwp%2Fv2%2Fcomments&post=34645"}],"version-history":[{"count":1,"href":"https:\/\/radiorevelacionfm.cl\/index.php?rest_route=\/wp\/v2\/posts\/34645\/revisions"}],"predecessor-version":[{"id":34647,"href":"https:\/\/radiorevelacionfm.cl\/index.php?rest_route=\/wp\/v2\/posts\/34645\/revisions\/34647"}],"wp:featuredmedia":[{"embeddable":true,"href":"https:\/\/radiorevelacionfm.cl\/index.php?rest_route=\/wp\/v2\/media\/34646"}],"wp:attachment":[{"href":"https:\/\/radiorevelacionfm.cl\/index.php?rest_route=%2Fwp%2Fv2%2Fmedia&parent=34645"}],"wp:term":[{"taxonomy":"category","embeddable":true,"href":"https:\/\/radiorevelacionfm.cl\/index.php?rest_route=%2Fwp%2Fv2%2Fcategories&post=34645"},{"taxonomy":"post_tag","embeddable":true,"href":"https:\/\/radiorevelacionfm.cl\/index.php?rest_route=%2Fwp%2Fv2%2Ftags&post=34645"}],"curies":[{"name":"wp","href":"https:\/\/api.w.org\/{rel}","templated":true}]}}