{"id":34642,"date":"2023-09-05T11:41:24","date_gmt":"2023-09-05T14:41:24","guid":{"rendered":"https:\/\/radiorevelacionfm.cl\/?p=34642"},"modified":"2023-09-05T11:41:24","modified_gmt":"2023-09-05T14:41:24","slug":"todas-y-todos-invitados-al-dialogo-ciudadanos-para-actualizar-la-ley-base-del-medio-ambiente","status":"publish","type":"post","link":"https:\/\/radiorevelacionfm.cl\/?p=34642","title":{"rendered":"Todas y todos invitados al di\u00e1logo ciudadanos para actualizar la ley base del Medio Ambiente"},"content":{"rendered":"<div class=\"flex_column av_one_full  flex_column_div av-zero-column-padding first  avia-builder-el-0  el_before_av_one_full  avia-builder-el-first  \" style='border-radius:0px; '><div  class='avia-image-container  av-styling-    avia-builder-el-1  avia-builder-el-no-sibling  avia-align-center '  itemprop=\"image\" itemscope=\"itemscope\" itemtype=\"https:\/\/schema.org\/ImageObject\"  ><div class='avia-image-container-inner'><div class='avia-image-overlay-wrap'><img decoding=\"async\" class='wp-image-34643 avia-img-lazy-loading-not-34643 avia_image' src=\"https:\/\/radiorevelacionfm.cl\/wp-content\/uploads\/2023\/09\/dialogos_aysen_1-1-1_optimized.jpg\" alt='' title='dialogos_aysen_1-(1)-(1)_optimized' height=\"600\" width=\"600\"  itemprop=\"thumbnailUrl\" srcset=\"https:\/\/radiorevelacionfm.cl\/wp-content\/uploads\/2023\/09\/dialogos_aysen_1-1-1_optimized.jpg 600w, https:\/\/radiorevelacionfm.cl\/wp-content\/uploads\/2023\/09\/dialogos_aysen_1-1-1_optimized-300x300.jpg 300w, https:\/\/radiorevelacionfm.cl\/wp-content\/uploads\/2023\/09\/dialogos_aysen_1-1-1_optimized-80x80.jpg 80w, https:\/\/radiorevelacionfm.cl\/wp-content\/uploads\/2023\/09\/dialogos_aysen_1-1-1_optimized-36x36.jpg 36w, https:\/\/radiorevelacionfm.cl\/wp-content\/uploads\/2023\/09\/dialogos_aysen_1-1-1_optimized-180x180.jpg 180w, https:\/\/radiorevelacionfm.cl\/wp-content\/uploads\/2023\/09\/dialogos_aysen_1-1-1_optimized-120x120.jpg 120w, https:\/\/radiorevelacionfm.cl\/wp-content\/uploads\/2023\/09\/dialogos_aysen_1-1-1_optimized-450x450.jpg 450w, https:\/\/radiorevelacionfm.cl\/wp-content\/uploads\/2023\/09\/dialogos_aysen_1-1-1_optimized-100x100.jpg 100w\" sizes=\"(max-width: 600px) 100vw, 600px\" \/><\/div><\/div><\/div><\/div><div class=\"flex_column av_one_full  flex_column_div av-zero-column-padding first  avia-builder-el-2  el_after_av_one_full  el_before_av_one_full  column-top-margin\" style='border-radius:0px; '><section class=\"av_textblock_section \"  itemscope=\"itemscope\" itemtype=\"https:\/\/schema.org\/BlogPosting\" itemprop=\"blogPost\" ><div class='avia_textblock  '   itemprop=\"text\" ><p style=\"text-align: center;\"><span style=\"font-size: 18pt;\"><strong>Todas y todos invitados al di\u00e1logo ciudadanos para actualizar la ley base del Medio Ambiente <\/strong><\/span><\/p>\n<div id=\"gtx-trans\" style=\"position: absolute; left: -50px; top: 4.31534px;\">\n<div class=\"gtx-trans-icon\"><\/div>\n<\/div>\n<\/div><\/section><\/div><div class=\"flex_column av_one_full  flex_column_div av-zero-column-padding first  avia-builder-el-4  el_after_av_one_full  el_before_av_hr  column-top-margin\" style='border-radius:0px; '><section class=\"av_textblock_section \"  itemscope=\"itemscope\" itemtype=\"https:\/\/schema.org\/BlogPosting\" itemprop=\"blogPost\" ><div class='avia_textblock  '   itemprop=\"text\" ><p style=\"text-align: justify;\">Para este jueves 7 de septiembre a las 15:00 horas en el auditorio de la C\u00e1mara Chilena de la Construcci\u00f3n Coyhaique, est\u00e1 agendada la cita que espera reunir ampliamente a la comunidad aysenina en el marco de los Di\u00e1logos Participativos Regionales para la propuesta de actualizaci\u00f3n de la Ley N\u00ba19.300 sobre Bases Generales del Medio Ambiente.<\/p>\n<p style=\"text-align: justify;\">La actividad desplegada por el ministerio del Medio Ambiente en todas las regiones del pa\u00eds espera recoger y sistematizar los aportes de los actores locales; <strong>\u201cen este di\u00e1logo participativo queremos compartir p\u00fablicamente la propuesta, con la finalidad de escuchar la opini\u00f3n y observaciones de la comunidad, desde sus m\u00e1s diversos y leg\u00edtimos intereses e identidades, as\u00ed que invitamos a todas y todos a sumarse a esta instancia y aprovechar la oportunidad de plasmar la voz e inquietudes de nuestro territorio\u201d<\/strong>, declar\u00f3 el Seremi del Medio Ambiente, Yoal D\u00edaz, indicando que los interesados e interesadas puedes inscribirse desde ya en el link \u00a0<a href=\"https:\/\/bit.ly\/dpaysen\">https:\/\/bit.ly\/dpaysen<\/a><\/p>\n<p style=\"text-align: justify;\">La institucionalidad ambiental en Chile tiene su origen en la Ley N\u00ba19.300 de 1994, que establece Bases Generales del Medio Ambiente. Con ella, entre otras cosas, se cre\u00f3 el Sistema de Evaluaci\u00f3n de Impacto Ambiental y la Comisi\u00f3n Nacional del Medio Ambiente (CONAMA), la que concentr\u00f3 tanto la creaci\u00f3n de normas y planes, como la evaluaci\u00f3n ambiental y su fiscalizaci\u00f3n.<\/p>\n<p style=\"text-align: justify;\">Luego de a\u00f1os de funcionamiento de la Ley N\u00b0 19.300 surgi\u00f3 la necesidad de separar las funciones que concentraba la CONAMA en distintos organismos y realizar mejoras a la ley. Ello se concret\u00f3, en el a\u00f1o 2010, con la dictaci\u00f3n de la Ley N\u00ba20.417, que cre\u00f3 el Ministerio del Medio Ambiente como encargado de creaci\u00f3n de pol\u00edticas y normativa; el Servicio de Evaluaci\u00f3n Ambiental, como el encargado de la evaluaci\u00f3n de proyectos; y la Superintendencia del Medio Ambiente, como la encargada de fiscalizar y sancionar el incumplimiento de la normativa ambiental. Adem\u00e1s modific\u00f3 la ley 19.300, incluyendo procedimientos como la Evaluaci\u00f3n Ambiental Estrat\u00e9gica para evaluar los impactos ambientales de los instrumentos de planificaci\u00f3n territorial y la participaci\u00f3n ciudadana para los proyectos evaluados mediante Declaraci\u00f3n de Impacto Ambiental. De forma complementaria, el a\u00f1o 2012 se promulg\u00f3 la Ley N\u00ba20.600 que cre\u00f3 los tres Tribunales Ambientales del pa\u00eds (Santiago, Valdivia y Antofagasta).<\/p>\n<p style=\"text-align: justify;\">A m\u00e1s de diez a\u00f1os de funcionamiento de la actual institucionalidad ambiental y a 30 a\u00f1os desde la creaci\u00f3n de la ley 19.300, existe un diagn\u00f3stico transversal sobre sus necesidades de mejora. El est\u00e1ndar de protecci\u00f3n ambiental en una etapa preventiva, la eficiencia de los instrumentos de gesti\u00f3n ambiental, la participaci\u00f3n ciudadana y en general los procesos de la Ley de Bases del Medio Ambiente son elementos a revisar acorde con un debate que ha madurado significativamente en 30 a\u00f1os, por cuanto el Seremi del Medio Ambiente reiter\u00f3 la invitaci\u00f3n a participar de la jornada organizada para el 7 de septiembre en Magallanes N\u00b0 232, Coyhaique <strong>\u201cvecino, vecina, no faltes,\u00a0 esta actualizaci\u00f3n va a definir nuestra institucionalidad ambiental, y tu voz, es importante\u201d<\/strong>, concluy\u00f3, detallando que pueden acceder a mayor informaci\u00f3n del proceso en \u00a0https:\/\/mma.gob.cl\/dialogos-participativos<\/p>\n<\/div><\/section><\/div><div  style='height:50px' class='hr hr-invisible   avia-builder-el-6  el_after_av_one_full  el_before_av_social_share '><span class='hr-inner ' ><span class='hr-inner-style'><\/span><\/span><\/div><\/p>\n<div  class='av-social-sharing-box  avia-builder-el-7  el_after_av_hr  el_before_av_hr  '><div class='av-share-box'><h5 class='av-share-link-description av-no-toc '>Compartir esta noticia<\/h5><ul class='av-share-box-list noLightbox'><li class='av-share-link av-social-link-facebook' ><a target=\"_blank\" aria-label=\"Compartir en Facebook\" href='https:\/\/www.facebook.com\/sharer.php?u=https:\/\/radiorevelacionfm.cl\/?p=34642&#038;t=Todas%20y%20todos%20invitados%20al%20di%C3%A1logo%20ciudadanos%20para%20actualizar%20la%20ley%20base%20del%20Medio%20Ambiente' aria-hidden='false' data-av_icon='\ue8f3' data-av_iconfont='entypo-fontello' title='' data-avia-related-tooltip='Compartir en Facebook' rel=\"noopener\"><span class='avia_hidden_link_text'>Compartir en Facebook<\/span><\/a><\/li><li class='av-share-link av-social-link-twitter' ><a target=\"_blank\" aria-label=\"Compartir en Twitter\" href='https:\/\/twitter.com\/share?text=Todas%20y%20todos%20invitados%20al%20di%C3%A1logo%20ciudadanos%20para%20actualizar%20la%20ley%20base%20del%20Medio%20Ambiente&#038;url=https:\/\/radiorevelacionfm.cl\/?p=34642' aria-hidden='false' data-av_icon='\ue8f1' data-av_iconfont='entypo-fontello' title='' data-avia-related-tooltip='Compartir en Twitter' rel=\"noopener\"><span class='avia_hidden_link_text'>Compartir en Twitter<\/span><\/a><\/li><li class='av-share-link av-social-link-whatsapp' ><a target=\"_blank\" aria-label=\"Compartir en Whatsapp\" href='https:\/\/api.whatsapp.com\/send?text=https:\/\/radiorevelacionfm.cl\/?p=34642' aria-hidden='false' data-av_icon='\uf232' data-av_iconfont='entypo-fontello' title='' data-avia-related-tooltip='Compartir en Whatsapp' rel=\"noopener\"><span class='avia_hidden_link_text'>Compartir en Whatsapp<\/span><\/a><\/li><li class='av-share-link av-social-link-linkedin' ><a target=\"_blank\" aria-label=\"Compartir en LinkedIn\" href='https:\/\/linkedin.com\/shareArticle?mini=true&#038;title=Todas%20y%20todos%20invitados%20al%20di%C3%A1logo%20ciudadanos%20para%20actualizar%20la%20ley%20base%20del%20Medio%20Ambiente&#038;url=https:\/\/radiorevelacionfm.cl\/?p=34642' aria-hidden='false' data-av_icon='\ue8fc' data-av_iconfont='entypo-fontello' title='' data-avia-related-tooltip='Compartir en LinkedIn' rel=\"noopener\"><span class='avia_hidden_link_text'>Compartir en LinkedIn<\/span><\/a><\/li><li class='av-share-link av-social-link-mail' ><a  aria-label=\"Compartir por correo\" href='mailto:?subject=Todas%20y%20todos%20invitados%20al%20di%C3%A1logo%20ciudadanos%20para%20actualizar%20la%20ley%20base%20del%20Medio%20Ambiente&#038;body=https:\/\/radiorevelacionfm.cl\/?p=34642' aria-hidden='false' data-av_icon='\ue805' data-av_iconfont='entypo-fontello' title='' data-avia-related-tooltip='Compartir por correo'><span class='avia_hidden_link_text'>Compartir por correo<\/span><\/a><\/li><\/ul><\/div><\/div>\n<div  style='height:50px' class='hr hr-invisible   avia-builder-el-8  el_after_av_social_share  el_before_av_comments_list '><span class='hr-inner ' ><span class='hr-inner-style'><\/span><\/span><\/div>\n<div  class='av-buildercomment  av-blog-meta-html-info-disabled av-blog-meta-tag-disabled  '><\/div>\n","protected":false},"excerpt":{"rendered":"","protected":false},"author":1,"featured_media":34643,"comment_status":"open","ping_status":"open","sticky":false,"template":"","format":"standard","meta":{"footnotes":""},"categories":[39],"tags":[],"class_list":["post-34642","post","type-post","status-publish","format-standard","has-post-thumbnail","hentry","category-medio-ambiente"],"jetpack_featured_media_url":"https:\/\/radiorevelacionfm.cl\/wp-content\/uploads\/2023\/09\/dialogos_aysen_1-1-1_optimized.jpg","_links":{"self":[{"href":"https:\/\/radiorevelacionfm.cl\/index.php?rest_route=\/wp\/v2\/posts\/34642","targetHints":{"allow":["GET"]}}],"collection":[{"href":"https:\/\/radiorevelacionfm.cl\/index.php?rest_route=\/wp\/v2\/posts"}],"about":[{"href":"https:\/\/radiorevelacionfm.cl\/index.php?rest_route=\/wp\/v2\/types\/post"}],"author":[{"embeddable":true,"href":"https:\/\/radiorevelacionfm.cl\/index.php?rest_route=\/wp\/v2\/users\/1"}],"replies":[{"embeddable":true,"href":"https:\/\/radiorevelacionfm.cl\/index.php?rest_route=%2Fwp%2Fv2%2Fcomments&post=34642"}],"version-history":[{"count":1,"href":"https:\/\/radiorevelacionfm.cl\/index.php?rest_route=\/wp\/v2\/posts\/34642\/revisions"}],"predecessor-version":[{"id":34644,"href":"https:\/\/radiorevelacionfm.cl\/index.php?rest_route=\/wp\/v2\/posts\/34642\/revisions\/34644"}],"wp:featuredmedia":[{"embeddable":true,"href":"https:\/\/radiorevelacionfm.cl\/index.php?rest_route=\/wp\/v2\/media\/34643"}],"wp:attachment":[{"href":"https:\/\/radiorevelacionfm.cl\/index.php?rest_route=%2Fwp%2Fv2%2Fmedia&parent=34642"}],"wp:term":[{"taxonomy":"category","embeddable":true,"href":"https:\/\/radiorevelacionfm.cl\/index.php?rest_route=%2Fwp%2Fv2%2Fcategories&post=34642"},{"taxonomy":"post_tag","embeddable":true,"href":"https:\/\/radiorevelacionfm.cl\/index.php?rest_route=%2Fwp%2Fv2%2Ftags&post=34642"}],"curies":[{"name":"wp","href":"https:\/\/api.w.org\/{rel}","templated":true}]}}