{"id":34634,"date":"2023-09-05T10:00:35","date_gmt":"2023-09-05T13:00:35","guid":{"rendered":"https:\/\/radiorevelacionfm.cl\/?p=34634"},"modified":"2023-09-05T10:00:35","modified_gmt":"2023-09-05T13:00:35","slug":"ligas-deportivas-de-educacion-superior-tuvieron-su-puntapie-inicial-en-coyhaique","status":"publish","type":"post","link":"https:\/\/radiorevelacionfm.cl\/?p=34634","title":{"rendered":"Ligas Deportivas de Educaci\u00f3n Superior tuvieron su puntapi\u00e9 inicial en Coyhaique"},"content":{"rendered":"<div class=\"flex_column av_one_full  flex_column_div av-zero-column-padding first  avia-builder-el-0  el_before_av_one_full  avia-builder-el-first  \" style='border-radius:0px; '><div  class='avia-image-container  av-styling-    avia-builder-el-1  avia-builder-el-no-sibling  avia-align-center '  itemprop=\"image\" itemscope=\"itemscope\" itemtype=\"https:\/\/schema.org\/ImageObject\"  ><div class='avia-image-container-inner'><div class='avia-image-overlay-wrap'><img decoding=\"async\" class='wp-image-34635 avia-img-lazy-loading-not-34635 avia_image' src=\"https:\/\/radiorevelacionfm.cl\/wp-content\/uploads\/2023\/09\/liga7-1-1.jpg\" alt='' title='liga7 (1) (1)' height=\"600\" width=\"800\"  itemprop=\"thumbnailUrl\" srcset=\"https:\/\/radiorevelacionfm.cl\/wp-content\/uploads\/2023\/09\/liga7-1-1.jpg 800w, https:\/\/radiorevelacionfm.cl\/wp-content\/uploads\/2023\/09\/liga7-1-1-300x225.jpg 300w, https:\/\/radiorevelacionfm.cl\/wp-content\/uploads\/2023\/09\/liga7-1-1-768x576.jpg 768w, https:\/\/radiorevelacionfm.cl\/wp-content\/uploads\/2023\/09\/liga7-1-1-705x529.jpg 705w, https:\/\/radiorevelacionfm.cl\/wp-content\/uploads\/2023\/09\/liga7-1-1-450x338.jpg 450w, https:\/\/radiorevelacionfm.cl\/wp-content\/uploads\/2023\/09\/liga7-1-1-600x450.jpg 600w\" sizes=\"(max-width: 800px) 100vw, 800px\" \/><\/div><\/div><\/div><\/div><div class=\"flex_column av_one_full  flex_column_div av-zero-column-padding first  avia-builder-el-2  el_after_av_one_full  el_before_av_one_full  column-top-margin\" style='border-radius:0px; '><section class=\"av_textblock_section \"  itemscope=\"itemscope\" itemtype=\"https:\/\/schema.org\/BlogPosting\" itemprop=\"blogPost\" ><div class='avia_textblock  '   itemprop=\"text\" ><p style=\"text-align: center;\"><span style=\"font-size: 18pt;\"><b><span lang=\"ES-MX\">Ligas Deportivas de Educaci\u00f3n Superior tuvieron su puntapi\u00e9 inicial en Coyhaique<\/span><\/b><\/span><\/p>\n<div id=\"gtx-trans\" style=\"position: absolute; left: -50px; top: 4.31534px;\">\n<div class=\"gtx-trans-icon\"><\/div>\n<\/div>\n<\/div><\/section><\/div><div class=\"flex_column av_one_full  flex_column_div av-zero-column-padding first  avia-builder-el-4  el_after_av_one_full  el_before_av_hr  column-top-margin\" style='border-radius:0px; '><section class=\"av_textblock_section \"  itemscope=\"itemscope\" itemtype=\"https:\/\/schema.org\/BlogPosting\" itemprop=\"blogPost\" ><div class='avia_textblock  '   itemprop=\"text\" ><p class=\"v1MsoNormal\" style=\"text-align: justify;\">Cerca de 150 estudiantes del Campus Patagonia de la Universidad Austral de Chile, INACAP Coyhaique y Universidad de Ays\u00e9n participar\u00e1n en competencias de futsal varones, b\u00e1squetbol varones, tenis de mesa varones y v\u00f3leibol damas y varones.<\/p>\n<p class=\"v1MsoNormal\" style=\"text-align: justify;\">El gimnasio fiscal IND, congreg\u00f3 a deportistas, representantes de casas de estudios superiores y autoridades del deporte regional en el lanzamiento de la Liga Deportiva de Educaci\u00f3n Superior (LDES); competencia de car\u00e1cter nacional que convoca el Mindep y que ejecuta el Instituto Nacional de Deportes.<\/p>\n<p class=\"v1MsoNormal\" style=\"text-align: justify;\">Desde la cartera de deportes, la Seremi Mar\u00eda Eugenia Dur\u00e1n Jara detall\u00f3: \u00abdespu\u00e9s de un largo periodo de receso, en el deporte universitario marcado principalmente por la Pandemia del Covid-19, junto al IND y a su director (s) Javier Medina Mella, volvemos a reactivar la actividad deportiva y de competencias en este grupo etario de la poblaci\u00f3n en l\u00ednea con la\u00a0cultura del movimiento que impulsa el Gobierno del Presidente Gabriel Boric Font, una tarea esencial que tenemos que fortalecer\u00a0para las juventudes de nuestra regi\u00f3n. Agradecemos tambi\u00e9n a las casas de estudio superiores por sumarse a esta iniciativa y apoyar a sus deportistas\u00bb.<\/p>\n<p class=\"v1MsoNormal\" style=\"text-align: justify;\">Por su parte,\u00a0Patrice Van de Maele Silva, Vicerrector de\u00a0INACAP Sede Coyhaique: \u00abestamos muy contentos con retomar despu\u00e9s de un tiempo las ligas universitarias y como INACAP quisimos estar presentes \u00a0en este lanzamiento y apoyar a nuestros equipos, esta es una muy buena iniciativa ya que la educaci\u00f3n es un complemento con el deporte y el deporte con la educaci\u00f3n\u00bb.<\/p>\n<p class=\"v1MsoNormal\" style=\"text-align: justify;\">Se estima que las competencias en nuestra regi\u00f3n se extiendan por 2 meses, en 6 fechas de la liga y\u00a0cuya inversi\u00f3n para este a\u00f1o por parte del IND alcanza los $7 millones, para solventar gastos en recursos humanos, arbitraje y mesas de control, implementaci\u00f3n deportiva y servicios asociados como ambulancia, primeros auxilios y colaciones.<\/p>\n<div>\n<div style=\"text-align: justify;\"><\/div>\n<\/div>\n<\/div><\/section><\/div><div  style='height:50px' class='hr hr-invisible   avia-builder-el-6  el_after_av_one_full  el_before_av_social_share '><span class='hr-inner ' ><span class='hr-inner-style'><\/span><\/span><\/div><\/p>\n<div  class='av-social-sharing-box  avia-builder-el-7  el_after_av_hr  el_before_av_hr  '><div class='av-share-box'><h5 class='av-share-link-description av-no-toc '>Compartir esta noticia<\/h5><ul class='av-share-box-list noLightbox'><li class='av-share-link av-social-link-facebook' ><a target=\"_blank\" aria-label=\"Compartir en Facebook\" href='https:\/\/www.facebook.com\/sharer.php?u=https:\/\/radiorevelacionfm.cl\/?p=34634&#038;t=Ligas%20Deportivas%20de%20Educaci%C3%B3n%20Superior%20tuvieron%20su%20puntapi%C3%A9%20inicial%20en%20Coyhaique' aria-hidden='false' data-av_icon='\ue8f3' data-av_iconfont='entypo-fontello' title='' data-avia-related-tooltip='Compartir en Facebook' rel=\"noopener\"><span class='avia_hidden_link_text'>Compartir en Facebook<\/span><\/a><\/li><li class='av-share-link av-social-link-twitter' ><a target=\"_blank\" aria-label=\"Compartir en Twitter\" href='https:\/\/twitter.com\/share?text=Ligas%20Deportivas%20de%20Educaci%C3%B3n%20Superior%20tuvieron%20su%20puntapi%C3%A9%20inicial%20en%20Coyhaique&#038;url=https:\/\/radiorevelacionfm.cl\/?p=34634' aria-hidden='false' data-av_icon='\ue8f1' data-av_iconfont='entypo-fontello' title='' data-avia-related-tooltip='Compartir en Twitter' rel=\"noopener\"><span class='avia_hidden_link_text'>Compartir en Twitter<\/span><\/a><\/li><li class='av-share-link av-social-link-whatsapp' ><a target=\"_blank\" aria-label=\"Compartir en Whatsapp\" href='https:\/\/api.whatsapp.com\/send?text=https:\/\/radiorevelacionfm.cl\/?p=34634' aria-hidden='false' data-av_icon='\uf232' data-av_iconfont='entypo-fontello' title='' data-avia-related-tooltip='Compartir en Whatsapp' rel=\"noopener\"><span class='avia_hidden_link_text'>Compartir en Whatsapp<\/span><\/a><\/li><li class='av-share-link av-social-link-linkedin' ><a target=\"_blank\" aria-label=\"Compartir en LinkedIn\" href='https:\/\/linkedin.com\/shareArticle?mini=true&#038;title=Ligas%20Deportivas%20de%20Educaci%C3%B3n%20Superior%20tuvieron%20su%20puntapi%C3%A9%20inicial%20en%20Coyhaique&#038;url=https:\/\/radiorevelacionfm.cl\/?p=34634' aria-hidden='false' data-av_icon='\ue8fc' data-av_iconfont='entypo-fontello' title='' data-avia-related-tooltip='Compartir en LinkedIn' rel=\"noopener\"><span class='avia_hidden_link_text'>Compartir en LinkedIn<\/span><\/a><\/li><li class='av-share-link av-social-link-mail' ><a  aria-label=\"Compartir por correo\" href='mailto:?subject=Ligas%20Deportivas%20de%20Educaci%C3%B3n%20Superior%20tuvieron%20su%20puntapi%C3%A9%20inicial%20en%20Coyhaique&#038;body=https:\/\/radiorevelacionfm.cl\/?p=34634' aria-hidden='false' data-av_icon='\ue805' data-av_iconfont='entypo-fontello' title='' data-avia-related-tooltip='Compartir por correo'><span class='avia_hidden_link_text'>Compartir por correo<\/span><\/a><\/li><\/ul><\/div><\/div>\n<div  style='height:50px' class='hr hr-invisible   avia-builder-el-8  el_after_av_social_share  el_before_av_comments_list '><span class='hr-inner ' ><span class='hr-inner-style'><\/span><\/span><\/div>\n<div  class='av-buildercomment  av-blog-meta-html-info-disabled av-blog-meta-tag-disabled  '><\/div>\n","protected":false},"excerpt":{"rendered":"","protected":false},"author":1,"featured_media":34635,"comment_status":"open","ping_status":"open","sticky":false,"template":"","format":"standard","meta":{"footnotes":""},"categories":[40],"tags":[],"class_list":["post-34634","post","type-post","status-publish","format-standard","has-post-thumbnail","hentry","category-deportes"],"jetpack_featured_media_url":"https:\/\/radiorevelacionfm.cl\/wp-content\/uploads\/2023\/09\/liga7-1-1.jpg","_links":{"self":[{"href":"https:\/\/radiorevelacionfm.cl\/index.php?rest_route=\/wp\/v2\/posts\/34634","targetHints":{"allow":["GET"]}}],"collection":[{"href":"https:\/\/radiorevelacionfm.cl\/index.php?rest_route=\/wp\/v2\/posts"}],"about":[{"href":"https:\/\/radiorevelacionfm.cl\/index.php?rest_route=\/wp\/v2\/types\/post"}],"author":[{"embeddable":true,"href":"https:\/\/radiorevelacionfm.cl\/index.php?rest_route=\/wp\/v2\/users\/1"}],"replies":[{"embeddable":true,"href":"https:\/\/radiorevelacionfm.cl\/index.php?rest_route=%2Fwp%2Fv2%2Fcomments&post=34634"}],"version-history":[{"count":1,"href":"https:\/\/radiorevelacionfm.cl\/index.php?rest_route=\/wp\/v2\/posts\/34634\/revisions"}],"predecessor-version":[{"id":34636,"href":"https:\/\/radiorevelacionfm.cl\/index.php?rest_route=\/wp\/v2\/posts\/34634\/revisions\/34636"}],"wp:featuredmedia":[{"embeddable":true,"href":"https:\/\/radiorevelacionfm.cl\/index.php?rest_route=\/wp\/v2\/media\/34635"}],"wp:attachment":[{"href":"https:\/\/radiorevelacionfm.cl\/index.php?rest_route=%2Fwp%2Fv2%2Fmedia&parent=34634"}],"wp:term":[{"taxonomy":"category","embeddable":true,"href":"https:\/\/radiorevelacionfm.cl\/index.php?rest_route=%2Fwp%2Fv2%2Fcategories&post=34634"},{"taxonomy":"post_tag","embeddable":true,"href":"https:\/\/radiorevelacionfm.cl\/index.php?rest_route=%2Fwp%2Fv2%2Ftags&post=34634"}],"curies":[{"name":"wp","href":"https:\/\/api.w.org\/{rel}","templated":true}]}}