{"id":34628,"date":"2023-09-04T19:38:01","date_gmt":"2023-09-04T22:38:01","guid":{"rendered":"https:\/\/radiorevelacionfm.cl\/?p=34628"},"modified":"2023-09-04T19:43:30","modified_gmt":"2023-09-04T22:43:30","slug":"seremi-de-salud-aysen-en-pandemia-logramos-suministrar-mas-de-370-mil-dosis-de-vacunas-a-la-comunidad","status":"publish","type":"post","link":"https:\/\/radiorevelacionfm.cl\/?p=34628","title":{"rendered":"Seremi de Salud Ays\u00e9n: \u201cEn pandemia logramos suministrar m\u00e1s de 370 mil dosis de vacunas a la comunidad\u201d"},"content":{"rendered":"<div class=\"flex_column av_one_full  flex_column_div av-zero-column-padding first  avia-builder-el-0  el_before_av_one_full  avia-builder-el-first  \" style='border-radius:0px; '><div  class='avia-image-container  av-styling-    avia-builder-el-1  avia-builder-el-no-sibling  avia-align-center '  itemprop=\"image\" itemscope=\"itemscope\" itemtype=\"https:\/\/schema.org\/ImageObject\"  ><div class='avia-image-container-inner'><div class='avia-image-overlay-wrap'><img decoding=\"async\" class='wp-image-34632 avia-img-lazy-loading-not-34632 avia_image' src=\"https:\/\/radiorevelacionfm.cl\/wp-content\/uploads\/2023\/09\/ATENCION-MEDICA-EN-PANDEMIA-1-1.jpeg\" alt='' title='ATENCI\u00d3N M\u00c9DICA EN PANDEMIA (1) (1)' height=\"600\" width=\"823\"  itemprop=\"thumbnailUrl\" srcset=\"https:\/\/radiorevelacionfm.cl\/wp-content\/uploads\/2023\/09\/ATENCION-MEDICA-EN-PANDEMIA-1-1.jpeg 823w, https:\/\/radiorevelacionfm.cl\/wp-content\/uploads\/2023\/09\/ATENCION-MEDICA-EN-PANDEMIA-1-1-300x219.jpeg 300w, https:\/\/radiorevelacionfm.cl\/wp-content\/uploads\/2023\/09\/ATENCION-MEDICA-EN-PANDEMIA-1-1-768x560.jpeg 768w, https:\/\/radiorevelacionfm.cl\/wp-content\/uploads\/2023\/09\/ATENCION-MEDICA-EN-PANDEMIA-1-1-705x514.jpeg 705w, https:\/\/radiorevelacionfm.cl\/wp-content\/uploads\/2023\/09\/ATENCION-MEDICA-EN-PANDEMIA-1-1-450x328.jpeg 450w, https:\/\/radiorevelacionfm.cl\/wp-content\/uploads\/2023\/09\/ATENCION-MEDICA-EN-PANDEMIA-1-1-600x437.jpeg 600w\" sizes=\"(max-width: 823px) 100vw, 823px\" \/><\/div><\/div><\/div><\/div><div class=\"flex_column av_one_full  flex_column_div av-zero-column-padding first  avia-builder-el-2  el_after_av_one_full  el_before_av_one_full  column-top-margin\" style='border-radius:0px; '><section class=\"av_textblock_section \"  itemscope=\"itemscope\" itemtype=\"https:\/\/schema.org\/BlogPosting\" itemprop=\"blogPost\" ><div class='avia_textblock  '   itemprop=\"text\" ><p style=\"text-align: center;\"><span style=\"font-size: 18pt;\"><strong>Seremi de Salud Ays\u00e9n: <\/strong><strong>\u201cEn pandemia logramos suministrar m\u00e1s de 370 mil dosis de vacunas a la comunidad\u201d<\/strong><\/span><\/p>\n<div id=\"gtx-trans\" style=\"position: absolute; left: -50px; top: 4.31534px;\">\n<div class=\"gtx-trans-icon\"><\/div>\n<\/div>\n<\/div><\/section><\/div><\/p>\n<div class=\"flex_column av_one_full  flex_column_div av-zero-column-padding first  avia-builder-el-4  el_after_av_one_full  el_before_av_hr  column-top-margin\" style='border-radius:0px; '><section class=\"av_textblock_section \"  itemscope=\"itemscope\" itemtype=\"https:\/\/schema.org\/BlogPosting\" itemprop=\"blogPost\" ><div class='avia_textblock  '   itemprop=\"text\" ><p style=\"text-align: justify;\"><em>Asimismo, la Autoridad Sanitaria reiter\u00f3 a la comunidad la importancia de utilizar mascarilla cada vez que consulte en los centros de salud, como una medida preventiva frente a enfermedades respiratorias de invierno.<\/em><\/p>\n<p style=\"text-align: justify;\">El pasado 31 de agosto, el Ministerio de Salud dio t\u00e9rmino a la Alerta Sanitaria por el brote de COVID-19 que, en marzo de este a\u00f1o, incorpor\u00f3 adem\u00e1s la circulaci\u00f3n de virus respiratorios donde luego de m\u00e1s de tres a\u00f1os, donde se aplicaron medidas como toques de queda, cuarentenas y el uso obligatorio de mascarillas, entre otras; hoy una de las medidas m\u00e1s emblem\u00e1tica de esta alerta como el uso obligatorio de mascarilla, actualmente solo pasa a ser una recomendaci\u00f3n a la comunidad para la prevenci\u00f3n de enfermedades respiratorias.<\/p>\n<p style=\"text-align: justify;\">As\u00ed lo manifest\u00f3 la Seremi de Salud Carmen Monsalve G\u00f3mez, quien fue enf\u00e1tica en recalcar que el t\u00e9rmino de esta alerta sanitaria no implica que el COVID-19 y otras enfermedades desaparezcan, sino que se debe mantener el autocuidado.\u00a0 \u201cPara nosotros como sector es sumamente fundamental reforzar que las medidas preventivas que aprendimos durante pandemia las debemos seguir utilizando, sobretodo el uso de la mascarilla cuando nos encontramos en situaciones de riesgo, su uso sigue siendo recomendable en lugares de alta afluencia de p\u00fablico como al acudir a los servicios de urgencias de los hospitales, donde puede haber m\u00e1s riesgo de contagio y siempre que nos enfrentemos a personas con s\u00edntomas respiratorios. Quisiera destacar que durante este tiempo de pandemia hubo un gran esfuerzo de los equipos de salud, especialmente los de vacunaci\u00f3n donde logramos administrar m\u00e1s de 370 mil vacunas a nivel regional, y lamentablemente, tambi\u00e9n tuvimos el deceso de 195 personas en nuestra regi\u00f3n por COVID 19, por lo que enviamos nuestras m\u00e1s sinceras condolencias a las familias. \u00a0Finalmente, quiero agradecer a todos los funcionarios del sector salud que permitieron proteger la salud de nuestras comunidades\u201d, puntualiz\u00f3 la Autoridad Sanitaria.<\/p>\n<p style=\"text-align: justify;\">Por su parte, el Director(s) del Servicio de Salud Ays\u00e9n, Mauricio Cort\u00e9s Molina, junto con valorar el trabajo desarrollado por los equipos de salud, destac\u00f3 la experiencia e implementaci\u00f3n alcanzada durante esta pandemia por la red asistencial.\u00a0 \u201cQuiero agradecer a todos los funcionarios de la red que estuvieron trabajando en los m\u00e1s de mil 300 d\u00edas de alerta sanitaria en los hospitales de toda la red, que en el caso del Hospital Regional Coyhaique se registraron 726 hospitalizaciones producto de COVID-19, donde todo esto ha sido un aprendizaje donde la red se articul\u00f3 de buena manera para hacer frente a esta pandemia, incluso nuestro laboratorio molecular qued\u00f3 con una capacidad instalada para los an\u00e1lisis de muestras biol\u00f3gicas, donde se realizaron 37 mil testeos que permitieron enfrentar la contingencia.\u201d<\/p>\n<p style=\"text-align: justify;\">Finalmente, la autoridad sanitaria recalc\u00f3 el trabajo desarrollado durante estos a\u00f1os por los equipos de salud, el cual calific\u00f3 como un trabajo sobresaliente de todos los equipos de salud a lo largo de la red asistencial y en las atenciones de la comunidad, la labor de los equipos de vigilancia epidemiol\u00f3gica, los equipos de vacunaci\u00f3n y el personal administrativo que permiti\u00f3 atender y salvar muchas vidas durante esta pandemia.<\/p>\n<\/div><\/section><\/div>\n<div  style='height:50px' class='hr hr-invisible   avia-builder-el-6  el_after_av_one_full  el_before_av_social_share '><span class='hr-inner ' ><span class='hr-inner-style'><\/span><\/span><\/div>\n<div  class='av-social-sharing-box  avia-builder-el-7  el_after_av_hr  el_before_av_hr  '><div class='av-share-box'><h5 class='av-share-link-description av-no-toc '>Compartir esta noticia<\/h5><ul class='av-share-box-list noLightbox'><li class='av-share-link av-social-link-facebook' ><a target=\"_blank\" aria-label=\"Compartir en Facebook\" href='https:\/\/www.facebook.com\/sharer.php?u=https:\/\/radiorevelacionfm.cl\/?p=34628&#038;t=Seremi%20de%20Salud%20Ays%C3%A9n%3A%20%E2%80%9CEn%20pandemia%20logramos%20suministrar%20m%C3%A1s%20de%20370%20mil%20dosis%20de%20vacunas%20a%20la%20comunidad%E2%80%9D' aria-hidden='false' data-av_icon='\ue8f3' data-av_iconfont='entypo-fontello' title='' data-avia-related-tooltip='Compartir en Facebook' rel=\"noopener\"><span class='avia_hidden_link_text'>Compartir en Facebook<\/span><\/a><\/li><li class='av-share-link av-social-link-twitter' ><a target=\"_blank\" aria-label=\"Compartir en Twitter\" href='https:\/\/twitter.com\/share?text=Seremi%20de%20Salud%20Ays%C3%A9n%3A%20%E2%80%9CEn%20pandemia%20logramos%20suministrar%20m%C3%A1s%20de%20370%20mil%20dosis%20de%20vacunas%20a%20la%20comunidad%E2%80%9D&#038;url=https:\/\/radiorevelacionfm.cl\/?p=34628' aria-hidden='false' data-av_icon='\ue8f1' data-av_iconfont='entypo-fontello' title='' data-avia-related-tooltip='Compartir en Twitter' rel=\"noopener\"><span class='avia_hidden_link_text'>Compartir en Twitter<\/span><\/a><\/li><li class='av-share-link av-social-link-whatsapp' ><a target=\"_blank\" aria-label=\"Compartir en Whatsapp\" href='https:\/\/api.whatsapp.com\/send?text=https:\/\/radiorevelacionfm.cl\/?p=34628' aria-hidden='false' data-av_icon='\uf232' data-av_iconfont='entypo-fontello' title='' data-avia-related-tooltip='Compartir en Whatsapp' rel=\"noopener\"><span class='avia_hidden_link_text'>Compartir en Whatsapp<\/span><\/a><\/li><li class='av-share-link av-social-link-linkedin' ><a target=\"_blank\" aria-label=\"Compartir en LinkedIn\" href='https:\/\/linkedin.com\/shareArticle?mini=true&#038;title=Seremi%20de%20Salud%20Ays%C3%A9n%3A%20%E2%80%9CEn%20pandemia%20logramos%20suministrar%20m%C3%A1s%20de%20370%20mil%20dosis%20de%20vacunas%20a%20la%20comunidad%E2%80%9D&#038;url=https:\/\/radiorevelacionfm.cl\/?p=34628' aria-hidden='false' data-av_icon='\ue8fc' data-av_iconfont='entypo-fontello' title='' data-avia-related-tooltip='Compartir en LinkedIn' rel=\"noopener\"><span class='avia_hidden_link_text'>Compartir en LinkedIn<\/span><\/a><\/li><li class='av-share-link av-social-link-mail' ><a  aria-label=\"Compartir por correo\" href='mailto:?subject=Seremi%20de%20Salud%20Ays%C3%A9n%3A%20%E2%80%9CEn%20pandemia%20logramos%20suministrar%20m%C3%A1s%20de%20370%20mil%20dosis%20de%20vacunas%20a%20la%20comunidad%E2%80%9D&#038;body=https:\/\/radiorevelacionfm.cl\/?p=34628' aria-hidden='false' data-av_icon='\ue805' data-av_iconfont='entypo-fontello' title='' data-avia-related-tooltip='Compartir por correo'><span class='avia_hidden_link_text'>Compartir por correo<\/span><\/a><\/li><\/ul><\/div><\/div>\n<div  style='height:50px' class='hr hr-invisible   avia-builder-el-8  el_after_av_social_share  el_before_av_comments_list '><span class='hr-inner ' ><span class='hr-inner-style'><\/span><\/span><\/div>\n<div  class='av-buildercomment  av-blog-meta-html-info-disabled av-blog-meta-tag-disabled  '><\/div>\n","protected":false},"excerpt":{"rendered":"","protected":false},"author":1,"featured_media":34632,"comment_status":"open","ping_status":"open","sticky":false,"template":"","format":"standard","meta":{"footnotes":""},"categories":[46],"tags":[],"class_list":["post-34628","post","type-post","status-publish","format-standard","has-post-thumbnail","hentry","category-salud"],"jetpack_featured_media_url":"https:\/\/radiorevelacionfm.cl\/wp-content\/uploads\/2023\/09\/ATENCION-MEDICA-EN-PANDEMIA-1-1.jpeg","_links":{"self":[{"href":"https:\/\/radiorevelacionfm.cl\/index.php?rest_route=\/wp\/v2\/posts\/34628","targetHints":{"allow":["GET"]}}],"collection":[{"href":"https:\/\/radiorevelacionfm.cl\/index.php?rest_route=\/wp\/v2\/posts"}],"about":[{"href":"https:\/\/radiorevelacionfm.cl\/index.php?rest_route=\/wp\/v2\/types\/post"}],"author":[{"embeddable":true,"href":"https:\/\/radiorevelacionfm.cl\/index.php?rest_route=\/wp\/v2\/users\/1"}],"replies":[{"embeddable":true,"href":"https:\/\/radiorevelacionfm.cl\/index.php?rest_route=%2Fwp%2Fv2%2Fcomments&post=34628"}],"version-history":[{"count":2,"href":"https:\/\/radiorevelacionfm.cl\/index.php?rest_route=\/wp\/v2\/posts\/34628\/revisions"}],"predecessor-version":[{"id":34633,"href":"https:\/\/radiorevelacionfm.cl\/index.php?rest_route=\/wp\/v2\/posts\/34628\/revisions\/34633"}],"wp:featuredmedia":[{"embeddable":true,"href":"https:\/\/radiorevelacionfm.cl\/index.php?rest_route=\/wp\/v2\/media\/34632"}],"wp:attachment":[{"href":"https:\/\/radiorevelacionfm.cl\/index.php?rest_route=%2Fwp%2Fv2%2Fmedia&parent=34628"}],"wp:term":[{"taxonomy":"category","embeddable":true,"href":"https:\/\/radiorevelacionfm.cl\/index.php?rest_route=%2Fwp%2Fv2%2Fcategories&post=34628"},{"taxonomy":"post_tag","embeddable":true,"href":"https:\/\/radiorevelacionfm.cl\/index.php?rest_route=%2Fwp%2Fv2%2Ftags&post=34628"}],"curies":[{"name":"wp","href":"https:\/\/api.w.org\/{rel}","templated":true}]}}