{"id":34625,"date":"2023-09-04T18:48:28","date_gmt":"2023-09-04T21:48:28","guid":{"rendered":"https:\/\/radiorevelacionfm.cl\/?p=34625"},"modified":"2023-09-04T18:48:28","modified_gmt":"2023-09-04T21:48:28","slug":"todo-un-exito-resulto-primera-fiesta-costumbrista-de-villa-los-torreones","status":"publish","type":"post","link":"https:\/\/radiorevelacionfm.cl\/?p=34625","title":{"rendered":"Todo un \u00e9xito result\u00f3 primera Fiesta Costumbrista de Villa Los Torreones"},"content":{"rendered":"<div class=\"flex_column av_one_full  flex_column_div av-zero-column-padding first  avia-builder-el-0  el_before_av_one_full  avia-builder-el-first  \" style='border-radius:0px; '><div  class='avia-image-container  av-styling-    avia-builder-el-1  avia-builder-el-no-sibling  avia-align-center '  itemprop=\"image\" itemscope=\"itemscope\" itemtype=\"https:\/\/schema.org\/ImageObject\"  ><div class='avia-image-container-inner'><div class='avia-image-overlay-wrap'><img decoding=\"async\" class='wp-image-34626 avia-img-lazy-loading-not-34626 avia_image' src=\"https:\/\/radiorevelacionfm.cl\/wp-content\/uploads\/2023\/09\/torrones-4-1_optimized-1.jpg\" alt='' title='torrones-4-(1)_optimized (1)' height=\"600\" width=\"1067\"  itemprop=\"thumbnailUrl\" srcset=\"https:\/\/radiorevelacionfm.cl\/wp-content\/uploads\/2023\/09\/torrones-4-1_optimized-1.jpg 1067w, https:\/\/radiorevelacionfm.cl\/wp-content\/uploads\/2023\/09\/torrones-4-1_optimized-1-300x169.jpg 300w, https:\/\/radiorevelacionfm.cl\/wp-content\/uploads\/2023\/09\/torrones-4-1_optimized-1-1030x579.jpg 1030w, https:\/\/radiorevelacionfm.cl\/wp-content\/uploads\/2023\/09\/torrones-4-1_optimized-1-768x432.jpg 768w, https:\/\/radiorevelacionfm.cl\/wp-content\/uploads\/2023\/09\/torrones-4-1_optimized-1-705x396.jpg 705w, https:\/\/radiorevelacionfm.cl\/wp-content\/uploads\/2023\/09\/torrones-4-1_optimized-1-450x253.jpg 450w, https:\/\/radiorevelacionfm.cl\/wp-content\/uploads\/2023\/09\/torrones-4-1_optimized-1-600x337.jpg 600w\" sizes=\"(max-width: 1067px) 100vw, 1067px\" \/><\/div><\/div><\/div><\/div><div class=\"flex_column av_one_full  flex_column_div av-zero-column-padding first  avia-builder-el-2  el_after_av_one_full  el_before_av_one_full  column-top-margin\" style='border-radius:0px; '><section class=\"av_textblock_section \"  itemscope=\"itemscope\" itemtype=\"https:\/\/schema.org\/BlogPosting\" itemprop=\"blogPost\" ><div class='avia_textblock  '   itemprop=\"text\" ><p style=\"text-align: center;\"><strong><span style=\"font-size: 18pt;\">Todo un \u00e9xito result\u00f3 primera Fiesta Costumbrista de Villa Los Torreones<\/span><\/strong><\/p>\n<div id=\"gtx-trans\" style=\"position: absolute; left: -50px; top: 4.31534px;\">\n<div class=\"gtx-trans-icon\"><\/div>\n<\/div>\n<\/div><\/section><\/div><div class=\"flex_column av_one_full  flex_column_div av-zero-column-padding first  avia-builder-el-4  el_after_av_one_full  el_before_av_hr  column-top-margin\" style='border-radius:0px; '><section class=\"av_textblock_section \"  itemscope=\"itemscope\" itemtype=\"https:\/\/schema.org\/BlogPosting\" itemprop=\"blogPost\" ><div class='avia_textblock  '   itemprop=\"text\" ><p style=\"text-align: justify;\">Positivo resultado tuvo la Primera Fiesta Costumbrista \u201cEntre Torreones y Fiesta\u201d, organizada por la Junta de Vecinos del Villa Los Torreones, ubicada en el kil\u00f3metro 26 de la ruta Puerto Ays\u00e9n \u2013 Coyhaique. Actividad que se pudo llevar a cabo gracias a un proyecto que financi\u00f3 el Gobierno Regional de Ays\u00e9n y que cont\u00f3 con la colaboraci\u00f3n de la Ilustre Municipalidad de Ays\u00e9n.<\/p>\n<p style=\"text-align: justify;\">La jornada tuvo la presencia del humorista nacional \u201cEl Rolo\u201d, m\u00fasica en vivo con \u201cFlor de Catete\u201d, en la animaci\u00f3n estuvo Sandro Parra, hubo tambi\u00e9n muestra de emprendedores, exposici\u00f3n de autos tunning, folclore con el conjunto \u201cNalcayec\u201d, entre otras actividades que pretenden repetirse en nuevas versiones de esta fiesta costumbrista.<\/p>\n<p style=\"text-align: justify;\">\u201cLa junta de vecinos nos agradec\u00eda mucho a nosotros como Gobierno Regional, pero nosotros devolvemos ese agradecimiento, porque esta es una instancia muy positiva que sirve para que las comunidades, en este caso, a trav\u00e9s de la junta de vecinos y tambi\u00e9n con apoyo del Municipio, logren llevar adelante una iniciativa que es trascendental en estos tiempos. Dentro de la justificaci\u00f3n que tiene esta actividad, se\u00f1alaba el presidente de la junta de vecinos que faltaban instancias de este tipo ac\u00e1 en la Villa Los Torreones, es por ello que, la apuesta es que sea la primera pero que no sea la \u00faltima, que vengan muchas m\u00e1s, porque en realidad son espacios que la gente necesita\u201d, se\u00f1al\u00f3, Oscar del Solar, Gobernador Regional (s).<\/p>\n<p style=\"text-align: justify;\">Por su parte y en representaci\u00f3n del Alcalde de la comuna de Ays\u00e9n, Nadia Bravo, Directora de Desarrollo Comunitario, relev\u00f3 la instancia en beneficio de la comunidad y los positivos resultados del trabajo colaborativo.<\/p>\n<p style=\"text-align: justify;\">\u201cEntre Torreones y Fiesta, es una actividad en conjunto con la junta de vecinos de Villa Los Torreones, el Gobierno Regional con su 8% y la Ilustre Municipalidad de Ays\u00e9n, es por eso que, hoy estamos ac\u00e1 como Direcci\u00f3n de Desarrollo Comunitario para acompa\u00f1ar a los vecinos en nombre de nuestro Alcalde don Julio Uribe Alvarado, para estar con la comunidad en esta hermosa actividad. Esta es la primera instancia, as\u00ed es que, la idea es que todos los a\u00f1os se pueda ir replicando, Los Torreones no tiene una fecha aniversario, por eso, ellos quieren instaurar esta fecha para que todos los a\u00f1os se pueda realizar esta actividad\u201d.<\/p>\n<p style=\"text-align: justify;\">El presidente de la junta de vecinos de Villa Los Torreones, junto con destacar el arduo trabajo de la directiva del sector, quiso agradecer tambi\u00e9n al Gobierno Regional, al Municipio de Ays\u00e9n, a quienes colaboraron para que el evento se lleve a cabo desde los m\u00fasicos, el animador y la comunidad, mostrando su alegr\u00eda con el resultado de esta primera fiesta costumbrista.<\/p>\n<p style=\"text-align: justify;\">\u201cLa verdad es que, todo un desaf\u00edo hecho realidad, es un evento que dio muy bonitos frutos, un arduo trabajo de la directiva de mucho tiempo atr\u00e1s postulando al proyecto y contact\u00e1ndose con los artistas para poder llevar a cabo este hermoso evento, que es nuestro primer evento, nuestra primera fiesta costumbrista, que esperamos perdure en el tiempo. La verdad es que, ha sido todo un \u00e9xito, muy agradecidos de Ays\u00e9n Street, del Rolo, de Flor de Catete, de Sandro Parra en la animaci\u00f3n y de toda la comunidad\u201d.<\/p>\n<p style=\"text-align: justify;\">La jornada concluy\u00f3 con una gran fiesta en la ex escuela del lugar y al ritmo del grupo regional \u201cFlor de Catete\u201d.<\/p>\n<\/div><\/section><\/div><div  style='height:50px' class='hr hr-invisible   avia-builder-el-6  el_after_av_one_full  el_before_av_social_share '><span class='hr-inner ' ><span class='hr-inner-style'><\/span><\/span><\/div><\/p>\n<div  class='av-social-sharing-box  avia-builder-el-7  el_after_av_hr  el_before_av_hr  '><div class='av-share-box'><h5 class='av-share-link-description av-no-toc '>Compartir esta noticia<\/h5><ul class='av-share-box-list noLightbox'><li class='av-share-link av-social-link-facebook' ><a target=\"_blank\" aria-label=\"Compartir en Facebook\" href='https:\/\/www.facebook.com\/sharer.php?u=https:\/\/radiorevelacionfm.cl\/?p=34625&#038;t=Todo%20un%20%C3%A9xito%20result%C3%B3%20primera%20Fiesta%20Costumbrista%20de%20Villa%20Los%20Torreones' aria-hidden='false' data-av_icon='\ue8f3' data-av_iconfont='entypo-fontello' title='' data-avia-related-tooltip='Compartir en Facebook' rel=\"noopener\"><span class='avia_hidden_link_text'>Compartir en Facebook<\/span><\/a><\/li><li class='av-share-link av-social-link-twitter' ><a target=\"_blank\" aria-label=\"Compartir en Twitter\" href='https:\/\/twitter.com\/share?text=Todo%20un%20%C3%A9xito%20result%C3%B3%20primera%20Fiesta%20Costumbrista%20de%20Villa%20Los%20Torreones&#038;url=https:\/\/radiorevelacionfm.cl\/?p=34625' aria-hidden='false' data-av_icon='\ue8f1' data-av_iconfont='entypo-fontello' title='' data-avia-related-tooltip='Compartir en Twitter' rel=\"noopener\"><span class='avia_hidden_link_text'>Compartir en Twitter<\/span><\/a><\/li><li class='av-share-link av-social-link-whatsapp' ><a target=\"_blank\" aria-label=\"Compartir en Whatsapp\" href='https:\/\/api.whatsapp.com\/send?text=https:\/\/radiorevelacionfm.cl\/?p=34625' aria-hidden='false' data-av_icon='\uf232' data-av_iconfont='entypo-fontello' title='' data-avia-related-tooltip='Compartir en Whatsapp' rel=\"noopener\"><span class='avia_hidden_link_text'>Compartir en Whatsapp<\/span><\/a><\/li><li class='av-share-link av-social-link-linkedin' ><a target=\"_blank\" aria-label=\"Compartir en LinkedIn\" href='https:\/\/linkedin.com\/shareArticle?mini=true&#038;title=Todo%20un%20%C3%A9xito%20result%C3%B3%20primera%20Fiesta%20Costumbrista%20de%20Villa%20Los%20Torreones&#038;url=https:\/\/radiorevelacionfm.cl\/?p=34625' aria-hidden='false' data-av_icon='\ue8fc' data-av_iconfont='entypo-fontello' title='' data-avia-related-tooltip='Compartir en LinkedIn' rel=\"noopener\"><span class='avia_hidden_link_text'>Compartir en LinkedIn<\/span><\/a><\/li><li class='av-share-link av-social-link-mail' ><a  aria-label=\"Compartir por correo\" href='mailto:?subject=Todo%20un%20%C3%A9xito%20result%C3%B3%20primera%20Fiesta%20Costumbrista%20de%20Villa%20Los%20Torreones&#038;body=https:\/\/radiorevelacionfm.cl\/?p=34625' aria-hidden='false' data-av_icon='\ue805' data-av_iconfont='entypo-fontello' title='' data-avia-related-tooltip='Compartir por correo'><span class='avia_hidden_link_text'>Compartir por correo<\/span><\/a><\/li><\/ul><\/div><\/div>\n<div  style='height:50px' class='hr hr-invisible   avia-builder-el-8  el_after_av_social_share  el_before_av_comments_list '><span class='hr-inner ' ><span class='hr-inner-style'><\/span><\/span><\/div>\n<div  class='av-buildercomment  av-blog-meta-html-info-disabled av-blog-meta-tag-disabled  '><\/div>\n","protected":false},"excerpt":{"rendered":"","protected":false},"author":1,"featured_media":34626,"comment_status":"open","ping_status":"open","sticky":false,"template":"","format":"standard","meta":{"footnotes":""},"categories":[38],"tags":[],"class_list":["post-34625","post","type-post","status-publish","format-standard","has-post-thumbnail","hentry","category-regional"],"jetpack_featured_media_url":"https:\/\/radiorevelacionfm.cl\/wp-content\/uploads\/2023\/09\/torrones-4-1_optimized-1.jpg","_links":{"self":[{"href":"https:\/\/radiorevelacionfm.cl\/index.php?rest_route=\/wp\/v2\/posts\/34625","targetHints":{"allow":["GET"]}}],"collection":[{"href":"https:\/\/radiorevelacionfm.cl\/index.php?rest_route=\/wp\/v2\/posts"}],"about":[{"href":"https:\/\/radiorevelacionfm.cl\/index.php?rest_route=\/wp\/v2\/types\/post"}],"author":[{"embeddable":true,"href":"https:\/\/radiorevelacionfm.cl\/index.php?rest_route=\/wp\/v2\/users\/1"}],"replies":[{"embeddable":true,"href":"https:\/\/radiorevelacionfm.cl\/index.php?rest_route=%2Fwp%2Fv2%2Fcomments&post=34625"}],"version-history":[{"count":1,"href":"https:\/\/radiorevelacionfm.cl\/index.php?rest_route=\/wp\/v2\/posts\/34625\/revisions"}],"predecessor-version":[{"id":34627,"href":"https:\/\/radiorevelacionfm.cl\/index.php?rest_route=\/wp\/v2\/posts\/34625\/revisions\/34627"}],"wp:featuredmedia":[{"embeddable":true,"href":"https:\/\/radiorevelacionfm.cl\/index.php?rest_route=\/wp\/v2\/media\/34626"}],"wp:attachment":[{"href":"https:\/\/radiorevelacionfm.cl\/index.php?rest_route=%2Fwp%2Fv2%2Fmedia&parent=34625"}],"wp:term":[{"taxonomy":"category","embeddable":true,"href":"https:\/\/radiorevelacionfm.cl\/index.php?rest_route=%2Fwp%2Fv2%2Fcategories&post=34625"},{"taxonomy":"post_tag","embeddable":true,"href":"https:\/\/radiorevelacionfm.cl\/index.php?rest_route=%2Fwp%2Fv2%2Ftags&post=34625"}],"curies":[{"name":"wp","href":"https:\/\/api.w.org\/{rel}","templated":true}]}}