{"id":34613,"date":"2023-09-04T18:14:18","date_gmt":"2023-09-04T21:14:18","guid":{"rendered":"https:\/\/radiorevelacionfm.cl\/?p=34613"},"modified":"2023-09-04T18:14:18","modified_gmt":"2023-09-04T21:14:18","slug":"minvu-impulsa-nueva-etapa-para-fortalecer-la-gestion-interna-y-la-transparencia-institucional","status":"publish","type":"post","link":"https:\/\/radiorevelacionfm.cl\/?p=34613","title":{"rendered":"Minvu impulsa nueva etapa para fortalecer la gesti\u00f3n interna y la transparencia institucional"},"content":{"rendered":"<div class=\"flex_column av_one_full  flex_column_div av-zero-column-padding first  avia-builder-el-0  el_before_av_one_full  avia-builder-el-first  \" style='border-radius:0px; '><div  class='avia-image-container  av-styling-    avia-builder-el-1  avia-builder-el-no-sibling  avia-align-center '  itemprop=\"image\" itemscope=\"itemscope\" itemtype=\"https:\/\/schema.org\/ImageObject\"  ><div class='avia-image-container-inner'><div class='avia-image-overlay-wrap'><img decoding=\"async\" class='wp-image-34614 avia-img-lazy-loading-not-34614 avia_image' src=\"https:\/\/radiorevelacionfm.cl\/wp-content\/uploads\/2023\/09\/foto-archivo-ministro-montes-seremi-de-vivienda-y-funcionarios-minvu-aysen-1_optimized.jpg\" alt='' title='foto-archivo-ministro-montes,-seremi-de-vivienda-y-funcionarios-minvu-ays\u00e9n-(1)_optimized' height=\"600\" width=\"977\"  itemprop=\"thumbnailUrl\" srcset=\"https:\/\/radiorevelacionfm.cl\/wp-content\/uploads\/2023\/09\/foto-archivo-ministro-montes-seremi-de-vivienda-y-funcionarios-minvu-aysen-1_optimized.jpg 977w, https:\/\/radiorevelacionfm.cl\/wp-content\/uploads\/2023\/09\/foto-archivo-ministro-montes-seremi-de-vivienda-y-funcionarios-minvu-aysen-1_optimized-300x184.jpg 300w, https:\/\/radiorevelacionfm.cl\/wp-content\/uploads\/2023\/09\/foto-archivo-ministro-montes-seremi-de-vivienda-y-funcionarios-minvu-aysen-1_optimized-768x472.jpg 768w, https:\/\/radiorevelacionfm.cl\/wp-content\/uploads\/2023\/09\/foto-archivo-ministro-montes-seremi-de-vivienda-y-funcionarios-minvu-aysen-1_optimized-705x433.jpg 705w, https:\/\/radiorevelacionfm.cl\/wp-content\/uploads\/2023\/09\/foto-archivo-ministro-montes-seremi-de-vivienda-y-funcionarios-minvu-aysen-1_optimized-450x276.jpg 450w, https:\/\/radiorevelacionfm.cl\/wp-content\/uploads\/2023\/09\/foto-archivo-ministro-montes-seremi-de-vivienda-y-funcionarios-minvu-aysen-1_optimized-600x368.jpg 600w\" sizes=\"(max-width: 977px) 100vw, 977px\" \/><\/div><\/div><\/div><\/div><div class=\"flex_column av_one_full  flex_column_div av-zero-column-padding first  avia-builder-el-2  el_after_av_one_full  el_before_av_one_full  column-top-margin\" style='border-radius:0px; '><section class=\"av_textblock_section \"  itemscope=\"itemscope\" itemtype=\"https:\/\/schema.org\/BlogPosting\" itemprop=\"blogPost\" ><div class='avia_textblock  '   itemprop=\"text\" ><p style=\"text-align: center;\"><span style=\"font-size: 18pt;\"><strong>Minvu impulsa nueva etapa para fortalecer la gesti\u00f3n interna y la transparencia institucional<\/strong><\/span><\/p>\n<div id=\"gtx-trans\" style=\"position: absolute; left: -50px; top: 4.31534px;\">\n<div class=\"gtx-trans-icon\"><\/div>\n<\/div>\n<\/div><\/section><\/div><div class=\"flex_column av_one_full  flex_column_div av-zero-column-padding first  avia-builder-el-4  el_after_av_one_full  el_before_av_hr  column-top-margin\" style='border-radius:0px; '><section class=\"av_textblock_section \"  itemscope=\"itemscope\" itemtype=\"https:\/\/schema.org\/BlogPosting\" itemprop=\"blogPost\" ><div class='avia_textblock  '   itemprop=\"text\" ><p style=\"text-align: justify;\">\u201cConstruyendo Cambios\u201d se denomina la nueva etapa que lanz\u00f3 recientemente el Ministerio de Vivienda y Urbanismo para destacar la incorporaci\u00f3n de una serie de innovaciones y medidas tendientes a fortalecer y mejorar la gesti\u00f3n en beneficio de los habitantes de todo el pa\u00eds.<\/p>\n<p style=\"text-align: justify;\">Tal como detall\u00f3 el Ministro de Vivienda, Carlos Montes, existe la necesidad de revitalizar el Minvu con m\u00e1s fuerza y energ\u00eda para ir en respuesta de las necesidades de muchas familias que hoy no tienen una vivienda, para que al final de este Gobierno las personas sientan que su vida mejor\u00f3. \u201cPara eso tenemos que fortalecer al ministerio, con una actitud positiva y constructiva\u201d, acot\u00f3.<\/p>\n<p style=\"text-align: justify;\">La nueva etapa y las acciones a implementar fueron destacadas tambi\u00e9n por la Seremi de Vivienda, Paulina Ruz, quien record\u00f3 que el principal objetivo de este periodo es elevar los est\u00e1ndares de probidad y transparencia, con el objetivo de fortalecer la gesti\u00f3n institucional en beneficio de la ciudadan\u00eda. Sin duda, un desaf\u00edo fundamental que requiere del compromiso de toda la comunidad y un esp\u00edritu constructivo para llevar adelante las transformaciones que el ministerio necesita.<\/p>\n<p style=\"text-align: justify;\">Seg\u00fan detall\u00f3 la autoridad sectorial la frase \u201cConstruyendo Cambios\u201d apunta precisamente en esa direcci\u00f3n. \u201cEs una invitaci\u00f3n a continuar colaborando desde las diferentes funciones que competen a nuestro Ministerio, con mucha fuerza, responsabilidad y \u200b\u200bcompromiso. Esto implica, por ejemplo, fortalecer la relaci\u00f3n entre el Estado y la ciudadan\u00eda; entre la vivienda y la ciudad; entre el ejercicio de la probidad y la transparencia; al mismo tiempo que avanzamos con fuerza en el Plan de Emergencia Habitacional y Ciudades Justas.\u00a0A lo anterior se agrega el componente social como parte de esta nueva etapa, en donde el di\u00e1logo y la colaboraci\u00f3n con las distintas comunidades adquiere gran relevancia y refleja en gran parte el trabajo de nuestros funcionarios\u201d, acot\u00f3.<\/p>\n<p style=\"text-align: justify;\">En ese contexto la Seremi Paulina Ruz destac\u00f3 tambi\u00e9n la relevancia que tendr\u00e1 la aplicaci\u00f3n de la Agenda de Modernizaci\u00f3n, Probidad y Transparencia, la cual est\u00e1 fundada b\u00e1sicamente en tres pilares: el redise\u00f1o del Programa de Asentamientos Precarios; el Sistema de Integridad, Transparencia y Seguridad de la Informaci\u00f3n del Minvu; y el Fortalecimiento Institucional de la cartera.<\/p>\n<p style=\"text-align: justify;\">Finalmente, record\u00f3 la Seremi que el pasado 6 de julio comenz\u00f3 a operar el nuevo Sistema de Consultas y Denuncias para promover la integridad, la transparencia y la seguridad de la informaci\u00f3n institucional, medidas que sin duda ir\u00e1n consolidando esta nueva etapa que el Ministerio de Vivienda est\u00e1 implementando para atender cada d\u00eda de mejor forma las m\u00faltiples necesidades de nuestra comunidad regional y nacional.<\/p>\n<\/div><\/section><\/div><div  style='height:50px' class='hr hr-invisible   avia-builder-el-6  el_after_av_one_full  el_before_av_social_share '><span class='hr-inner ' ><span class='hr-inner-style'><\/span><\/span><\/div><\/p>\n<div  class='av-social-sharing-box  avia-builder-el-7  el_after_av_hr  el_before_av_hr  '><div class='av-share-box'><h5 class='av-share-link-description av-no-toc '>Compartir esta noticia<\/h5><ul class='av-share-box-list noLightbox'><li class='av-share-link av-social-link-facebook' ><a target=\"_blank\" aria-label=\"Compartir en Facebook\" href='https:\/\/www.facebook.com\/sharer.php?u=https:\/\/radiorevelacionfm.cl\/?p=34613&#038;t=Minvu%20impulsa%20nueva%20etapa%20para%20fortalecer%20la%20gesti%C3%B3n%20interna%20y%20la%20transparencia%20institucional' aria-hidden='false' data-av_icon='\ue8f3' data-av_iconfont='entypo-fontello' title='' data-avia-related-tooltip='Compartir en Facebook' rel=\"noopener\"><span class='avia_hidden_link_text'>Compartir en Facebook<\/span><\/a><\/li><li class='av-share-link av-social-link-twitter' ><a target=\"_blank\" aria-label=\"Compartir en Twitter\" href='https:\/\/twitter.com\/share?text=Minvu%20impulsa%20nueva%20etapa%20para%20fortalecer%20la%20gesti%C3%B3n%20interna%20y%20la%20transparencia%20institucional&#038;url=https:\/\/radiorevelacionfm.cl\/?p=34613' aria-hidden='false' data-av_icon='\ue8f1' data-av_iconfont='entypo-fontello' title='' data-avia-related-tooltip='Compartir en Twitter' rel=\"noopener\"><span class='avia_hidden_link_text'>Compartir en Twitter<\/span><\/a><\/li><li class='av-share-link av-social-link-whatsapp' ><a target=\"_blank\" aria-label=\"Compartir en Whatsapp\" href='https:\/\/api.whatsapp.com\/send?text=https:\/\/radiorevelacionfm.cl\/?p=34613' aria-hidden='false' data-av_icon='\uf232' data-av_iconfont='entypo-fontello' title='' data-avia-related-tooltip='Compartir en Whatsapp' rel=\"noopener\"><span class='avia_hidden_link_text'>Compartir en Whatsapp<\/span><\/a><\/li><li class='av-share-link av-social-link-linkedin' ><a target=\"_blank\" aria-label=\"Compartir en LinkedIn\" href='https:\/\/linkedin.com\/shareArticle?mini=true&#038;title=Minvu%20impulsa%20nueva%20etapa%20para%20fortalecer%20la%20gesti%C3%B3n%20interna%20y%20la%20transparencia%20institucional&#038;url=https:\/\/radiorevelacionfm.cl\/?p=34613' aria-hidden='false' data-av_icon='\ue8fc' data-av_iconfont='entypo-fontello' title='' data-avia-related-tooltip='Compartir en LinkedIn' rel=\"noopener\"><span class='avia_hidden_link_text'>Compartir en LinkedIn<\/span><\/a><\/li><li class='av-share-link av-social-link-mail' ><a  aria-label=\"Compartir por correo\" href='mailto:?subject=Minvu%20impulsa%20nueva%20etapa%20para%20fortalecer%20la%20gesti%C3%B3n%20interna%20y%20la%20transparencia%20institucional&#038;body=https:\/\/radiorevelacionfm.cl\/?p=34613' aria-hidden='false' data-av_icon='\ue805' data-av_iconfont='entypo-fontello' title='' data-avia-related-tooltip='Compartir por correo'><span class='avia_hidden_link_text'>Compartir por correo<\/span><\/a><\/li><\/ul><\/div><\/div>\n<div  style='height:50px' class='hr hr-invisible   avia-builder-el-8  el_after_av_social_share  el_before_av_comments_list '><span class='hr-inner ' ><span class='hr-inner-style'><\/span><\/span><\/div>\n<div  class='av-buildercomment  av-blog-meta-html-info-disabled av-blog-meta-tag-disabled  '><\/div>\n","protected":false},"excerpt":{"rendered":"","protected":false},"author":1,"featured_media":34614,"comment_status":"open","ping_status":"open","sticky":false,"template":"","format":"standard","meta":{"footnotes":""},"categories":[57],"tags":[],"class_list":["post-34613","post","type-post","status-publish","format-standard","has-post-thumbnail","hentry","category-vivienda"],"jetpack_featured_media_url":"https:\/\/radiorevelacionfm.cl\/wp-content\/uploads\/2023\/09\/foto-archivo-ministro-montes-seremi-de-vivienda-y-funcionarios-minvu-aysen-1_optimized.jpg","_links":{"self":[{"href":"https:\/\/radiorevelacionfm.cl\/index.php?rest_route=\/wp\/v2\/posts\/34613","targetHints":{"allow":["GET"]}}],"collection":[{"href":"https:\/\/radiorevelacionfm.cl\/index.php?rest_route=\/wp\/v2\/posts"}],"about":[{"href":"https:\/\/radiorevelacionfm.cl\/index.php?rest_route=\/wp\/v2\/types\/post"}],"author":[{"embeddable":true,"href":"https:\/\/radiorevelacionfm.cl\/index.php?rest_route=\/wp\/v2\/users\/1"}],"replies":[{"embeddable":true,"href":"https:\/\/radiorevelacionfm.cl\/index.php?rest_route=%2Fwp%2Fv2%2Fcomments&post=34613"}],"version-history":[{"count":1,"href":"https:\/\/radiorevelacionfm.cl\/index.php?rest_route=\/wp\/v2\/posts\/34613\/revisions"}],"predecessor-version":[{"id":34615,"href":"https:\/\/radiorevelacionfm.cl\/index.php?rest_route=\/wp\/v2\/posts\/34613\/revisions\/34615"}],"wp:featuredmedia":[{"embeddable":true,"href":"https:\/\/radiorevelacionfm.cl\/index.php?rest_route=\/wp\/v2\/media\/34614"}],"wp:attachment":[{"href":"https:\/\/radiorevelacionfm.cl\/index.php?rest_route=%2Fwp%2Fv2%2Fmedia&parent=34613"}],"wp:term":[{"taxonomy":"category","embeddable":true,"href":"https:\/\/radiorevelacionfm.cl\/index.php?rest_route=%2Fwp%2Fv2%2Fcategories&post=34613"},{"taxonomy":"post_tag","embeddable":true,"href":"https:\/\/radiorevelacionfm.cl\/index.php?rest_route=%2Fwp%2Fv2%2Ftags&post=34613"}],"curies":[{"name":"wp","href":"https:\/\/api.w.org\/{rel}","templated":true}]}}