{"id":3461,"date":"2021-04-24T12:47:25","date_gmt":"2021-04-24T15:47:25","guid":{"rendered":"https:\/\/radiorevelacionfm.cl\/?p=3461"},"modified":"2021-04-24T12:47:25","modified_gmt":"2021-04-24T15:47:25","slug":"sandoval-llamo-a-construir-un-gran-acuerdo-nacional-en-materia-de-viviendas-sociales","status":"publish","type":"post","link":"https:\/\/radiorevelacionfm.cl\/?p=3461","title":{"rendered":"Sandoval llam\u00f3 a construir un gran acuerdo nacional en materia de viviendas sociales"},"content":{"rendered":"<div class=\"flex_column av_one_full  flex_column_div av-zero-column-padding first  avia-builder-el-0  el_before_av_one_full  avia-builder-el-first  \" style='border-radius:0px; '><div  class='avia-image-container  av-styling-    avia-builder-el-1  avia-builder-el-no-sibling  avia-align-center '  itemprop=\"image\" itemscope=\"itemscope\" itemtype=\"https:\/\/schema.org\/ImageObject\"  ><div class='avia-image-container-inner'><div class='avia-image-overlay-wrap'><img decoding=\"async\" class='wp-image-0 avia-img-lazy-loading-not-0 avia_image' src=\"https:\/\/radiorevelacionfm.cl\/wp-content\/uploads\/2021\/04\/REUNIDO-CON-MINISTRO-Y-SUBSECRETARIO-MINVU2-1.jpg\" alt='' title=''   itemprop=\"thumbnailUrl\"  \/><\/div><\/div><\/div><\/div><div class=\"flex_column av_one_full  flex_column_div av-zero-column-padding first  avia-builder-el-2  el_after_av_one_full  el_before_av_one_full  column-top-margin\" style='border-radius:0px; '><section class=\"av_textblock_section \"  itemscope=\"itemscope\" itemtype=\"https:\/\/schema.org\/BlogPosting\" itemprop=\"blogPost\" ><div class='avia_textblock  '   itemprop=\"text\" ><p style=\"text-align: center;\"><strong><span style=\"font-size: 18pt;\">Sandoval llam\u00f3 a construir un gran acuerdo nacional en materia de viviendas sociales <\/span><\/strong><\/p>\n<div id=\"gtx-trans\" style=\"position: absolute; left: -50px; top: 4.31534px;\">\n<div class=\"gtx-trans-icon\"><\/div>\n<\/div>\n<\/div><\/section><\/div><div class=\"flex_column av_one_full  flex_column_div av-zero-column-padding first  avia-builder-el-4  el_after_av_one_full  el_before_av_hr  column-top-margin\" style='border-radius:0px; '><section class=\"av_textblock_section \"  itemscope=\"itemscope\" itemtype=\"https:\/\/schema.org\/BlogPosting\" itemprop=\"blogPost\" ><div class='avia_textblock  '   itemprop=\"text\" ><p style=\"text-align: justify;\">La propuesta del parlamentario plantea avanzar hacia la erradicaci\u00f3n de los campamentos, reducir significativamente el d\u00e9ficit habitacional y revertir la segregaci\u00f3n y urbana existente.<\/p>\n<p style=\"text-align: justify;\">\u201cHemos suscrito un proyecto de acuerdo transversal, para dar respuesta a las entidades sociales que nos est\u00e1n reclamando la voluntad pol\u00edtica de avanzar en la construcci\u00f3n de un gran acuerdo\u201d. As\u00ed lo se\u00f1al\u00f3 el se\u00f1al\u00f3 el senador Sandoval, tras la sesi\u00f3n especial desarrollada en la C\u00e1mara Alta, donde se analiz\u00f3 la situaci\u00f3n de campamentos y tomas en el pa\u00eds.<\/p>\n<p style=\"text-align: justify;\">La idea, explic\u00f3, es que desde el Ejecutivo se impulsen todas las medidas necesarias para concretar un amplio consenso pol\u00edtico y social para avanzar hacia la erradicaci\u00f3n de los campamentos, reduciendo significativamente el d\u00e9ficit habitacional y revertir la segregaci\u00f3n social y urbana existente. \u201cLo que necesitamos es delinear una pol\u00edtica p\u00fablica, que nos asegure en el corto plazo ojal\u00e1 superar este drama social que vive tanta gente\u201d, indic\u00f3.<\/p>\n<p style=\"text-align: justify;\">\u201cEl sue\u00f1o de la casa propia, para algunos, es un sue\u00f1o irrealizable. Los ingresos crecen de manera inversamente proporcional al costo de las viviendas y por tanto, el sue\u00f1o se aleja m\u00e1s en vez de acercarse\u201d, agreg\u00f3.<\/p>\n<p style=\"text-align: justify;\">Esto adquiere mayor relevancia considerando que seg\u00fan catastro oficial del Ministerio de Vivienda (MINVU), a 2019, hay 809 campamentos (47.050 hogares) y 418 tomas, a nivel nacional.<\/p>\n<p style=\"text-align: justify;\">Seg\u00fan Sandoval, quien adem\u00e1s es el presidente de la comisi\u00f3n de Vivienda del Senado, para comenzar a superar este tema, requiere la intervenci\u00f3n p\u00fablica con iniciativas e ideas, adem\u00e1s del aporte del mundo de la academia y de las ONG que se dedican a este tema, que tienen claro el diagn\u00f3stico y clara estrategia. \u201cEspero que esta sesi\u00f3n contribuya a ese objeto. Y que el Gobierno se lleve la voluntad pol\u00edtica transversal, para la construcci\u00f3n de un gran acuerdo que haga posible, en un horizonte de tiempo razonable, de terminar con la angustia de esta casi 82 mil familias de nuestro pa\u00eds que hoy viven en tomas y campamentos , est\u00e1n pasando una condici\u00f3n de vida que chile ya no lo puede seguir soportando\u201d, subray\u00f3.<\/p>\n<p style=\"text-align: justify;\">Cabe se\u00f1alar que <strong>Alto costo de arriendo (31%), necesidad de independencia (24%), bajos ingresos (11,5%) y cesant\u00eda (9%),<\/strong> son los principales motivos que fuerzan a las familias a vivir en lugares en que, generalmente, tienen malos accesos, falta de agua potable y electricidad. \u00a0\u201cEspero se construya este acuerdo y avancemos en la elaboraci\u00f3n de las soluciones\u201d, concluy\u00f3 el legislador.<\/p>\n<\/div><\/section><\/div><div  style='height:50px' class='hr hr-invisible   avia-builder-el-6  el_after_av_one_full  el_before_av_social_share '><span class='hr-inner ' ><span class='hr-inner-style'><\/span><\/span><\/div><\/p>\n<div  class='av-social-sharing-box  avia-builder-el-7  el_after_av_hr  el_before_av_hr  '><div class='av-share-box'><h5 class='av-share-link-description av-no-toc '>Compartir esta noticia<\/h5><ul class='av-share-box-list noLightbox'><li class='av-share-link av-social-link-facebook' ><a target=\"_blank\" aria-label=\"Compartir en Facebook\" href='https:\/\/www.facebook.com\/sharer.php?u=https:\/\/radiorevelacionfm.cl\/?p=3461&#038;t=Sandoval%20llam%C3%B3%20a%20construir%20un%20gran%20acuerdo%20nacional%20en%20materia%20de%20viviendas%20sociales' aria-hidden='false' data-av_icon='\ue8f3' data-av_iconfont='entypo-fontello' title='' data-avia-related-tooltip='Compartir en Facebook' rel=\"noopener\"><span class='avia_hidden_link_text'>Compartir en Facebook<\/span><\/a><\/li><li class='av-share-link av-social-link-twitter' ><a target=\"_blank\" aria-label=\"Compartir en Twitter\" href='https:\/\/twitter.com\/share?text=Sandoval%20llam%C3%B3%20a%20construir%20un%20gran%20acuerdo%20nacional%20en%20materia%20de%20viviendas%20sociales&#038;url=https:\/\/radiorevelacionfm.cl\/?p=3461' aria-hidden='false' data-av_icon='\ue8f1' data-av_iconfont='entypo-fontello' title='' data-avia-related-tooltip='Compartir en Twitter' rel=\"noopener\"><span class='avia_hidden_link_text'>Compartir en Twitter<\/span><\/a><\/li><li class='av-share-link av-social-link-whatsapp' ><a target=\"_blank\" aria-label=\"Compartir en Whatsapp\" href='https:\/\/api.whatsapp.com\/send?text=https:\/\/radiorevelacionfm.cl\/?p=3461' aria-hidden='false' data-av_icon='\uf232' data-av_iconfont='entypo-fontello' title='' data-avia-related-tooltip='Compartir en Whatsapp' rel=\"noopener\"><span class='avia_hidden_link_text'>Compartir en Whatsapp<\/span><\/a><\/li><li class='av-share-link av-social-link-linkedin' ><a target=\"_blank\" aria-label=\"Compartir en LinkedIn\" href='https:\/\/linkedin.com\/shareArticle?mini=true&#038;title=Sandoval%20llam%C3%B3%20a%20construir%20un%20gran%20acuerdo%20nacional%20en%20materia%20de%20viviendas%20sociales&#038;url=https:\/\/radiorevelacionfm.cl\/?p=3461' aria-hidden='false' data-av_icon='\ue8fc' data-av_iconfont='entypo-fontello' title='' data-avia-related-tooltip='Compartir en LinkedIn' rel=\"noopener\"><span class='avia_hidden_link_text'>Compartir en LinkedIn<\/span><\/a><\/li><li class='av-share-link av-social-link-mail' ><a  aria-label=\"Compartir por correo\" href='mailto:?subject=Sandoval%20llam%C3%B3%20a%20construir%20un%20gran%20acuerdo%20nacional%20en%20materia%20de%20viviendas%20sociales&#038;body=https:\/\/radiorevelacionfm.cl\/?p=3461' aria-hidden='false' data-av_icon='\ue805' data-av_iconfont='entypo-fontello' title='' data-avia-related-tooltip='Compartir por correo'><span class='avia_hidden_link_text'>Compartir por correo<\/span><\/a><\/li><\/ul><\/div><\/div>\n<div  style='height:50px' class='hr hr-invisible   avia-builder-el-8  el_after_av_social_share  el_before_av_comments_list '><span class='hr-inner ' ><span class='hr-inner-style'><\/span><\/span><\/div>\n<div  class='av-buildercomment  av-blog-meta-html-info-disabled av-blog-meta-tag-disabled  '><\/div>\n","protected":false},"excerpt":{"rendered":"","protected":false},"author":1,"featured_media":0,"comment_status":"open","ping_status":"open","sticky":false,"template":"","format":"standard","meta":{"footnotes":""},"categories":[57],"tags":[],"class_list":["post-3461","post","type-post","status-publish","format-standard","hentry","category-vivienda"],"jetpack_featured_media_url":"","_links":{"self":[{"href":"https:\/\/radiorevelacionfm.cl\/index.php?rest_route=\/wp\/v2\/posts\/3461","targetHints":{"allow":["GET"]}}],"collection":[{"href":"https:\/\/radiorevelacionfm.cl\/index.php?rest_route=\/wp\/v2\/posts"}],"about":[{"href":"https:\/\/radiorevelacionfm.cl\/index.php?rest_route=\/wp\/v2\/types\/post"}],"author":[{"embeddable":true,"href":"https:\/\/radiorevelacionfm.cl\/index.php?rest_route=\/wp\/v2\/users\/1"}],"replies":[{"embeddable":true,"href":"https:\/\/radiorevelacionfm.cl\/index.php?rest_route=%2Fwp%2Fv2%2Fcomments&post=3461"}],"version-history":[{"count":1,"href":"https:\/\/radiorevelacionfm.cl\/index.php?rest_route=\/wp\/v2\/posts\/3461\/revisions"}],"predecessor-version":[{"id":3464,"href":"https:\/\/radiorevelacionfm.cl\/index.php?rest_route=\/wp\/v2\/posts\/3461\/revisions\/3464"}],"wp:attachment":[{"href":"https:\/\/radiorevelacionfm.cl\/index.php?rest_route=%2Fwp%2Fv2%2Fmedia&parent=3461"}],"wp:term":[{"taxonomy":"category","embeddable":true,"href":"https:\/\/radiorevelacionfm.cl\/index.php?rest_route=%2Fwp%2Fv2%2Fcategories&post=3461"},{"taxonomy":"post_tag","embeddable":true,"href":"https:\/\/radiorevelacionfm.cl\/index.php?rest_route=%2Fwp%2Fv2%2Ftags&post=3461"}],"curies":[{"name":"wp","href":"https:\/\/api.w.org\/{rel}","templated":true}]}}