{"id":34608,"date":"2023-09-04T13:33:29","date_gmt":"2023-09-04T16:33:29","guid":{"rendered":"https:\/\/radiorevelacionfm.cl\/?p=34608"},"modified":"2023-09-04T13:33:29","modified_gmt":"2023-09-04T16:33:29","slug":"diputado-calisto-solicita-al-gobierno-que-intervencion-a-ip-y-cft-los-lagos-sea-con-criterios-regionales","status":"publish","type":"post","link":"https:\/\/radiorevelacionfm.cl\/?p=34608","title":{"rendered":"Diputado Calisto solicita al Gobierno que intervenci\u00f3n a IP y CFT Los Lagos sea con criterios regionales"},"content":{"rendered":"<div class=\"flex_column av_one_full  flex_column_div av-zero-column-padding first  avia-builder-el-0  el_before_av_one_full  avia-builder-el-first  \" style='border-radius:0px; '><div  class='avia-image-container  av-styling-    avia-builder-el-1  avia-builder-el-no-sibling  avia-align-center '  itemprop=\"image\" itemscope=\"itemscope\" itemtype=\"https:\/\/schema.org\/ImageObject\"  ><div class='avia-image-container-inner'><div class='avia-image-overlay-wrap'><img decoding=\"async\" class='wp-image-34611 avia-img-lazy-loading-not-34611 avia_image' src=\"https:\/\/radiorevelacionfm.cl\/wp-content\/uploads\/2023\/09\/foto-reu-ip-los-lagos-2-1-1.jpeg\" alt='' title='foto reu ip los lagos 2 (1) (1)' height=\"600\" width=\"1205\"  itemprop=\"thumbnailUrl\" srcset=\"https:\/\/radiorevelacionfm.cl\/wp-content\/uploads\/2023\/09\/foto-reu-ip-los-lagos-2-1-1.jpeg 1205w, https:\/\/radiorevelacionfm.cl\/wp-content\/uploads\/2023\/09\/foto-reu-ip-los-lagos-2-1-1-300x149.jpeg 300w, https:\/\/radiorevelacionfm.cl\/wp-content\/uploads\/2023\/09\/foto-reu-ip-los-lagos-2-1-1-1030x513.jpeg 1030w, https:\/\/radiorevelacionfm.cl\/wp-content\/uploads\/2023\/09\/foto-reu-ip-los-lagos-2-1-1-768x382.jpeg 768w, https:\/\/radiorevelacionfm.cl\/wp-content\/uploads\/2023\/09\/foto-reu-ip-los-lagos-2-1-1-705x351.jpeg 705w, https:\/\/radiorevelacionfm.cl\/wp-content\/uploads\/2023\/09\/foto-reu-ip-los-lagos-2-1-1-450x224.jpeg 450w, https:\/\/radiorevelacionfm.cl\/wp-content\/uploads\/2023\/09\/foto-reu-ip-los-lagos-2-1-1-600x299.jpeg 600w\" sizes=\"(max-width: 1205px) 100vw, 1205px\" \/><\/div><\/div><\/div><\/div><div class=\"flex_column av_one_full  flex_column_div av-zero-column-padding first  avia-builder-el-2  el_after_av_one_full  el_before_av_one_full  column-top-margin\" style='border-radius:0px; '><section class=\"av_textblock_section \"  itemscope=\"itemscope\" itemtype=\"https:\/\/schema.org\/BlogPosting\" itemprop=\"blogPost\" ><div class='avia_textblock  '   itemprop=\"text\" ><p style=\"text-align: center;\"><span style=\"font-size: 18pt;\"><b><span lang=\"ES\">Diputado Calisto solicita al Gobierno que intervenci\u00f3n a IP y CFT Los Lagos sea con criterios regionales<\/span><\/b><\/span><\/p>\n<div id=\"gtx-trans\" style=\"position: absolute; left: -50px; top: 4.31534px;\">\n<div class=\"gtx-trans-icon\"><\/div>\n<\/div>\n<\/div><\/section><\/div><\/p>\n<div class=\"flex_column av_one_full  flex_column_div av-zero-column-padding first  avia-builder-el-4  el_after_av_one_full  el_before_av_hr  column-top-margin\" style='border-radius:0px; '><section class=\"av_textblock_section \"  itemscope=\"itemscope\" itemtype=\"https:\/\/schema.org\/BlogPosting\" itemprop=\"blogPost\" ><div class='avia_textblock  '   itemprop=\"text\" ><p style=\"font-weight: 400; text-align: justify;\">Consciente de la preocupaci\u00f3n de los estudiantes y los trabajadores del Centro de Formaci\u00f3n T\u00e9cnica e Instituto Profesional Los Lagos, este lunes, el diputado Miguel \u00c1ngel Calisto inst\u00f3 al Gobierno a que la intervenci\u00f3n a dicho centro educacional sea con criterios regionales, para as\u00ed asegurar que la continuidad de estudios de estos j\u00f3venes sea en la regi\u00f3n.<\/p>\n<p style=\"font-weight: 400; text-align: justify;\">El legislador particip\u00f3 en una reuni\u00f3n con el Delegado Presidencial, Rodrigo Araya, instancia donde participaron tambi\u00e9n representantes de los estudiantes y de los trabajadores del CFT e IP Los Lagos.<\/p>\n<p style=\"font-weight: 400; text-align: justify;\">Seg\u00fan Calisto, \u201cesta es una situaci\u00f3n muy compleja, porque hoy en d\u00eda no hay ning\u00fan tipo de certeza respecto de cu\u00e1l ser\u00e1 el mecanismo de intervenci\u00f3n para poder garantizar la continuidad de los alumnos en carreras universitarias o la reubicaci\u00f3n de alumnos en otros institutos. Lo que nosotros estamos solicitando al Gobierno, y particularmente al Delegado Presidencial, es que nos ayude a que la decisi\u00f3n que se tome por parte de la Superintendencia de Educaci\u00f3n sea con criterios regionales, tomando en cuenta las complejidades que tiene Ays\u00e9n respecto a la falta de oferta universitaria\u201d.<\/p>\n<p style=\"font-weight: 400; text-align: justify;\">\u201cEs importante que el Centro de Formaci\u00f3n T\u00e9cnica del Estado y la Universidad de Ays\u00e9n puedan absorber esta situaci\u00f3n y ayuden a la Superintendencia de Educaci\u00f3n a resolver el problema. Por otra parte, los trabajadores tambi\u00e9n est\u00e1n en absoluto abandono respecto a sus pagos y sus beneficios. Hoy en d\u00eda, tienen que abandonar sus lugares de trabajo, porque las sedes deben ser entregadas\u201d, indic\u00f3.<\/p>\n<p style=\"font-weight: 400; text-align: justify;\">Por su parte, Karen Ayanc\u00e1n, vocera de los estudiantes del CFT e IP Los Lagos afirm\u00f3 que \u201cle planteamos al Delegado Presidencial todas las dudas y consultas que ten\u00edamos. Le solicitamos su cooperaci\u00f3n para intervenir en los diferentes temas que nos tienen preocupados, como la continuidad de estudios. Si bien la ley nos garantiza el plan de estudios, esa continuidad no se puede dar por las caracter\u00edsticas de la regi\u00f3n.<\/p>\n<p style=\"font-weight: 400; text-align: justify;\">Finalmente, la dirigenta estudiantil afirm\u00f3 que \u201ceso es lo que nosotros m\u00e1s necesitamos, y eso fue lo que planteamos al delegado. Esperamos que podamos tener pronto alguna respuesta favorable\u201d.<\/p>\n<\/div><\/section><\/div>\n<div  style='height:50px' class='hr hr-invisible   avia-builder-el-6  el_after_av_one_full  el_before_av_social_share '><span class='hr-inner ' ><span class='hr-inner-style'><\/span><\/span><\/div>\n<div  class='av-social-sharing-box  avia-builder-el-7  el_after_av_hr  el_before_av_hr  '><div class='av-share-box'><h5 class='av-share-link-description av-no-toc '>Compartir esta noticia<\/h5><ul class='av-share-box-list noLightbox'><li class='av-share-link av-social-link-facebook' ><a target=\"_blank\" aria-label=\"Compartir en Facebook\" href='https:\/\/www.facebook.com\/sharer.php?u=https:\/\/radiorevelacionfm.cl\/?p=34608&#038;t=Diputado%20Calisto%20solicita%20al%20Gobierno%20que%20intervenci%C3%B3n%20a%20IP%20y%20CFT%20Los%20Lagos%20sea%20con%20criterios%20regionales' aria-hidden='false' data-av_icon='\ue8f3' data-av_iconfont='entypo-fontello' title='' data-avia-related-tooltip='Compartir en Facebook' rel=\"noopener\"><span class='avia_hidden_link_text'>Compartir en Facebook<\/span><\/a><\/li><li class='av-share-link av-social-link-twitter' ><a target=\"_blank\" aria-label=\"Compartir en Twitter\" href='https:\/\/twitter.com\/share?text=Diputado%20Calisto%20solicita%20al%20Gobierno%20que%20intervenci%C3%B3n%20a%20IP%20y%20CFT%20Los%20Lagos%20sea%20con%20criterios%20regionales&#038;url=https:\/\/radiorevelacionfm.cl\/?p=34608' aria-hidden='false' data-av_icon='\ue8f1' data-av_iconfont='entypo-fontello' title='' data-avia-related-tooltip='Compartir en Twitter' rel=\"noopener\"><span class='avia_hidden_link_text'>Compartir en Twitter<\/span><\/a><\/li><li class='av-share-link av-social-link-whatsapp' ><a target=\"_blank\" aria-label=\"Compartir en Whatsapp\" href='https:\/\/api.whatsapp.com\/send?text=https:\/\/radiorevelacionfm.cl\/?p=34608' aria-hidden='false' data-av_icon='\uf232' data-av_iconfont='entypo-fontello' title='' data-avia-related-tooltip='Compartir en Whatsapp' rel=\"noopener\"><span class='avia_hidden_link_text'>Compartir en Whatsapp<\/span><\/a><\/li><li class='av-share-link av-social-link-linkedin' ><a target=\"_blank\" aria-label=\"Compartir en LinkedIn\" href='https:\/\/linkedin.com\/shareArticle?mini=true&#038;title=Diputado%20Calisto%20solicita%20al%20Gobierno%20que%20intervenci%C3%B3n%20a%20IP%20y%20CFT%20Los%20Lagos%20sea%20con%20criterios%20regionales&#038;url=https:\/\/radiorevelacionfm.cl\/?p=34608' aria-hidden='false' data-av_icon='\ue8fc' data-av_iconfont='entypo-fontello' title='' data-avia-related-tooltip='Compartir en LinkedIn' rel=\"noopener\"><span class='avia_hidden_link_text'>Compartir en LinkedIn<\/span><\/a><\/li><li class='av-share-link av-social-link-mail' ><a  aria-label=\"Compartir por correo\" href='mailto:?subject=Diputado%20Calisto%20solicita%20al%20Gobierno%20que%20intervenci%C3%B3n%20a%20IP%20y%20CFT%20Los%20Lagos%20sea%20con%20criterios%20regionales&#038;body=https:\/\/radiorevelacionfm.cl\/?p=34608' aria-hidden='false' data-av_icon='\ue805' data-av_iconfont='entypo-fontello' title='' data-avia-related-tooltip='Compartir por correo'><span class='avia_hidden_link_text'>Compartir por correo<\/span><\/a><\/li><\/ul><\/div><\/div>\n<div  style='height:50px' class='hr hr-invisible   avia-builder-el-8  el_after_av_social_share  el_before_av_comments_list '><span class='hr-inner ' ><span class='hr-inner-style'><\/span><\/span><\/div>\n<div  class='av-buildercomment  av-blog-meta-html-info-disabled av-blog-meta-tag-disabled  '><\/div>\n","protected":false},"excerpt":{"rendered":"","protected":false},"author":1,"featured_media":34611,"comment_status":"open","ping_status":"open","sticky":false,"template":"","format":"standard","meta":{"footnotes":""},"categories":[35],"tags":[],"class_list":["post-34608","post","type-post","status-publish","format-standard","has-post-thumbnail","hentry","category-politica"],"jetpack_featured_media_url":"https:\/\/radiorevelacionfm.cl\/wp-content\/uploads\/2023\/09\/foto-reu-ip-los-lagos-2-1-1.jpeg","_links":{"self":[{"href":"https:\/\/radiorevelacionfm.cl\/index.php?rest_route=\/wp\/v2\/posts\/34608","targetHints":{"allow":["GET"]}}],"collection":[{"href":"https:\/\/radiorevelacionfm.cl\/index.php?rest_route=\/wp\/v2\/posts"}],"about":[{"href":"https:\/\/radiorevelacionfm.cl\/index.php?rest_route=\/wp\/v2\/types\/post"}],"author":[{"embeddable":true,"href":"https:\/\/radiorevelacionfm.cl\/index.php?rest_route=\/wp\/v2\/users\/1"}],"replies":[{"embeddable":true,"href":"https:\/\/radiorevelacionfm.cl\/index.php?rest_route=%2Fwp%2Fv2%2Fcomments&post=34608"}],"version-history":[{"count":2,"href":"https:\/\/radiorevelacionfm.cl\/index.php?rest_route=\/wp\/v2\/posts\/34608\/revisions"}],"predecessor-version":[{"id":34612,"href":"https:\/\/radiorevelacionfm.cl\/index.php?rest_route=\/wp\/v2\/posts\/34608\/revisions\/34612"}],"wp:featuredmedia":[{"embeddable":true,"href":"https:\/\/radiorevelacionfm.cl\/index.php?rest_route=\/wp\/v2\/media\/34611"}],"wp:attachment":[{"href":"https:\/\/radiorevelacionfm.cl\/index.php?rest_route=%2Fwp%2Fv2%2Fmedia&parent=34608"}],"wp:term":[{"taxonomy":"category","embeddable":true,"href":"https:\/\/radiorevelacionfm.cl\/index.php?rest_route=%2Fwp%2Fv2%2Fcategories&post=34608"},{"taxonomy":"post_tag","embeddable":true,"href":"https:\/\/radiorevelacionfm.cl\/index.php?rest_route=%2Fwp%2Fv2%2Ftags&post=34608"}],"curies":[{"name":"wp","href":"https:\/\/api.w.org\/{rel}","templated":true}]}}