{"id":34605,"date":"2023-09-04T10:52:28","date_gmt":"2023-09-04T13:52:28","guid":{"rendered":"https:\/\/radiorevelacionfm.cl\/?p=34605"},"modified":"2023-09-04T10:52:28","modified_gmt":"2023-09-04T13:52:28","slug":"emporcha-y-alcalde-de-cisnes-dialogan-sobre-conectividad-y-opciones-de-llevar-cruceros-a-esa-comuna","status":"publish","type":"post","link":"https:\/\/radiorevelacionfm.cl\/?p=34605","title":{"rendered":"Emporcha y alcalde de Cisnes dialogan sobre conectividad y opciones de llevar cruceros a esa comuna"},"content":{"rendered":"<div class=\"flex_column av_one_full  flex_column_div av-zero-column-padding first  avia-builder-el-0  el_before_av_one_full  avia-builder-el-first  \" style='border-radius:0px; '><div  class='avia-image-container  av-styling-    avia-builder-el-1  avia-builder-el-no-sibling  avia-align-center '  itemprop=\"image\" itemscope=\"itemscope\" itemtype=\"https:\/\/schema.org\/ImageObject\"  ><div class='avia-image-container-inner'><div class='avia-image-overlay-wrap'><img decoding=\"async\" class='wp-image-34606 avia-img-lazy-loading-not-34606 avia_image' src=\"https:\/\/radiorevelacionfm.cl\/wp-content\/uploads\/2023\/09\/directorio-reunion-alcalde-puerto-cisnes-1_optimized.jpeg\" alt='' title='directorio-reuni\u00f3n-alcalde-puerto-cisnes-(1)_optimized' height=\"600\" width=\"1040\"  itemprop=\"thumbnailUrl\" srcset=\"https:\/\/radiorevelacionfm.cl\/wp-content\/uploads\/2023\/09\/directorio-reunion-alcalde-puerto-cisnes-1_optimized.jpeg 1040w, https:\/\/radiorevelacionfm.cl\/wp-content\/uploads\/2023\/09\/directorio-reunion-alcalde-puerto-cisnes-1_optimized-300x173.jpeg 300w, https:\/\/radiorevelacionfm.cl\/wp-content\/uploads\/2023\/09\/directorio-reunion-alcalde-puerto-cisnes-1_optimized-1030x594.jpeg 1030w, https:\/\/radiorevelacionfm.cl\/wp-content\/uploads\/2023\/09\/directorio-reunion-alcalde-puerto-cisnes-1_optimized-768x443.jpeg 768w, https:\/\/radiorevelacionfm.cl\/wp-content\/uploads\/2023\/09\/directorio-reunion-alcalde-puerto-cisnes-1_optimized-705x407.jpeg 705w, https:\/\/radiorevelacionfm.cl\/wp-content\/uploads\/2023\/09\/directorio-reunion-alcalde-puerto-cisnes-1_optimized-450x260.jpeg 450w, https:\/\/radiorevelacionfm.cl\/wp-content\/uploads\/2023\/09\/directorio-reunion-alcalde-puerto-cisnes-1_optimized-600x346.jpeg 600w\" sizes=\"(max-width: 1040px) 100vw, 1040px\" \/><\/div><\/div><\/div><\/div><div class=\"flex_column av_one_full  flex_column_div av-zero-column-padding first  avia-builder-el-2  el_after_av_one_full  el_before_av_one_full  column-top-margin\" style='border-radius:0px; '><section class=\"av_textblock_section \"  itemscope=\"itemscope\" itemtype=\"https:\/\/schema.org\/BlogPosting\" itemprop=\"blogPost\" ><div class='avia_textblock  '   itemprop=\"text\" ><p class=\"Marcelo\" style=\"text-align: center;\" align=\"center\"><span style=\"font-size: 18pt;\"><b>Emporcha y alcalde de Cisnes dialogan sobre conectividad y opciones de llevar cruceros a esa comuna<\/b><\/span><\/p>\n<div id=\"gtx-trans\" style=\"position: absolute; left: -50px; top: 4.31534px;\">\n<div class=\"gtx-trans-icon\"><\/div>\n<\/div>\n<\/div><\/section><\/div><div class=\"flex_column av_one_full  flex_column_div av-zero-column-padding first  avia-builder-el-4  el_after_av_one_full  el_before_av_hr  column-top-margin\" style='border-radius:0px; '><section class=\"av_textblock_section \"  itemscope=\"itemscope\" itemtype=\"https:\/\/schema.org\/BlogPosting\" itemprop=\"blogPost\" ><div class='avia_textblock  '   itemprop=\"text\" ><p class=\"Marcelo\" style=\"text-align: justify;\">Una cordial y constructiva reuni\u00f3n sostuvieron representantes de la Empresa Portuaria Chacabuco (Emporcha), junto al alcalde de la comuna de Cisnes, Francisco Roncagliolo, la cual se llev\u00f3 a cabo en dependencias de la propia municipalidad.<\/p>\n<p class=\"Marcelo\" style=\"text-align: justify;\">En la cita particip\u00f3 el presidente del directorio de Emporcha, Enrique Runin; el director C\u00e9sar Peyrin, el representante de los trabajadores, Patricio Meli\u00e1n y el gerente general, Felipe Candia, junto al jefe comunal.<\/p>\n<p class=\"Marcelo\" style=\"text-align: justify;\">La cita tuvo por prop\u00f3sito intercambiar visiones sobre el funcionamiento del muelle de conectividad que la portuaria estatal administra en la localidad de Puerto Cisnes, en esta comuna, y poder levantar tanto aspectos positivos como situaciones que revistan posibilidades de mejoras en la operaci\u00f3n que lleva la compa\u00f1\u00eda.<\/p>\n<p class=\"Marcelo\" style=\"text-align: justify;\">\u201cNos interesa de sobremanera que como empresa estemos prestando un servicio de excelencia a todas y todos los habitantes de Cisnes, y es por ello que consider\u00e1bamos tan importante poder reunirnos con el alcalde Roncagliolo, dialogar y obtener su visi\u00f3n respecto de c\u00f3mo se est\u00e1 desarrollando nuestro trabajo\u201d, detall\u00f3 Enrique Runin.<\/p>\n<p class=\"Marcelo\" style=\"text-align: justify;\">Adem\u00e1s, la autoridad convers\u00f3 junto a los representantes de Emporcha \u201csobre las coordinaciones que sean necesarias entre ambas instituciones para poder trabajar en forma cohesionada en beneficio de los miles de pasajeros que anualmente se embarcan y desembarcan en el muelle de conectividad de Cisnes\u201d, seg\u00fan a\u00f1adi\u00f3 el directivo.<\/p>\n<p class=\"Marcelo\" style=\"text-align: justify;\">Otro punto relevante en la cita fue el acercamiento del puerto y el municipio en las gestiones que permitan que cruceros tur\u00edsticos internacionales puedan arribar hasta el muelle de Puerto Cisnes, posibilidad que Emporcha viene evaluando junto a operadores tur\u00edsticos internacionales, de cara a la Temporada de Cruceros 2024-25 en la Regi\u00f3n de Ays\u00e9n.<\/p>\n<p class=\"Marcelo\" style=\"text-align: justify;\">\u201cUna intenci\u00f3n nuestra es ampliar las posibilidades para el turismo de cruceros y, adem\u00e1s de Puerto Chacabuco, hacer posible que naves de pasajeros recalen en Cisnes y otros puntos de la regi\u00f3n, para que as\u00ed los visitantes puedan recorrer los bellos atractivos naturales que existen en el entorno de la comuna, un aspecto que le interesa mucho al alcalde\u201d, complement\u00f3 Runin.<\/p>\n<p class=\"Marcelo\" style=\"text-align: justify;\">En esa l\u00ednea, en octubre pr\u00f3ximo el alcalde y los equipos de Emporcha recibir\u00e1n a un importante operador tur\u00edstico chileno de cruceros internacionales, quien visitar\u00e1 la comuna con el prop\u00f3sito de analizar todos los requerimientos y condiciones que se necesita cumplir para que naves de pasajeros arriben a este punto, hasta ahora in\u00e9dito para la industria tur\u00edstica del Cono Sur.<\/p>\n<\/div><\/section><\/div><div  style='height:50px' class='hr hr-invisible   avia-builder-el-6  el_after_av_one_full  el_before_av_social_share '><span class='hr-inner ' ><span class='hr-inner-style'><\/span><\/span><\/div><\/p>\n<div  class='av-social-sharing-box  avia-builder-el-7  el_after_av_hr  el_before_av_hr  '><div class='av-share-box'><h5 class='av-share-link-description av-no-toc '>Compartir esta noticia<\/h5><ul class='av-share-box-list noLightbox'><li class='av-share-link av-social-link-facebook' ><a target=\"_blank\" aria-label=\"Compartir en Facebook\" href='https:\/\/www.facebook.com\/sharer.php?u=https:\/\/radiorevelacionfm.cl\/?p=34605&#038;t=Emporcha%20y%20alcalde%20de%20Cisnes%20dialogan%20sobre%20conectividad%20y%20opciones%20de%20llevar%20cruceros%20a%20esa%20comuna' aria-hidden='false' data-av_icon='\ue8f3' data-av_iconfont='entypo-fontello' title='' data-avia-related-tooltip='Compartir en Facebook' rel=\"noopener\"><span class='avia_hidden_link_text'>Compartir en Facebook<\/span><\/a><\/li><li class='av-share-link av-social-link-twitter' ><a target=\"_blank\" aria-label=\"Compartir en Twitter\" href='https:\/\/twitter.com\/share?text=Emporcha%20y%20alcalde%20de%20Cisnes%20dialogan%20sobre%20conectividad%20y%20opciones%20de%20llevar%20cruceros%20a%20esa%20comuna&#038;url=https:\/\/radiorevelacionfm.cl\/?p=34605' aria-hidden='false' data-av_icon='\ue8f1' data-av_iconfont='entypo-fontello' title='' data-avia-related-tooltip='Compartir en Twitter' rel=\"noopener\"><span class='avia_hidden_link_text'>Compartir en Twitter<\/span><\/a><\/li><li class='av-share-link av-social-link-whatsapp' ><a target=\"_blank\" aria-label=\"Compartir en Whatsapp\" href='https:\/\/api.whatsapp.com\/send?text=https:\/\/radiorevelacionfm.cl\/?p=34605' aria-hidden='false' data-av_icon='\uf232' data-av_iconfont='entypo-fontello' title='' data-avia-related-tooltip='Compartir en Whatsapp' rel=\"noopener\"><span class='avia_hidden_link_text'>Compartir en Whatsapp<\/span><\/a><\/li><li class='av-share-link av-social-link-linkedin' ><a target=\"_blank\" aria-label=\"Compartir en LinkedIn\" href='https:\/\/linkedin.com\/shareArticle?mini=true&#038;title=Emporcha%20y%20alcalde%20de%20Cisnes%20dialogan%20sobre%20conectividad%20y%20opciones%20de%20llevar%20cruceros%20a%20esa%20comuna&#038;url=https:\/\/radiorevelacionfm.cl\/?p=34605' aria-hidden='false' data-av_icon='\ue8fc' data-av_iconfont='entypo-fontello' title='' data-avia-related-tooltip='Compartir en LinkedIn' rel=\"noopener\"><span class='avia_hidden_link_text'>Compartir en LinkedIn<\/span><\/a><\/li><li class='av-share-link av-social-link-mail' ><a  aria-label=\"Compartir por correo\" href='mailto:?subject=Emporcha%20y%20alcalde%20de%20Cisnes%20dialogan%20sobre%20conectividad%20y%20opciones%20de%20llevar%20cruceros%20a%20esa%20comuna&#038;body=https:\/\/radiorevelacionfm.cl\/?p=34605' aria-hidden='false' data-av_icon='\ue805' data-av_iconfont='entypo-fontello' title='' data-avia-related-tooltip='Compartir por correo'><span class='avia_hidden_link_text'>Compartir por correo<\/span><\/a><\/li><\/ul><\/div><\/div>\n<div  style='height:50px' class='hr hr-invisible   avia-builder-el-8  el_after_av_social_share  el_before_av_comments_list '><span class='hr-inner ' ><span class='hr-inner-style'><\/span><\/span><\/div>\n<div  class='av-buildercomment  av-blog-meta-html-info-disabled av-blog-meta-tag-disabled  '><\/div>\n","protected":false},"excerpt":{"rendered":"","protected":false},"author":1,"featured_media":34606,"comment_status":"open","ping_status":"open","sticky":false,"template":"","format":"standard","meta":{"footnotes":""},"categories":[38],"tags":[],"class_list":["post-34605","post","type-post","status-publish","format-standard","has-post-thumbnail","hentry","category-regional"],"jetpack_featured_media_url":"https:\/\/radiorevelacionfm.cl\/wp-content\/uploads\/2023\/09\/directorio-reunion-alcalde-puerto-cisnes-1_optimized.jpeg","_links":{"self":[{"href":"https:\/\/radiorevelacionfm.cl\/index.php?rest_route=\/wp\/v2\/posts\/34605","targetHints":{"allow":["GET"]}}],"collection":[{"href":"https:\/\/radiorevelacionfm.cl\/index.php?rest_route=\/wp\/v2\/posts"}],"about":[{"href":"https:\/\/radiorevelacionfm.cl\/index.php?rest_route=\/wp\/v2\/types\/post"}],"author":[{"embeddable":true,"href":"https:\/\/radiorevelacionfm.cl\/index.php?rest_route=\/wp\/v2\/users\/1"}],"replies":[{"embeddable":true,"href":"https:\/\/radiorevelacionfm.cl\/index.php?rest_route=%2Fwp%2Fv2%2Fcomments&post=34605"}],"version-history":[{"count":1,"href":"https:\/\/radiorevelacionfm.cl\/index.php?rest_route=\/wp\/v2\/posts\/34605\/revisions"}],"predecessor-version":[{"id":34607,"href":"https:\/\/radiorevelacionfm.cl\/index.php?rest_route=\/wp\/v2\/posts\/34605\/revisions\/34607"}],"wp:featuredmedia":[{"embeddable":true,"href":"https:\/\/radiorevelacionfm.cl\/index.php?rest_route=\/wp\/v2\/media\/34606"}],"wp:attachment":[{"href":"https:\/\/radiorevelacionfm.cl\/index.php?rest_route=%2Fwp%2Fv2%2Fmedia&parent=34605"}],"wp:term":[{"taxonomy":"category","embeddable":true,"href":"https:\/\/radiorevelacionfm.cl\/index.php?rest_route=%2Fwp%2Fv2%2Fcategories&post=34605"},{"taxonomy":"post_tag","embeddable":true,"href":"https:\/\/radiorevelacionfm.cl\/index.php?rest_route=%2Fwp%2Fv2%2Ftags&post=34605"}],"curies":[{"name":"wp","href":"https:\/\/api.w.org\/{rel}","templated":true}]}}