{"id":34602,"date":"2023-09-04T10:20:04","date_gmt":"2023-09-04T13:20:04","guid":{"rendered":"https:\/\/radiorevelacionfm.cl\/?p=34602"},"modified":"2023-09-04T10:20:04","modified_gmt":"2023-09-04T13:20:04","slug":"dentista-de-odontomed-explica-los-principales-motivos-de-consulta-en-la-infancia-de-puerto-aysen","status":"publish","type":"post","link":"https:\/\/radiorevelacionfm.cl\/?p=34602","title":{"rendered":"Dentista de OdontoMed explica los principales motivos de consulta en la infancia de Puerto Ays\u00e9n"},"content":{"rendered":"<div class=\"flex_column av_one_full  flex_column_div av-zero-column-padding first  avia-builder-el-0  el_before_av_one_full  avia-builder-el-first  \" style='border-radius:0px; '><div  class='avia-image-container  av-styling-    avia-builder-el-1  avia-builder-el-no-sibling  avia-align-center '  itemprop=\"image\" itemscope=\"itemscope\" itemtype=\"https:\/\/schema.org\/ImageObject\"  ><div class='avia-image-container-inner'><div class='avia-image-overlay-wrap'><img decoding=\"async\" class='wp-image-34603 avia-img-lazy-loading-not-34603 avia_image' src=\"https:\/\/radiorevelacionfm.cl\/wp-content\/uploads\/2023\/09\/odontomed-1-1.jpg\" alt='' title='odontomed (1) (1)' height=\"600\" width=\"1048\"  itemprop=\"thumbnailUrl\" srcset=\"https:\/\/radiorevelacionfm.cl\/wp-content\/uploads\/2023\/09\/odontomed-1-1.jpg 1048w, https:\/\/radiorevelacionfm.cl\/wp-content\/uploads\/2023\/09\/odontomed-1-1-300x172.jpg 300w, https:\/\/radiorevelacionfm.cl\/wp-content\/uploads\/2023\/09\/odontomed-1-1-1030x590.jpg 1030w, https:\/\/radiorevelacionfm.cl\/wp-content\/uploads\/2023\/09\/odontomed-1-1-768x440.jpg 768w, https:\/\/radiorevelacionfm.cl\/wp-content\/uploads\/2023\/09\/odontomed-1-1-705x404.jpg 705w, https:\/\/radiorevelacionfm.cl\/wp-content\/uploads\/2023\/09\/odontomed-1-1-450x258.jpg 450w, https:\/\/radiorevelacionfm.cl\/wp-content\/uploads\/2023\/09\/odontomed-1-1-600x344.jpg 600w\" sizes=\"(max-width: 1048px) 100vw, 1048px\" \/><\/div><\/div><\/div><\/div><div class=\"flex_column av_one_full  flex_column_div av-zero-column-padding first  avia-builder-el-2  el_after_av_one_full  el_before_av_one_full  column-top-margin\" style='border-radius:0px; '><section class=\"av_textblock_section \"  itemscope=\"itemscope\" itemtype=\"https:\/\/schema.org\/BlogPosting\" itemprop=\"blogPost\" ><div class='avia_textblock  '   itemprop=\"text\" ><p style=\"text-align: center;\"><strong><span style=\"font-size: 18pt;\">Dentista de OdontoMed explica los principales motivos de consulta en la infancia de Puerto Ays\u00e9n<\/span><\/strong><\/p>\n<div id=\"gtx-trans\" style=\"position: absolute; left: -50px; top: 4.31534px;\">\n<div class=\"gtx-trans-icon\"><\/div>\n<\/div>\n<\/div><\/section><\/div><div class=\"flex_column av_one_full  flex_column_div av-zero-column-padding first  avia-builder-el-4  el_after_av_one_full  el_before_av_hr  column-top-margin\" style='border-radius:0px; '><section class=\"av_textblock_section \"  itemscope=\"itemscope\" itemtype=\"https:\/\/schema.org\/BlogPosting\" itemprop=\"blogPost\" ><div class='avia_textblock  '   itemprop=\"text\" ><p style=\"text-align: justify;\">Con una atenci\u00f3n especialmente dedicada para ni\u00f1os y ni\u00f1as se encuentra la Dra. Carla Carpo en el Centro de Odontolog\u00eda y Medicina Familiar, OdontoMed. Desde este espacio, la profesional se refiri\u00f3 a las consultas que recibe a diario en la ciudad de Puerto Ays\u00e9n y las cuales en su mayor\u00eda tienen relaci\u00f3n con el dolor, de uno o m\u00e1s d\u00edas y la posici\u00f3n espacial de los dientes. Cabe destacar que, seg\u00fan la informaci\u00f3n del Departamento de Estad\u00edsticas e Informaci\u00f3n en Salud (DEIS) del Ministerio de Salud en la comuna de Ays\u00e9n durante el 2020 en plena pandemia se registraron 156 atenciones entre consultas espontaneas y urgencias en menores de seis a\u00f1os s\u00f3lo en la red p\u00fablica.<\/p>\n<p style=\"text-align: justify;\">Respecto a las consultas que se generan por los infantes ayseninos, la Dra. Carpo explica que \u201cla mayor consulta en realidad es cuando ya vienen con mucho dolor o han pasado muchos d\u00edas con este y tambi\u00e9n temas relativos a la falta de espacio, cuando ven que los dientes ya vienen en una posici\u00f3n inc\u00f3moda o m\u00e1s desordenados podr\u00edamos decir. La mayor recomendaci\u00f3n es siempre venir antes de que ocurra cualquier problema, es decir, la prevenci\u00f3n es clave\u201d. Por lo que, la profesional realiza un llamado para acudir de manera previa a la aparici\u00f3n de estos temas.<\/p>\n<p style=\"text-align: justify;\">A\u00f1adiendo que \u201cyo les recomiendo acudir a dentista desde que empieza a salir el primer diente y no m\u00e1s all\u00e1 del primer a\u00f1o. Nosotros en la cl\u00ednica hacemos algunas salidas a terreno a distintos colegios, m\u00e1s que nada como para ver la situaci\u00f3n de cada ni\u00f1o y ni\u00f1a. En el caso de necesitar atenci\u00f3n, le informamos a los padres a trav\u00e9s de una comunicaci\u00f3n para que se puedan acercar a la cl\u00ednica y sepan en qu\u00e9 situaci\u00f3n se encuentran sus hijos\u201d. Sentenci\u00f3 la odont\u00f3loga.<\/p>\n<p style=\"text-align: justify;\">Para acceder a la atenci\u00f3n especial que Cl\u00ednica OdontoMed posee para ni\u00f1os y ni\u00f1as la Dra. Carla Carpo se encuentra disponible desde las 09:00 am hasta las 13:00 pm en la jornada de ma\u00f1ana y de 15:00 a 19:00 horas por las tardes en la consulta ubicada a pasos de la Plaza de Puerto Ays\u00e9n en calle Av. Arturo Prat 635. Existiendo tambi\u00e9n un tel\u00e9fono para agendar una cita de forma previa al +56991252560.<\/p>\n<\/div><\/section><\/div><div  style='height:50px' class='hr hr-invisible   avia-builder-el-6  el_after_av_one_full  el_before_av_social_share '><span class='hr-inner ' ><span class='hr-inner-style'><\/span><\/span><\/div><\/p>\n<div  class='av-social-sharing-box  avia-builder-el-7  el_after_av_hr  el_before_av_hr  '><div class='av-share-box'><h5 class='av-share-link-description av-no-toc '>Compartir esta noticia<\/h5><ul class='av-share-box-list noLightbox'><li class='av-share-link av-social-link-facebook' ><a target=\"_blank\" aria-label=\"Compartir en Facebook\" href='https:\/\/www.facebook.com\/sharer.php?u=https:\/\/radiorevelacionfm.cl\/?p=34602&#038;t=Dentista%20de%20OdontoMed%20explica%20los%20principales%20motivos%20de%20consulta%20en%20la%20infancia%20de%20Puerto%20Ays%C3%A9n' aria-hidden='false' data-av_icon='\ue8f3' data-av_iconfont='entypo-fontello' title='' data-avia-related-tooltip='Compartir en Facebook' rel=\"noopener\"><span class='avia_hidden_link_text'>Compartir en Facebook<\/span><\/a><\/li><li class='av-share-link av-social-link-twitter' ><a target=\"_blank\" aria-label=\"Compartir en Twitter\" href='https:\/\/twitter.com\/share?text=Dentista%20de%20OdontoMed%20explica%20los%20principales%20motivos%20de%20consulta%20en%20la%20infancia%20de%20Puerto%20Ays%C3%A9n&#038;url=https:\/\/radiorevelacionfm.cl\/?p=34602' aria-hidden='false' data-av_icon='\ue8f1' data-av_iconfont='entypo-fontello' title='' data-avia-related-tooltip='Compartir en Twitter' rel=\"noopener\"><span class='avia_hidden_link_text'>Compartir en Twitter<\/span><\/a><\/li><li class='av-share-link av-social-link-whatsapp' ><a target=\"_blank\" aria-label=\"Compartir en Whatsapp\" href='https:\/\/api.whatsapp.com\/send?text=https:\/\/radiorevelacionfm.cl\/?p=34602' aria-hidden='false' data-av_icon='\uf232' data-av_iconfont='entypo-fontello' title='' data-avia-related-tooltip='Compartir en Whatsapp' rel=\"noopener\"><span class='avia_hidden_link_text'>Compartir en Whatsapp<\/span><\/a><\/li><li class='av-share-link av-social-link-linkedin' ><a target=\"_blank\" aria-label=\"Compartir en LinkedIn\" href='https:\/\/linkedin.com\/shareArticle?mini=true&#038;title=Dentista%20de%20OdontoMed%20explica%20los%20principales%20motivos%20de%20consulta%20en%20la%20infancia%20de%20Puerto%20Ays%C3%A9n&#038;url=https:\/\/radiorevelacionfm.cl\/?p=34602' aria-hidden='false' data-av_icon='\ue8fc' data-av_iconfont='entypo-fontello' title='' data-avia-related-tooltip='Compartir en LinkedIn' rel=\"noopener\"><span class='avia_hidden_link_text'>Compartir en LinkedIn<\/span><\/a><\/li><li class='av-share-link av-social-link-mail' ><a  aria-label=\"Compartir por correo\" href='mailto:?subject=Dentista%20de%20OdontoMed%20explica%20los%20principales%20motivos%20de%20consulta%20en%20la%20infancia%20de%20Puerto%20Ays%C3%A9n&#038;body=https:\/\/radiorevelacionfm.cl\/?p=34602' aria-hidden='false' data-av_icon='\ue805' data-av_iconfont='entypo-fontello' title='' data-avia-related-tooltip='Compartir por correo'><span class='avia_hidden_link_text'>Compartir por correo<\/span><\/a><\/li><\/ul><\/div><\/div>\n<div  style='height:50px' class='hr hr-invisible   avia-builder-el-8  el_after_av_social_share  el_before_av_comments_list '><span class='hr-inner ' ><span class='hr-inner-style'><\/span><\/span><\/div>\n<div  class='av-buildercomment  av-blog-meta-html-info-disabled av-blog-meta-tag-disabled  '><\/div>\n","protected":false},"excerpt":{"rendered":"","protected":false},"author":1,"featured_media":34603,"comment_status":"open","ping_status":"open","sticky":false,"template":"","format":"standard","meta":{"footnotes":""},"categories":[38],"tags":[],"class_list":["post-34602","post","type-post","status-publish","format-standard","has-post-thumbnail","hentry","category-regional"],"jetpack_featured_media_url":"https:\/\/radiorevelacionfm.cl\/wp-content\/uploads\/2023\/09\/odontomed-1-1.jpg","_links":{"self":[{"href":"https:\/\/radiorevelacionfm.cl\/index.php?rest_route=\/wp\/v2\/posts\/34602","targetHints":{"allow":["GET"]}}],"collection":[{"href":"https:\/\/radiorevelacionfm.cl\/index.php?rest_route=\/wp\/v2\/posts"}],"about":[{"href":"https:\/\/radiorevelacionfm.cl\/index.php?rest_route=\/wp\/v2\/types\/post"}],"author":[{"embeddable":true,"href":"https:\/\/radiorevelacionfm.cl\/index.php?rest_route=\/wp\/v2\/users\/1"}],"replies":[{"embeddable":true,"href":"https:\/\/radiorevelacionfm.cl\/index.php?rest_route=%2Fwp%2Fv2%2Fcomments&post=34602"}],"version-history":[{"count":1,"href":"https:\/\/radiorevelacionfm.cl\/index.php?rest_route=\/wp\/v2\/posts\/34602\/revisions"}],"predecessor-version":[{"id":34604,"href":"https:\/\/radiorevelacionfm.cl\/index.php?rest_route=\/wp\/v2\/posts\/34602\/revisions\/34604"}],"wp:featuredmedia":[{"embeddable":true,"href":"https:\/\/radiorevelacionfm.cl\/index.php?rest_route=\/wp\/v2\/media\/34603"}],"wp:attachment":[{"href":"https:\/\/radiorevelacionfm.cl\/index.php?rest_route=%2Fwp%2Fv2%2Fmedia&parent=34602"}],"wp:term":[{"taxonomy":"category","embeddable":true,"href":"https:\/\/radiorevelacionfm.cl\/index.php?rest_route=%2Fwp%2Fv2%2Fcategories&post=34602"},{"taxonomy":"post_tag","embeddable":true,"href":"https:\/\/radiorevelacionfm.cl\/index.php?rest_route=%2Fwp%2Fv2%2Ftags&post=34602"}],"curies":[{"name":"wp","href":"https:\/\/api.w.org\/{rel}","templated":true}]}}