{"id":34596,"date":"2023-09-03T21:15:20","date_gmt":"2023-09-04T00:15:20","guid":{"rendered":"https:\/\/radiorevelacionfm.cl\/?p=34596"},"modified":"2023-09-03T21:15:20","modified_gmt":"2023-09-04T00:15:20","slug":"aprueban-subvenciones-para-clubes-de-adultos-mayores-y-juntas-de-vecinos-de-la-comuna-de-aysen","status":"publish","type":"post","link":"https:\/\/radiorevelacionfm.cl\/?p=34596","title":{"rendered":"Aprueban subvenciones para Clubes de Adultos Mayores y Juntas de Vecinos de la comuna de Ays\u00e9n"},"content":{"rendered":"<div class=\"flex_column av_one_full  flex_column_div av-zero-column-padding first  avia-builder-el-0  el_before_av_one_full  avia-builder-el-first  \" style='border-radius:0px; '><div  class='avia-image-container  av-styling-    avia-builder-el-1  avia-builder-el-no-sibling  avia-align-center '  itemprop=\"image\" itemscope=\"itemscope\" itemtype=\"https:\/\/schema.org\/ImageObject\"  ><div class='avia-image-container-inner'><div class='avia-image-overlay-wrap'><img decoding=\"async\" class='wp-image-34597 avia-img-lazy-loading-not-34597 avia_image' src=\"https:\/\/radiorevelacionfm.cl\/wp-content\/uploads\/2023\/09\/fomam-y-fondeve-3-1_optimized-1.jpg\" alt='' title='fomam-y-fondeve-3-(1)_optimized (1)' height=\"600\" width=\"1067\"  itemprop=\"thumbnailUrl\" srcset=\"https:\/\/radiorevelacionfm.cl\/wp-content\/uploads\/2023\/09\/fomam-y-fondeve-3-1_optimized-1.jpg 1067w, https:\/\/radiorevelacionfm.cl\/wp-content\/uploads\/2023\/09\/fomam-y-fondeve-3-1_optimized-1-300x169.jpg 300w, https:\/\/radiorevelacionfm.cl\/wp-content\/uploads\/2023\/09\/fomam-y-fondeve-3-1_optimized-1-1030x579.jpg 1030w, https:\/\/radiorevelacionfm.cl\/wp-content\/uploads\/2023\/09\/fomam-y-fondeve-3-1_optimized-1-768x432.jpg 768w, https:\/\/radiorevelacionfm.cl\/wp-content\/uploads\/2023\/09\/fomam-y-fondeve-3-1_optimized-1-705x396.jpg 705w, https:\/\/radiorevelacionfm.cl\/wp-content\/uploads\/2023\/09\/fomam-y-fondeve-3-1_optimized-1-450x253.jpg 450w, https:\/\/radiorevelacionfm.cl\/wp-content\/uploads\/2023\/09\/fomam-y-fondeve-3-1_optimized-1-600x337.jpg 600w\" sizes=\"(max-width: 1067px) 100vw, 1067px\" \/><\/div><\/div><\/div><\/div><div class=\"flex_column av_one_full  flex_column_div av-zero-column-padding first  avia-builder-el-2  el_after_av_one_full  el_before_av_one_full  column-top-margin\" style='border-radius:0px; '><section class=\"av_textblock_section \"  itemscope=\"itemscope\" itemtype=\"https:\/\/schema.org\/BlogPosting\" itemprop=\"blogPost\" ><div class='avia_textblock  '   itemprop=\"text\" ><p style=\"text-align: center;\"><strong><span style=\"font-size: 18pt;\">Aprueban subvenciones para Clubes de Adultos Mayores y Juntas de Vecinos de la comuna de Ays\u00e9n<\/span><\/strong><\/p>\n<div id=\"gtx-trans\" style=\"position: absolute; left: -50px; top: 4.31534px;\">\n<div class=\"gtx-trans-icon\"><\/div>\n<\/div>\n<\/div><\/section><\/div><div class=\"flex_column av_one_full  flex_column_div av-zero-column-padding first  avia-builder-el-4  el_after_av_one_full  el_before_av_hr  column-top-margin\" style='border-radius:0px; '><section class=\"av_textblock_section \"  itemscope=\"itemscope\" itemtype=\"https:\/\/schema.org\/BlogPosting\" itemprop=\"blogPost\" ><div class='avia_textblock  '   itemprop=\"text\" ><p style=\"text-align: justify;\">De forma un\u00e1nime el Consejo Municipal de Ays\u00e9n aprob\u00f3 la entrega de recursos a organizaciones de Adultos Mayores a trav\u00e9s del FOMAM y a Juntas de Vecinos mediante el FONDEVE, subvenciones que para este 2023 permitir\u00e1n financiar 28 proyectos FOMAM y 20 FONDEVE.<\/p>\n<p style=\"text-align: justify;\">Durante esta gesti\u00f3n edilicia, se ha logrado avanzar en la actualizaci\u00f3n de varias organizaciones, las que se han reactividad en bien de sus sectores e integrantes. Lo que fue relevado por el Alcalde, Julio Uribe Alvarado.<\/p>\n<p style=\"text-align: justify;\">\u201cCuando asumimos hab\u00eda una cantidad de 25 clubes de adultos mayores, de los cuales, solamente 10 estaban con su documentaci\u00f3n al d\u00eda para poder recibir fondos. Hoy tenemos 34 clubes y estamos entregando recursos a 28 de ellos, o sea, hemos aumentado en m\u00e1s del doble de lo que se entregaba en alguna oportunidad, esto no tiene muy contentos. En las juntas de vecinos igual hab\u00eda un incremento en la cantidad que estaban vigentes y con toda su documentaci\u00f3n al d\u00eda para postular, ese es un tremendo trabajo que hace nuestra Secretar\u00eda Municipal en conjunto con la Oficina de Asuntos Comunitarios\u201d.<\/p>\n<p style=\"text-align: justify;\">Tal como lo destacaba el Alcalde, el poder actualizar informaci\u00f3n y lograr la reactivaci\u00f3n de las organizaciones sociales ha sido un trabajo conjunto entre de los dirigentes, la Secretar\u00eda Municipal y la Oficina de Asuntos Comunitarios. Es por ello que, la encargada de este \u00faltimo ente, Rita Aguilar, se mostr\u00f3 feliz de que esta labor en equipo haya permitido la aprobaci\u00f3n un\u00e1nime del Concejo Municipal a los FOMAM y FONDEVE.<\/p>\n<p style=\"text-align: justify;\">\u201cMuy contenta, agradecer al Honorable Concejo encabezado por su presidente el Alcalde don Julio Uribe y Secretaria Municipal do\u00f1a Nancy Contreras, hoy se aprob\u00f3 el subsidio municipal que se entrega para las juntas de vecinos y clubes de adultos mayores, postularon 28 clubes de adultos mayores y 20 juntas de vecinos, las cuales fueron aprobadas un\u00e1nimemente. As\u00ed es que, estamos felices de poder generar estas instancias de entregar recursos a las diferentes organizaciones, para que, ellos puedan realizar diferentes actividades que fueron detalladas ante el Concejo\u201d.<\/p>\n<p style=\"text-align: justify;\">Mejoras las sedes sociales, actividades recreativas, encuentros, paseos, entre otras iniciativas fueron las presentadas a las subvenciones municipales y donde finalmente se aprobaron un total de 48 proyectos, entre iniciativas para adultos mayores y aquellas formuladas por las juntas de vecinos de la comuna de Ays\u00e9n.<\/p>\n<\/div><\/section><\/div><div  style='height:50px' class='hr hr-invisible   avia-builder-el-6  el_after_av_one_full  el_before_av_social_share '><span class='hr-inner ' ><span class='hr-inner-style'><\/span><\/span><\/div><\/p>\n<div  class='av-social-sharing-box  avia-builder-el-7  el_after_av_hr  el_before_av_hr  '><div class='av-share-box'><h5 class='av-share-link-description av-no-toc '>Compartir esta noticia<\/h5><ul class='av-share-box-list noLightbox'><li class='av-share-link av-social-link-facebook' ><a target=\"_blank\" aria-label=\"Compartir en Facebook\" href='https:\/\/www.facebook.com\/sharer.php?u=https:\/\/radiorevelacionfm.cl\/?p=34596&#038;t=Aprueban%20subvenciones%20para%20Clubes%20de%20Adultos%20Mayores%20y%20Juntas%20de%20Vecinos%20de%20la%20comuna%20de%20Ays%C3%A9n' aria-hidden='false' data-av_icon='\ue8f3' data-av_iconfont='entypo-fontello' title='' data-avia-related-tooltip='Compartir en Facebook' rel=\"noopener\"><span class='avia_hidden_link_text'>Compartir en Facebook<\/span><\/a><\/li><li class='av-share-link av-social-link-twitter' ><a target=\"_blank\" aria-label=\"Compartir en Twitter\" href='https:\/\/twitter.com\/share?text=Aprueban%20subvenciones%20para%20Clubes%20de%20Adultos%20Mayores%20y%20Juntas%20de%20Vecinos%20de%20la%20comuna%20de%20Ays%C3%A9n&#038;url=https:\/\/radiorevelacionfm.cl\/?p=34596' aria-hidden='false' data-av_icon='\ue8f1' data-av_iconfont='entypo-fontello' title='' data-avia-related-tooltip='Compartir en Twitter' rel=\"noopener\"><span class='avia_hidden_link_text'>Compartir en Twitter<\/span><\/a><\/li><li class='av-share-link av-social-link-whatsapp' ><a target=\"_blank\" aria-label=\"Compartir en Whatsapp\" href='https:\/\/api.whatsapp.com\/send?text=https:\/\/radiorevelacionfm.cl\/?p=34596' aria-hidden='false' data-av_icon='\uf232' data-av_iconfont='entypo-fontello' title='' data-avia-related-tooltip='Compartir en Whatsapp' rel=\"noopener\"><span class='avia_hidden_link_text'>Compartir en Whatsapp<\/span><\/a><\/li><li class='av-share-link av-social-link-linkedin' ><a target=\"_blank\" aria-label=\"Compartir en LinkedIn\" href='https:\/\/linkedin.com\/shareArticle?mini=true&#038;title=Aprueban%20subvenciones%20para%20Clubes%20de%20Adultos%20Mayores%20y%20Juntas%20de%20Vecinos%20de%20la%20comuna%20de%20Ays%C3%A9n&#038;url=https:\/\/radiorevelacionfm.cl\/?p=34596' aria-hidden='false' data-av_icon='\ue8fc' data-av_iconfont='entypo-fontello' title='' data-avia-related-tooltip='Compartir en LinkedIn' rel=\"noopener\"><span class='avia_hidden_link_text'>Compartir en LinkedIn<\/span><\/a><\/li><li class='av-share-link av-social-link-mail' ><a  aria-label=\"Compartir por correo\" href='mailto:?subject=Aprueban%20subvenciones%20para%20Clubes%20de%20Adultos%20Mayores%20y%20Juntas%20de%20Vecinos%20de%20la%20comuna%20de%20Ays%C3%A9n&#038;body=https:\/\/radiorevelacionfm.cl\/?p=34596' aria-hidden='false' data-av_icon='\ue805' data-av_iconfont='entypo-fontello' title='' data-avia-related-tooltip='Compartir por correo'><span class='avia_hidden_link_text'>Compartir por correo<\/span><\/a><\/li><\/ul><\/div><\/div>\n<div  style='height:50px' class='hr hr-invisible   avia-builder-el-8  el_after_av_social_share  el_before_av_comments_list '><span class='hr-inner ' ><span class='hr-inner-style'><\/span><\/span><\/div>\n<div  class='av-buildercomment  av-blog-meta-html-info-disabled av-blog-meta-tag-disabled  '><\/div>\n","protected":false},"excerpt":{"rendered":"","protected":false},"author":1,"featured_media":34597,"comment_status":"open","ping_status":"open","sticky":false,"template":"","format":"standard","meta":{"footnotes":""},"categories":[38],"tags":[],"class_list":["post-34596","post","type-post","status-publish","format-standard","has-post-thumbnail","hentry","category-regional"],"jetpack_featured_media_url":"https:\/\/radiorevelacionfm.cl\/wp-content\/uploads\/2023\/09\/fomam-y-fondeve-3-1_optimized-1.jpg","_links":{"self":[{"href":"https:\/\/radiorevelacionfm.cl\/index.php?rest_route=\/wp\/v2\/posts\/34596","targetHints":{"allow":["GET"]}}],"collection":[{"href":"https:\/\/radiorevelacionfm.cl\/index.php?rest_route=\/wp\/v2\/posts"}],"about":[{"href":"https:\/\/radiorevelacionfm.cl\/index.php?rest_route=\/wp\/v2\/types\/post"}],"author":[{"embeddable":true,"href":"https:\/\/radiorevelacionfm.cl\/index.php?rest_route=\/wp\/v2\/users\/1"}],"replies":[{"embeddable":true,"href":"https:\/\/radiorevelacionfm.cl\/index.php?rest_route=%2Fwp%2Fv2%2Fcomments&post=34596"}],"version-history":[{"count":1,"href":"https:\/\/radiorevelacionfm.cl\/index.php?rest_route=\/wp\/v2\/posts\/34596\/revisions"}],"predecessor-version":[{"id":34598,"href":"https:\/\/radiorevelacionfm.cl\/index.php?rest_route=\/wp\/v2\/posts\/34596\/revisions\/34598"}],"wp:featuredmedia":[{"embeddable":true,"href":"https:\/\/radiorevelacionfm.cl\/index.php?rest_route=\/wp\/v2\/media\/34597"}],"wp:attachment":[{"href":"https:\/\/radiorevelacionfm.cl\/index.php?rest_route=%2Fwp%2Fv2%2Fmedia&parent=34596"}],"wp:term":[{"taxonomy":"category","embeddable":true,"href":"https:\/\/radiorevelacionfm.cl\/index.php?rest_route=%2Fwp%2Fv2%2Fcategories&post=34596"},{"taxonomy":"post_tag","embeddable":true,"href":"https:\/\/radiorevelacionfm.cl\/index.php?rest_route=%2Fwp%2Fv2%2Ftags&post=34596"}],"curies":[{"name":"wp","href":"https:\/\/api.w.org\/{rel}","templated":true}]}}