{"id":3458,"date":"2021-04-23T20:20:52","date_gmt":"2021-04-23T23:20:52","guid":{"rendered":"https:\/\/radiorevelacionfm.cl\/?p=3458"},"modified":"2021-04-23T20:20:52","modified_gmt":"2021-04-23T23:20:52","slug":"jardines-infantiles-de-integra-celebraron-dia-mundial-de-la-tierra","status":"publish","type":"post","link":"https:\/\/radiorevelacionfm.cl\/?p=3458","title":{"rendered":"Jardines Infantiles de Integra celebraron D\u00eda Mundial de la Tierra"},"content":{"rendered":"<div class=\"flex_column av_one_full  flex_column_div av-zero-column-padding first  avia-builder-el-0  el_before_av_one_full  avia-builder-el-first  \" style='border-radius:0px; '><div  class='avia-image-container  av-styling-    avia-builder-el-1  avia-builder-el-no-sibling  avia-align-center '  itemprop=\"image\" itemscope=\"itemscope\" itemtype=\"https:\/\/schema.org\/ImageObject\"  ><div class='avia-image-container-inner'><div class='avia-image-overlay-wrap'><img decoding=\"async\" class='wp-image-0 avia-img-lazy-loading-not-0 avia_image' src=\"https:\/\/radiorevelacionfm.cl\/wp-content\/uploads\/2021\/04\/7.1-1.jpg\" alt='' title=''   itemprop=\"thumbnailUrl\"  \/><\/div><\/div><\/div><\/div><div class=\"flex_column av_one_full  flex_column_div av-zero-column-padding first  avia-builder-el-2  el_after_av_one_full  el_before_av_one_full  column-top-margin\" style='border-radius:0px; '><section class=\"av_textblock_section \"  itemscope=\"itemscope\" itemtype=\"https:\/\/schema.org\/BlogPosting\" itemprop=\"blogPost\" ><div class='avia_textblock  '   itemprop=\"text\" ><p style=\"text-align: center;\"><strong><span style=\"font-size: 18pt;\">Jardines Infantiles de Integra celebraron D\u00eda Mundial de la Tierra<\/span><\/strong><\/p>\n<div id=\"gtx-trans\" style=\"position: absolute; left: -50px; top: 4.31534px;\">\n<div class=\"gtx-trans-icon\"><\/div>\n<\/div>\n<\/div><\/section><\/div><div class=\"flex_column av_one_full  flex_column_div av-zero-column-padding first  avia-builder-el-4  el_after_av_one_full  el_before_av_hr  column-top-margin\" style='border-radius:0px; '><section class=\"av_textblock_section \"  itemscope=\"itemscope\" itemtype=\"https:\/\/schema.org\/BlogPosting\" itemprop=\"blogPost\" ><div class='avia_textblock  '   itemprop=\"text\" ><p style=\"font-weight: 400; text-align: justify;\">Durante toda la semana los establecimientos educacionales de Fundaci\u00f3n Integra\u00a0 desarrollaron variadas acciones para poner en valor el cuidado y protecci\u00f3n del medioambiente.<\/p>\n<p style=\"font-weight: 400; text-align: justify;\">Ni\u00f1os, ni\u00f1as, familias y equipos educativos pertenecientes a los jardines infantiles de Fundaci\u00f3n Integra en la regi\u00f3n de Ays\u00e9n durante toda una semana estuvieron desarrollando diversas acciones para celebrar el D\u00eda Mundial de la Tierra en la que pusieron \u00e9nfasis respecto de la importancia del planeta.<\/p>\n<p style=\"font-weight: 400; text-align: justify;\">Desde Melinka a Villa O\u00b4Higgins los 19 jardines infantiles, m\u00e1s la modalidad no convencional \u00a0Jard\u00edn Sobre Ruedas, realizaron actividades junto a sus respectivas comunidades educativas buscando que las ni\u00f1as y ni\u00f1os que forman parte de la instituci\u00f3n entiendan y se empapen de la importancia de la protecci\u00f3n y resguardo de nuestro planeta.<\/p>\n<p style=\"font-weight: 400; text-align: justify;\">Cabe se\u00f1alar que el tema medioambiental para Fundaci\u00f3n Integra es un tema relevante, as\u00ed queda demostrado a trav\u00e9s del Sistema Nacional de Certificaci\u00f3n Ambiental de Establecimientos Educacionales (SNCAE) que encabeza el ministerio de Medioambiente y en la que totalidad de los jardines infantiles en la regi\u00f3n cuentan con alg\u00fan grado de certificaci\u00f3n en esta materia.<\/p>\n<p style=\"font-weight: 400; text-align: justify;\"><u>Efem\u00e9ride<\/u><\/p>\n<p style=\"font-weight: 400; text-align: justify;\">El 22 de abril se celebra en todo el planeta el \u201cD\u00eda Mundial de La Tierra\u201d. La fecha recuerda el d\u00eda en que el senador estadounidense Gaylord Nelson logr\u00f3 movilizar a miles de ciudadanos para llamar la atenci\u00f3n de los gobiernos y crear conciencia sobre la sobrepoblaci\u00f3n, la contaminaci\u00f3n, la conservaci\u00f3n de la biodiversidad y otras preocupaciones ambientales.<\/p>\n<p style=\"font-weight: 400; text-align: justify;\">La primera manifestaci\u00f3n tuvo lugar el 22 de abril de 1970, promovida por el senador y activista ambiental, para la creaci\u00f3n de una agencia ambiental. En esta convocatoria participaron dos mil universidades, diez mil escuelas primarias y secundarias y centenares de comunidades. La presi\u00f3n social tuvo sus logros y el gobierno de los Estados Unidos cre\u00f3 la Agencia de Protecci\u00f3n Ambiental y una serie de primeras leyes destinada a la protecci\u00f3n.<\/p>\n<\/div><\/section><\/div><div  style='height:50px' class='hr hr-invisible   avia-builder-el-6  el_after_av_one_full  el_before_av_social_share '><span class='hr-inner ' ><span class='hr-inner-style'><\/span><\/span><\/div><\/p>\n<div  class='av-social-sharing-box  avia-builder-el-7  el_after_av_hr  el_before_av_hr  '><div class='av-share-box'><h5 class='av-share-link-description av-no-toc '>Compartir esta noticia<\/h5><ul class='av-share-box-list noLightbox'><li class='av-share-link av-social-link-facebook' ><a target=\"_blank\" aria-label=\"Compartir en Facebook\" href='https:\/\/www.facebook.com\/sharer.php?u=https:\/\/radiorevelacionfm.cl\/?p=3458&#038;t=Jardines%20Infantiles%20de%20Integra%20celebraron%20D%C3%ADa%20Mundial%20de%20la%20Tierra' aria-hidden='false' data-av_icon='\ue8f3' data-av_iconfont='entypo-fontello' title='' data-avia-related-tooltip='Compartir en Facebook' rel=\"noopener\"><span class='avia_hidden_link_text'>Compartir en Facebook<\/span><\/a><\/li><li class='av-share-link av-social-link-twitter' ><a target=\"_blank\" aria-label=\"Compartir en Twitter\" href='https:\/\/twitter.com\/share?text=Jardines%20Infantiles%20de%20Integra%20celebraron%20D%C3%ADa%20Mundial%20de%20la%20Tierra&#038;url=https:\/\/radiorevelacionfm.cl\/?p=3458' aria-hidden='false' data-av_icon='\ue8f1' data-av_iconfont='entypo-fontello' title='' data-avia-related-tooltip='Compartir en Twitter' rel=\"noopener\"><span class='avia_hidden_link_text'>Compartir en Twitter<\/span><\/a><\/li><li class='av-share-link av-social-link-whatsapp' ><a target=\"_blank\" aria-label=\"Compartir en Whatsapp\" href='https:\/\/api.whatsapp.com\/send?text=https:\/\/radiorevelacionfm.cl\/?p=3458' aria-hidden='false' data-av_icon='\uf232' data-av_iconfont='entypo-fontello' title='' data-avia-related-tooltip='Compartir en Whatsapp' rel=\"noopener\"><span class='avia_hidden_link_text'>Compartir en Whatsapp<\/span><\/a><\/li><li class='av-share-link av-social-link-linkedin' ><a target=\"_blank\" aria-label=\"Compartir en LinkedIn\" href='https:\/\/linkedin.com\/shareArticle?mini=true&#038;title=Jardines%20Infantiles%20de%20Integra%20celebraron%20D%C3%ADa%20Mundial%20de%20la%20Tierra&#038;url=https:\/\/radiorevelacionfm.cl\/?p=3458' aria-hidden='false' data-av_icon='\ue8fc' data-av_iconfont='entypo-fontello' title='' data-avia-related-tooltip='Compartir en LinkedIn' rel=\"noopener\"><span class='avia_hidden_link_text'>Compartir en LinkedIn<\/span><\/a><\/li><li class='av-share-link av-social-link-mail' ><a  aria-label=\"Compartir por correo\" href='mailto:?subject=Jardines%20Infantiles%20de%20Integra%20celebraron%20D%C3%ADa%20Mundial%20de%20la%20Tierra&#038;body=https:\/\/radiorevelacionfm.cl\/?p=3458' aria-hidden='false' data-av_icon='\ue805' data-av_iconfont='entypo-fontello' title='' data-avia-related-tooltip='Compartir por correo'><span class='avia_hidden_link_text'>Compartir por correo<\/span><\/a><\/li><\/ul><\/div><\/div>\n<div  style='height:50px' class='hr hr-invisible   avia-builder-el-8  el_after_av_social_share  el_before_av_comments_list '><span class='hr-inner ' ><span class='hr-inner-style'><\/span><\/span><\/div>\n<div  class='av-buildercomment  av-blog-meta-html-info-disabled av-blog-meta-tag-disabled  '><\/div>\n","protected":false},"excerpt":{"rendered":"","protected":false},"author":1,"featured_media":0,"comment_status":"open","ping_status":"open","sticky":false,"template":"","format":"standard","meta":{"footnotes":""},"categories":[49],"tags":[],"class_list":["post-3458","post","type-post","status-publish","format-standard","hentry","category-educacion"],"jetpack_featured_media_url":"","_links":{"self":[{"href":"https:\/\/radiorevelacionfm.cl\/index.php?rest_route=\/wp\/v2\/posts\/3458","targetHints":{"allow":["GET"]}}],"collection":[{"href":"https:\/\/radiorevelacionfm.cl\/index.php?rest_route=\/wp\/v2\/posts"}],"about":[{"href":"https:\/\/radiorevelacionfm.cl\/index.php?rest_route=\/wp\/v2\/types\/post"}],"author":[{"embeddable":true,"href":"https:\/\/radiorevelacionfm.cl\/index.php?rest_route=\/wp\/v2\/users\/1"}],"replies":[{"embeddable":true,"href":"https:\/\/radiorevelacionfm.cl\/index.php?rest_route=%2Fwp%2Fv2%2Fcomments&post=3458"}],"version-history":[{"count":1,"href":"https:\/\/radiorevelacionfm.cl\/index.php?rest_route=\/wp\/v2\/posts\/3458\/revisions"}],"predecessor-version":[{"id":3460,"href":"https:\/\/radiorevelacionfm.cl\/index.php?rest_route=\/wp\/v2\/posts\/3458\/revisions\/3460"}],"wp:attachment":[{"href":"https:\/\/radiorevelacionfm.cl\/index.php?rest_route=%2Fwp%2Fv2%2Fmedia&parent=3458"}],"wp:term":[{"taxonomy":"category","embeddable":true,"href":"https:\/\/radiorevelacionfm.cl\/index.php?rest_route=%2Fwp%2Fv2%2Fcategories&post=3458"},{"taxonomy":"post_tag","embeddable":true,"href":"https:\/\/radiorevelacionfm.cl\/index.php?rest_route=%2Fwp%2Fv2%2Ftags&post=3458"}],"curies":[{"name":"wp","href":"https:\/\/api.w.org\/{rel}","templated":true}]}}