{"id":34513,"date":"2023-09-01T11:11:51","date_gmt":"2023-09-01T14:11:51","guid":{"rendered":"https:\/\/radiorevelacionfm.cl\/?p=34513"},"modified":"2023-09-01T11:11:51","modified_gmt":"2023-09-01T14:11:51","slug":"una-nueva-solucion-lacustre-para-aysen-ximena-ordenes-hizo-un-llamado-a-dar-un-paso-firme-en-el-inicio-de-la-construccion-de-nuevas-embarcaciones","status":"publish","type":"post","link":"https:\/\/radiorevelacionfm.cl\/?p=34513","title":{"rendered":"Una nueva soluci\u00f3n lacustre para Ays\u00e9n: Ximena \u00d3rdenes hizo un llamado a dar un paso firme en el inicio de la construcci\u00f3n de nuevas embarcaciones"},"content":{"rendered":"<div class=\"flex_column av_one_full  flex_column_div av-zero-column-padding first  avia-builder-el-0  el_before_av_one_full  avia-builder-el-first  \" style='border-radius:0px; '><div  class='avia-image-container  av-styling-    avia-builder-el-1  avia-builder-el-no-sibling  avia-align-center '  itemprop=\"image\" itemscope=\"itemscope\" itemtype=\"https:\/\/schema.org\/ImageObject\"  ><div class='avia-image-container-inner'><div class='avia-image-overlay-wrap'><img decoding=\"async\" class='wp-image-34515 avia-img-lazy-loading-not-34515 avia_image' src=\"https:\/\/radiorevelacionfm.cl\/wp-content\/uploads\/2023\/08\/Senadora1-1.jpg\" alt='' title='Senadora1 (1)' height=\"601\" width=\"1065\"  itemprop=\"thumbnailUrl\" srcset=\"https:\/\/radiorevelacionfm.cl\/wp-content\/uploads\/2023\/08\/Senadora1-1.jpg 1065w, https:\/\/radiorevelacionfm.cl\/wp-content\/uploads\/2023\/08\/Senadora1-1-300x169.jpg 300w, https:\/\/radiorevelacionfm.cl\/wp-content\/uploads\/2023\/08\/Senadora1-1-1030x581.jpg 1030w, https:\/\/radiorevelacionfm.cl\/wp-content\/uploads\/2023\/08\/Senadora1-1-768x433.jpg 768w, https:\/\/radiorevelacionfm.cl\/wp-content\/uploads\/2023\/08\/Senadora1-1-705x398.jpg 705w, https:\/\/radiorevelacionfm.cl\/wp-content\/uploads\/2023\/08\/Senadora1-1-450x254.jpg 450w, https:\/\/radiorevelacionfm.cl\/wp-content\/uploads\/2023\/08\/Senadora1-1-600x339.jpg 600w\" sizes=\"(max-width: 1065px) 100vw, 1065px\" \/><\/div><\/div><\/div><\/div><div class=\"flex_column av_one_full  flex_column_div av-zero-column-padding first  avia-builder-el-2  el_after_av_one_full  el_before_av_one_full  column-top-margin\" style='border-radius:0px; '><section class=\"av_textblock_section \"  itemscope=\"itemscope\" itemtype=\"https:\/\/schema.org\/BlogPosting\" itemprop=\"blogPost\" ><div class='avia_textblock  '   itemprop=\"text\" ><p style=\"text-align: center;\"><span style=\"font-size: 18pt;\"><strong>Una nueva soluci\u00f3n lacustre para Ays\u00e9n: Ximena \u00d3rdenes hizo llamado a dar un paso firme en el inicio de la construcci\u00f3n de nuevas embarcaciones<\/strong><\/span><\/p>\n<div id=\"gtx-trans\" style=\"position: absolute; left: -50px; top: 4.31534px;\">\n<div class=\"gtx-trans-icon\"><\/div>\n<\/div>\n<\/div><\/section><\/div><\/p>\n<div class=\"flex_column av_one_full  flex_column_div av-zero-column-padding first  avia-builder-el-4  el_after_av_one_full  el_before_av_hr  column-top-margin\" style='border-radius:0px; '><section class=\"av_textblock_section \"  itemscope=\"itemscope\" itemtype=\"https:\/\/schema.org\/BlogPosting\" itemprop=\"blogPost\" ><div class='avia_textblock  '   itemprop=\"text\" ><p style=\"text-align: justify;\"><em>En mayo de este a\u00f1o, terminado el plazo del anteproyecto que cont\u00f3 con participaci\u00f3n ciudadana y estatal, se concret\u00f3 un dise\u00f1o para la nueva nave que cubrir\u00e1 el recorrido entre Puerto Ib\u00e1\u00f1ez y Chile Chico. A trav\u00e9s de la Orden N\u00b0774 con fecha 28 de agosto, la subdirectora de Presupuestos inform\u00f3 al director nacional de Planeamiento del Ministerio de Obras P\u00fablicas la autorizaci\u00f3n para adquirir cuatro nuevas naves para la regi\u00f3n de Ays\u00e9n y Los R\u00edos.<\/em><\/p>\n<p style=\"text-align: justify;\">El presupuesto estimado total asciende a m\u00e1s de 9 mil millones para 2024, sobre los 13 mil millones para 2025 y m\u00e1s de 4 mil millones para 2026. El monto total supera los 27,5 mil millones de pesos, entregando soluciones para los actuales problemas de conectividad que afectan a la poblaci\u00f3n que habita en torno al Lago General Carrera, Lago O\u2019Higgins -Ays\u00e9n- y Lago Ranco -Los R\u00edos-.<\/p>\n<p style=\"text-align: justify;\">Los constantes problemas de conectividad que han tenido los habitantes de la ribera del Lago General Carrera, particularmente en la localidad de Chile Chico, ha mermado el desarrollo econ\u00f3mico y el acceso de la poblaci\u00f3n local, dificultando las posibilidades de fomentar el turismo, de asistir a horas m\u00e9dicas en el Hospital Regional de Coyhaique -al verse imposibilitados de viajar- o aumentando el precio de los alimentos por el alza en el transporte, entre otras dificultades.<\/p>\n<p style=\"text-align: justify;\">Jaime Pradenas, representante de la Uni\u00f3n Comunal de Juntas de Vecinos de Chile Chico reconoci\u00f3 la labor que ha realizado la senadora, Ximena Ordenes, desde el inicio de su periodo parlamentario, quien puso en relieve la cr\u00edtica situaci\u00f3n de aislamiento que viven los cerca de 5 mil habitantes de la comuna de Chile Chico. Durante los \u00faltimos a\u00f1os, la parlamentaria ha enviado diversos oficios al Ejecutivo, tanto en actual mandato, como en el anterior, para evidenciar la situaci\u00f3n y solicitar los estudios pertinentes.<\/p>\n<p style=\"text-align: justify;\">Pradenas indic\u00f3 que esta asignaci\u00f3n de presupuesto es una noticia muy alentadora. \u201cNosotros sabemos que es un paso grande para nuestras aspiraciones. Hemos tenido muchos problemas de conectividad y seguido todas las gestiones y avances\u201d, se\u00f1al\u00f3. \u201cAs\u00ed lo sabe muy bien la senadora Ximena Ordenes, nos conoce, conoce tambi\u00e9n el problema y lo que hemos sufrido durante el tiempo. Por eso esta noticia es muy alentadora para nosotros y esperamos que se cumplan todos los plazos para contar con una conectividad y una embarcaci\u00f3n que nos de seguridad\u201d, concluy\u00f3.<\/p>\n<p style=\"text-align: justify;\">En la actualidad el servicio cuenta solamente con el transbordador \u201cTehuelche\u201d, nave que funciona desde 2009, pero que no logra satisfacer la demanda de conectividad que exige la regi\u00f3n, ya que, por norma de la Autoridad Mar\u00edtima, las naves deben entrar en carena cumplido un determinado periodo para mantenci\u00f3n. Junto con esta nave, existe tambi\u00e9n la barcaza \u201cLa Pilchera\u201d, construida en 1973, cumpliendo 50 a\u00f1os de servicio. Sin embargo, esta nave se utiliza principalmente cuando \u201cEl Tehueche\u201d entra en carena o para algunos viajes especiales.<\/p>\n<p style=\"text-align: justify;\">Por su parte, la senadora por Ays\u00e9n, Ximena Ordenes, se\u00f1al\u00f3 que \u201cexiste una vulnerabilidad evidente en la conectividad mar\u00edtima y lacustre en la regi\u00f3n de Ays\u00e9n, ejemplo de ello es lo que ocurri\u00f3 en el Lago General Carrera a partir de una falla y luego la entrada en carena de su nave principal, La Tehuelche. Para m\u00ed esto constituye una prioridad, desde el a\u00f1o 2018 no solo hemos estado oficiando, sino reuni\u00e9ndonos con las autoridades para solicitar que se cuente con sistemas de respaldo que den garant\u00edas para los servicios de conectividad en la regi\u00f3n y que tambi\u00e9n mejoren el est\u00e1ndar del transporte de carga y de pasajeros\u201d<\/p>\n<p style=\"text-align: justify;\">\u201cEsto es una necesidad que se resuelve con la construcci\u00f3n de nuevas embarcaciones, por eso quiero valorar la aprobaci\u00f3n de los presupuestos y el avance en los procesos de participaci\u00f3n y dise\u00f1o, pero para que se renueven las confianzas en esta materia hay que dar un paso firme en el inicio de la construcci\u00f3n de las embarcaciones, que den garant\u00edas y que sirvan de respaldo en situaciones de falla o de mantenci\u00f3n de las naves. Lo importante es que al final del d\u00eda, los habitantes, sobre todo de las localidades m\u00e1s aisladas, no tengan que estar en condiciones precarias e inseguras para trasladarse a la capital regional y al resto del pa\u00eds\u201d, sostuvo la parlamentaria, haciendo un nuevo llamado al Ejecutivo.<\/p>\n<p style=\"text-align: justify;\">Crist\u00f3bal Barcel\u00f3, delegado presidencial provincial de General Carrera tambi\u00e9n valor\u00f3 la noticia y las gestiones realizadas por el director de Obras Portuarias, \u00c1lvaro D\u00edaz y el rol ha cumplido para lograr avanzar en el dise\u00f1o y la consecuci\u00f3n de estos recursos. \u201cTodo esto parti\u00f3 desde el a\u00f1o pasado, cuando se crea la mesa de conectividad, concret\u00e1ndose acuerdos, formas de trabajo y los sue\u00f1os de la comunidad de tener una barcaza que tuviese mayor capacidad de transporte de carga y de pasajeros, con las comodidades que se requieren\u201d se\u00f1al\u00f3.<\/p>\n<p style=\"text-align: justify;\">\u201cSe hizo el dise\u00f1o y ah\u00ed agradecemos al director de Obras Portuarias, que desde la DOP tuvieron un trabajo permanente, logrando un dise\u00f1o junto con la Universidad Austral y completando una primera etapa, pero, faltaba lo m\u00e1s importante que es el financiamiento para esta barcaza\u201d, coment\u00f3. \u201cDestacar la labor y el compromiso que tuvo la senadora Ximena Ordenes, desde la Comisi\u00f3n -Transportes y Telecomunicaciones- en el Congreso, pero tambi\u00e9n, en conversaciones con los ministros y el subsecretario -de Transportes-, que siempre fueron en buen pie y que hoy dan como resultado el financiamiento aprobado para el 2024\u201d destac\u00f3 la autoridad del Gobierno Central en la provincia de General Carrera.<\/p>\n<p style=\"text-align: justify;\">En t\u00e9rminos econ\u00f3micos, el viaje en transbordador permite un ahorro aproximado de por lo menos 6 horas, evitando bordear el Lago General Carrera, lo que tambi\u00e9n implica un importante ahorro en combustible. Se espera que esta nueva soluci\u00f3n lacustre est\u00e9 funcionando ya en 2025.<\/p>\n<\/div><\/section><\/div>\n<div  style='height:50px' class='hr hr-invisible   avia-builder-el-6  el_after_av_one_full  el_before_av_social_share '><span class='hr-inner ' ><span class='hr-inner-style'><\/span><\/span><\/div>\n<div  class='av-social-sharing-box  avia-builder-el-7  el_after_av_hr  el_before_av_hr  '><div class='av-share-box'><h5 class='av-share-link-description av-no-toc '>Compartir esta noticia<\/h5><ul class='av-share-box-list noLightbox'><li class='av-share-link av-social-link-facebook' ><a target=\"_blank\" aria-label=\"Compartir en Facebook\" href='https:\/\/www.facebook.com\/sharer.php?u=https:\/\/radiorevelacionfm.cl\/?p=34513&#038;t=Una%20nueva%20soluci%C3%B3n%20lacustre%20para%20Ays%C3%A9n%3A%20Ximena%20%C3%93rdenes%20hizo%20un%20llamado%20a%20dar%20un%20paso%20firme%20en%20el%20inicio%20de%20la%20construcci%C3%B3n%20de%20nuevas%20embarcaciones' aria-hidden='false' data-av_icon='\ue8f3' data-av_iconfont='entypo-fontello' title='' data-avia-related-tooltip='Compartir en Facebook' rel=\"noopener\"><span class='avia_hidden_link_text'>Compartir en Facebook<\/span><\/a><\/li><li class='av-share-link av-social-link-twitter' ><a target=\"_blank\" aria-label=\"Compartir en Twitter\" href='https:\/\/twitter.com\/share?text=Una%20nueva%20soluci%C3%B3n%20lacustre%20para%20Ays%C3%A9n%3A%20Ximena%20%C3%93rdenes%20hizo%20un%20llamado%20a%20dar%20un%20paso%20firme%20en%20el%20inicio%20de%20la%20construcci%C3%B3n%20de%20nuevas%20embarcaciones&#038;url=https:\/\/radiorevelacionfm.cl\/?p=34513' aria-hidden='false' data-av_icon='\ue8f1' data-av_iconfont='entypo-fontello' title='' data-avia-related-tooltip='Compartir en Twitter' rel=\"noopener\"><span class='avia_hidden_link_text'>Compartir en Twitter<\/span><\/a><\/li><li class='av-share-link av-social-link-whatsapp' ><a target=\"_blank\" aria-label=\"Compartir en Whatsapp\" href='https:\/\/api.whatsapp.com\/send?text=https:\/\/radiorevelacionfm.cl\/?p=34513' aria-hidden='false' data-av_icon='\uf232' data-av_iconfont='entypo-fontello' title='' data-avia-related-tooltip='Compartir en Whatsapp' rel=\"noopener\"><span class='avia_hidden_link_text'>Compartir en Whatsapp<\/span><\/a><\/li><li class='av-share-link av-social-link-linkedin' ><a target=\"_blank\" aria-label=\"Compartir en LinkedIn\" href='https:\/\/linkedin.com\/shareArticle?mini=true&#038;title=Una%20nueva%20soluci%C3%B3n%20lacustre%20para%20Ays%C3%A9n%3A%20Ximena%20%C3%93rdenes%20hizo%20un%20llamado%20a%20dar%20un%20paso%20firme%20en%20el%20inicio%20de%20la%20construcci%C3%B3n%20de%20nuevas%20embarcaciones&#038;url=https:\/\/radiorevelacionfm.cl\/?p=34513' aria-hidden='false' data-av_icon='\ue8fc' data-av_iconfont='entypo-fontello' title='' data-avia-related-tooltip='Compartir en LinkedIn' rel=\"noopener\"><span class='avia_hidden_link_text'>Compartir en LinkedIn<\/span><\/a><\/li><li class='av-share-link av-social-link-mail' ><a  aria-label=\"Compartir por correo\" href='mailto:?subject=Una%20nueva%20soluci%C3%B3n%20lacustre%20para%20Ays%C3%A9n%3A%20Ximena%20%C3%93rdenes%20hizo%20un%20llamado%20a%20dar%20un%20paso%20firme%20en%20el%20inicio%20de%20la%20construcci%C3%B3n%20de%20nuevas%20embarcaciones&#038;body=https:\/\/radiorevelacionfm.cl\/?p=34513' aria-hidden='false' data-av_icon='\ue805' data-av_iconfont='entypo-fontello' title='' data-avia-related-tooltip='Compartir por correo'><span class='avia_hidden_link_text'>Compartir por correo<\/span><\/a><\/li><\/ul><\/div><\/div>\n<div  style='height:50px' class='hr hr-invisible   avia-builder-el-8  el_after_av_social_share  el_before_av_comments_list '><span class='hr-inner ' ><span class='hr-inner-style'><\/span><\/span><\/div>\n<div  class='av-buildercomment  av-blog-meta-html-info-disabled av-blog-meta-tag-disabled  '><\/div>\n","protected":false},"excerpt":{"rendered":"","protected":false},"author":1,"featured_media":34515,"comment_status":"open","ping_status":"open","sticky":false,"template":"","format":"standard","meta":{"footnotes":""},"categories":[35],"tags":[],"class_list":["post-34513","post","type-post","status-publish","format-standard","has-post-thumbnail","hentry","category-politica"],"jetpack_featured_media_url":"https:\/\/radiorevelacionfm.cl\/wp-content\/uploads\/2023\/08\/Senadora1-1.jpg","_links":{"self":[{"href":"https:\/\/radiorevelacionfm.cl\/index.php?rest_route=\/wp\/v2\/posts\/34513","targetHints":{"allow":["GET"]}}],"collection":[{"href":"https:\/\/radiorevelacionfm.cl\/index.php?rest_route=\/wp\/v2\/posts"}],"about":[{"href":"https:\/\/radiorevelacionfm.cl\/index.php?rest_route=\/wp\/v2\/types\/post"}],"author":[{"embeddable":true,"href":"https:\/\/radiorevelacionfm.cl\/index.php?rest_route=\/wp\/v2\/users\/1"}],"replies":[{"embeddable":true,"href":"https:\/\/radiorevelacionfm.cl\/index.php?rest_route=%2Fwp%2Fv2%2Fcomments&post=34513"}],"version-history":[{"count":2,"href":"https:\/\/radiorevelacionfm.cl\/index.php?rest_route=\/wp\/v2\/posts\/34513\/revisions"}],"predecessor-version":[{"id":34516,"href":"https:\/\/radiorevelacionfm.cl\/index.php?rest_route=\/wp\/v2\/posts\/34513\/revisions\/34516"}],"wp:featuredmedia":[{"embeddable":true,"href":"https:\/\/radiorevelacionfm.cl\/index.php?rest_route=\/wp\/v2\/media\/34515"}],"wp:attachment":[{"href":"https:\/\/radiorevelacionfm.cl\/index.php?rest_route=%2Fwp%2Fv2%2Fmedia&parent=34513"}],"wp:term":[{"taxonomy":"category","embeddable":true,"href":"https:\/\/radiorevelacionfm.cl\/index.php?rest_route=%2Fwp%2Fv2%2Fcategories&post=34513"},{"taxonomy":"post_tag","embeddable":true,"href":"https:\/\/radiorevelacionfm.cl\/index.php?rest_route=%2Fwp%2Fv2%2Ftags&post=34513"}],"curies":[{"name":"wp","href":"https:\/\/api.w.org\/{rel}","templated":true}]}}