{"id":34510,"date":"2023-09-01T11:25:13","date_gmt":"2023-09-01T14:25:13","guid":{"rendered":"https:\/\/radiorevelacionfm.cl\/?p=34510"},"modified":"2023-09-01T11:25:13","modified_gmt":"2023-09-01T14:25:13","slug":"el-invierno-no-termina-temperaturas-entre-5-y-10-grados-podrian-registrarse-en-los-proximos-dias-en-aysen","status":"publish","type":"post","link":"https:\/\/radiorevelacionfm.cl\/?p=34510","title":{"rendered":"El invierno no termina, temperaturas entre -5 y -10 grados podr\u00edan registrarse en los pr\u00f3ximos d\u00edas en Ays\u00e9n"},"content":{"rendered":"<div class=\"flex_column av_one_full  flex_column_div av-zero-column-padding first  avia-builder-el-0  el_before_av_one_full  avia-builder-el-first  \" style='border-radius:0px; '><div  class='avia-image-container  av-styling-    avia-builder-el-1  avia-builder-el-no-sibling  avia-align-center '  itemprop=\"image\" itemscope=\"itemscope\" itemtype=\"https:\/\/schema.org\/ImageObject\"  ><div class='avia-image-container-inner'><div class='avia-image-overlay-wrap'><img decoding=\"async\" class='wp-image-34511 avia-img-lazy-loading-not-34511 avia_image' src=\"https:\/\/radiorevelacionfm.cl\/wp-content\/uploads\/2023\/08\/image-2023-08-31T221732.091-1.jpg\" alt='' title='image - 2023-08-31T221732.091 (1)' height=\"600\" width=\"824\"  itemprop=\"thumbnailUrl\" srcset=\"https:\/\/radiorevelacionfm.cl\/wp-content\/uploads\/2023\/08\/image-2023-08-31T221732.091-1.jpg 824w, https:\/\/radiorevelacionfm.cl\/wp-content\/uploads\/2023\/08\/image-2023-08-31T221732.091-1-300x218.jpg 300w, https:\/\/radiorevelacionfm.cl\/wp-content\/uploads\/2023\/08\/image-2023-08-31T221732.091-1-768x559.jpg 768w, https:\/\/radiorevelacionfm.cl\/wp-content\/uploads\/2023\/08\/image-2023-08-31T221732.091-1-705x513.jpg 705w, https:\/\/radiorevelacionfm.cl\/wp-content\/uploads\/2023\/08\/image-2023-08-31T221732.091-1-450x328.jpg 450w, https:\/\/radiorevelacionfm.cl\/wp-content\/uploads\/2023\/08\/image-2023-08-31T221732.091-1-600x437.jpg 600w\" sizes=\"(max-width: 824px) 100vw, 824px\" \/><\/div><\/div><\/div><\/div>\n<div class=\"flex_column av_one_full  flex_column_div av-zero-column-padding first  avia-builder-el-2  el_after_av_one_full  el_before_av_one_full  column-top-margin\" style='border-radius:0px; '><section class=\"av_textblock_section \"  itemscope=\"itemscope\" itemtype=\"https:\/\/schema.org\/BlogPosting\" itemprop=\"blogPost\" ><div class='avia_textblock  '   itemprop=\"text\" ><p style=\"text-align: center;\"><strong><span style=\"font-size: 18pt;\">El invierno no termina, temperaturas entre -5 y -10 grados podr\u00edan registrarse en los pr\u00f3ximos d\u00edas en Ays\u00e9n<\/span><\/strong><\/p>\n<div id=\"gtx-trans\" style=\"position: absolute; left: -50px; top: 4.31534px;\">\n<div class=\"gtx-trans-icon\"><\/div>\n<\/div>\n<\/div><\/section><\/div><div class=\"flex_column av_one_full  flex_column_div av-zero-column-padding first  avia-builder-el-4  el_after_av_one_full  el_before_av_hr  column-top-margin\" style='border-radius:0px; '><section class=\"av_textblock_section \"  itemscope=\"itemscope\" itemtype=\"https:\/\/schema.org\/BlogPosting\" itemprop=\"blogPost\" ><div class='avia_textblock  '   itemprop=\"text\" ><p style=\"text-align: justify;\">Para el periodo del viernes 1 de septiembre al lunes 4 de septiembre en la Regi\u00f3n de Ays\u00e9n, se pronostican bajas temperaturas con predominio de cielos nubosos o completamente cubiertos. Se anticipan precipitaciones d\u00e9biles, con mayor probabilidad de eventos de nieve o agua nieve para el s\u00e1bado. A partir de este d\u00eda, el viento ser\u00e1 d\u00e9bil.<\/p>\n<p style=\"text-align: justify;\">Durante el fin de semana, se esperan temperaturas fr\u00edas, alcanzando el punto m\u00e1s bajo entre el domingo y el lunes. En la mayor\u00eda de las localidades, las temperaturas m\u00ednimas podr\u00edan rondar los -5 \u00b0C. En particular, en la localidad de Cochrane, se espera que las m\u00ednimas puedan llegar hasta los -10\u00b0C. Las m\u00e1ximas diarias variar\u00e1n entre 0 y 9\u00b0C.<\/p>\n<p style=\"text-align: justify;\">Se prev\u00e9 que las precipitaciones m\u00e1s significativas ocurran durante la madrugada y la ma\u00f1ana del viernes, siendo en su mayor\u00eda d\u00e9biles. La probabilidad de nieve o agua nieve se incrementa para la madrugada y ma\u00f1ana del s\u00e1bado. La cota de nieve promedio podr\u00eda estar entre los 800 metros sobre el nivel del mar, el viernes, 500 metros el d\u00eda s\u00e1bado y los 300 metros el d\u00eda lunes.<\/p>\n<p style=\"text-align: justify;\">En general, el viento tendr\u00e1 una intensidad d\u00e9bil. Sin embargo, durante el medio d\u00eda y la tarde del viernes, las r\u00e1fagas podr\u00edan alcanzar velocidades entre los 70 y 80 Km\/h en distintas localidades de la regi\u00f3n.<\/p>\n<p style=\"text-align: justify;\">Los patrones sin\u00f3pticos indican el final de una anomal\u00eda de baja presi\u00f3n, lo que provocar\u00e1 inestabilidad atmosf\u00e9rica hasta el s\u00e1bado. El comienzo de una alta migratoria generar\u00e1 la advecci\u00f3n de aire fr\u00edo, estabilidad atmosf\u00e9rica y una disminuci\u00f3n de las temperaturas superficiales.<\/p>\n<\/div><\/section><\/div><\/p>\n<div  style='height:50px' class='hr hr-invisible   avia-builder-el-6  el_after_av_one_full  el_before_av_social_share '><span class='hr-inner ' ><span class='hr-inner-style'><\/span><\/span><\/div>\n<div  class='av-social-sharing-box  avia-builder-el-7  el_after_av_hr  el_before_av_hr  '><div class='av-share-box'><h5 class='av-share-link-description av-no-toc '>Compartir esta noticia<\/h5><ul class='av-share-box-list noLightbox'><li class='av-share-link av-social-link-facebook' ><a target=\"_blank\" aria-label=\"Compartir en Facebook\" href='https:\/\/www.facebook.com\/sharer.php?u=https:\/\/radiorevelacionfm.cl\/?p=34510&#038;t=El%20invierno%20no%20termina%2C%20temperaturas%20entre%20-5%20y%20-10%20grados%20podr%C3%ADan%20registrarse%20en%20los%20pr%C3%B3ximos%20d%C3%ADas%20en%20Ays%C3%A9n' aria-hidden='false' data-av_icon='\ue8f3' data-av_iconfont='entypo-fontello' title='' data-avia-related-tooltip='Compartir en Facebook' rel=\"noopener\"><span class='avia_hidden_link_text'>Compartir en Facebook<\/span><\/a><\/li><li class='av-share-link av-social-link-twitter' ><a target=\"_blank\" aria-label=\"Compartir en Twitter\" href='https:\/\/twitter.com\/share?text=El%20invierno%20no%20termina%2C%20temperaturas%20entre%20-5%20y%20-10%20grados%20podr%C3%ADan%20registrarse%20en%20los%20pr%C3%B3ximos%20d%C3%ADas%20en%20Ays%C3%A9n&#038;url=https:\/\/radiorevelacionfm.cl\/?p=34510' aria-hidden='false' data-av_icon='\ue8f1' data-av_iconfont='entypo-fontello' title='' data-avia-related-tooltip='Compartir en Twitter' rel=\"noopener\"><span class='avia_hidden_link_text'>Compartir en Twitter<\/span><\/a><\/li><li class='av-share-link av-social-link-whatsapp' ><a target=\"_blank\" aria-label=\"Compartir en Whatsapp\" href='https:\/\/api.whatsapp.com\/send?text=https:\/\/radiorevelacionfm.cl\/?p=34510' aria-hidden='false' data-av_icon='\uf232' data-av_iconfont='entypo-fontello' title='' data-avia-related-tooltip='Compartir en Whatsapp' rel=\"noopener\"><span class='avia_hidden_link_text'>Compartir en Whatsapp<\/span><\/a><\/li><li class='av-share-link av-social-link-linkedin' ><a target=\"_blank\" aria-label=\"Compartir en LinkedIn\" href='https:\/\/linkedin.com\/shareArticle?mini=true&#038;title=El%20invierno%20no%20termina%2C%20temperaturas%20entre%20-5%20y%20-10%20grados%20podr%C3%ADan%20registrarse%20en%20los%20pr%C3%B3ximos%20d%C3%ADas%20en%20Ays%C3%A9n&#038;url=https:\/\/radiorevelacionfm.cl\/?p=34510' aria-hidden='false' data-av_icon='\ue8fc' data-av_iconfont='entypo-fontello' title='' data-avia-related-tooltip='Compartir en LinkedIn' rel=\"noopener\"><span class='avia_hidden_link_text'>Compartir en LinkedIn<\/span><\/a><\/li><li class='av-share-link av-social-link-mail' ><a  aria-label=\"Compartir por correo\" href='mailto:?subject=El%20invierno%20no%20termina%2C%20temperaturas%20entre%20-5%20y%20-10%20grados%20podr%C3%ADan%20registrarse%20en%20los%20pr%C3%B3ximos%20d%C3%ADas%20en%20Ays%C3%A9n&#038;body=https:\/\/radiorevelacionfm.cl\/?p=34510' aria-hidden='false' data-av_icon='\ue805' data-av_iconfont='entypo-fontello' title='' data-avia-related-tooltip='Compartir por correo'><span class='avia_hidden_link_text'>Compartir por correo<\/span><\/a><\/li><\/ul><\/div><\/div>\n<div  style='height:50px' class='hr hr-invisible   avia-builder-el-8  el_after_av_social_share  el_before_av_comments_list '><span class='hr-inner ' ><span class='hr-inner-style'><\/span><\/span><\/div>\n<div  class='av-buildercomment  av-blog-meta-html-info-disabled av-blog-meta-tag-disabled  '><\/div>\n","protected":false},"excerpt":{"rendered":"","protected":false},"author":1,"featured_media":34511,"comment_status":"open","ping_status":"open","sticky":false,"template":"","format":"standard","meta":{"footnotes":""},"categories":[38],"tags":[],"class_list":["post-34510","post","type-post","status-publish","format-standard","has-post-thumbnail","hentry","category-regional"],"jetpack_featured_media_url":"https:\/\/radiorevelacionfm.cl\/wp-content\/uploads\/2023\/08\/image-2023-08-31T221732.091-1.jpg","_links":{"self":[{"href":"https:\/\/radiorevelacionfm.cl\/index.php?rest_route=\/wp\/v2\/posts\/34510","targetHints":{"allow":["GET"]}}],"collection":[{"href":"https:\/\/radiorevelacionfm.cl\/index.php?rest_route=\/wp\/v2\/posts"}],"about":[{"href":"https:\/\/radiorevelacionfm.cl\/index.php?rest_route=\/wp\/v2\/types\/post"}],"author":[{"embeddable":true,"href":"https:\/\/radiorevelacionfm.cl\/index.php?rest_route=\/wp\/v2\/users\/1"}],"replies":[{"embeddable":true,"href":"https:\/\/radiorevelacionfm.cl\/index.php?rest_route=%2Fwp%2Fv2%2Fcomments&post=34510"}],"version-history":[{"count":2,"href":"https:\/\/radiorevelacionfm.cl\/index.php?rest_route=\/wp\/v2\/posts\/34510\/revisions"}],"predecessor-version":[{"id":34517,"href":"https:\/\/radiorevelacionfm.cl\/index.php?rest_route=\/wp\/v2\/posts\/34510\/revisions\/34517"}],"wp:featuredmedia":[{"embeddable":true,"href":"https:\/\/radiorevelacionfm.cl\/index.php?rest_route=\/wp\/v2\/media\/34511"}],"wp:attachment":[{"href":"https:\/\/radiorevelacionfm.cl\/index.php?rest_route=%2Fwp%2Fv2%2Fmedia&parent=34510"}],"wp:term":[{"taxonomy":"category","embeddable":true,"href":"https:\/\/radiorevelacionfm.cl\/index.php?rest_route=%2Fwp%2Fv2%2Fcategories&post=34510"},{"taxonomy":"post_tag","embeddable":true,"href":"https:\/\/radiorevelacionfm.cl\/index.php?rest_route=%2Fwp%2Fv2%2Ftags&post=34510"}],"curies":[{"name":"wp","href":"https:\/\/api.w.org\/{rel}","templated":true}]}}