{"id":34503,"date":"2023-09-01T10:54:30","date_gmt":"2023-09-01T13:54:30","guid":{"rendered":"https:\/\/radiorevelacionfm.cl\/?p=34503"},"modified":"2023-09-01T10:54:30","modified_gmt":"2023-09-01T13:54:30","slug":"con-destacada-participacion-de-agrupaciones-se-desarrollo-gala-folklorica-en-centro-cultural-de-coyhaique","status":"publish","type":"post","link":"https:\/\/radiorevelacionfm.cl\/?p=34503","title":{"rendered":"Con destacada participaci\u00f3n de agrupaciones se desarroll\u00f3 \u201cGala Folkl\u00f3rica\u201d en Centro Cultural de Coyhaique"},"content":{"rendered":"<div class=\"flex_column av_one_full  flex_column_div av-zero-column-padding first  avia-builder-el-0  el_before_av_one_full  avia-builder-el-first  \" style='border-radius:0px; '><div  class='avia-image-container  av-styling-    avia-builder-el-1  avia-builder-el-no-sibling  avia-align-center '  itemprop=\"image\" itemscope=\"itemscope\" itemtype=\"https:\/\/schema.org\/ImageObject\"  ><div class='avia-image-container-inner'><div class='avia-image-overlay-wrap'><img decoding=\"async\" class='wp-image-34504 avia-img-lazy-loading-not-34504 avia_image' src=\"https:\/\/radiorevelacionfm.cl\/wp-content\/uploads\/2023\/08\/Yenu-Aike-1-1.jpg\" alt='' title='Yenu Aike (1) (1)' height=\"600\" width=\"800\"  itemprop=\"thumbnailUrl\" srcset=\"https:\/\/radiorevelacionfm.cl\/wp-content\/uploads\/2023\/08\/Yenu-Aike-1-1.jpg 800w, https:\/\/radiorevelacionfm.cl\/wp-content\/uploads\/2023\/08\/Yenu-Aike-1-1-300x225.jpg 300w, https:\/\/radiorevelacionfm.cl\/wp-content\/uploads\/2023\/08\/Yenu-Aike-1-1-768x576.jpg 768w, https:\/\/radiorevelacionfm.cl\/wp-content\/uploads\/2023\/08\/Yenu-Aike-1-1-705x529.jpg 705w, https:\/\/radiorevelacionfm.cl\/wp-content\/uploads\/2023\/08\/Yenu-Aike-1-1-450x338.jpg 450w, https:\/\/radiorevelacionfm.cl\/wp-content\/uploads\/2023\/08\/Yenu-Aike-1-1-600x450.jpg 600w\" sizes=\"(max-width: 800px) 100vw, 800px\" \/><\/div><\/div><\/div><\/div><div class=\"flex_column av_one_full  flex_column_div av-zero-column-padding first  avia-builder-el-2  el_after_av_one_full  el_before_av_one_full  column-top-margin\" style='border-radius:0px; '><section class=\"av_textblock_section \"  itemscope=\"itemscope\" itemtype=\"https:\/\/schema.org\/BlogPosting\" itemprop=\"blogPost\" ><div class='avia_textblock  '   itemprop=\"text\" ><p style=\"text-align: center;\"><strong><span style=\"font-size: 18pt;\">Con destacada participaci\u00f3n de agrupaciones se desarroll\u00f3 \u201cGala Folkl\u00f3rica\u201d en Centro Cultural de Coyhaique<\/span><\/strong><\/p>\n<div id=\"gtx-trans\" style=\"position: absolute; left: -50px; top: 4.31534px;\">\n<div class=\"gtx-trans-icon\"><\/div>\n<\/div>\n<\/div><\/section><\/div><div class=\"flex_column av_one_full  flex_column_div av-zero-column-padding first  avia-builder-el-4  el_after_av_one_full  el_before_av_hr  column-top-margin\" style='border-radius:0px; '><section class=\"av_textblock_section \"  itemscope=\"itemscope\" itemtype=\"https:\/\/schema.org\/BlogPosting\" itemprop=\"blogPost\" ><div class='avia_textblock  '   itemprop=\"text\" ><p style=\"text-align: justify;\">El s\u00e1bado 26 de agosto, se llev\u00f3 a cabo la \u201cGala Folkl\u00f3rica\u201d de la Mesa del Folklore de Coyhaique en el Centro Cultural y que cont\u00f3 con la destacada presentaci\u00f3n de las Agrupaciones y Grupos folkl\u00f3ricos; \u201cTehuelche Pioneros\u201d, Grupo Infantil, \u201cFuturos Cuequeros\u201d, \u201cPatria Nueva\u201d Grupo infantil \u201cRenacer\u201d, \u201cYenu Aike\u201d y como invitados especiales, la agrupaci\u00f3n folkl\u00f3rica \u201cPatagonia M\u00eda\u201d de Puerto Ays\u00e9n.<\/p>\n<p style=\"text-align: justify;\">En la oportunidad, se le hizo entrega de un reconocimiento a \u201cPatagonia M\u00eda\u201d, agrupaci\u00f3n que est\u00e1 integrada por ni\u00f1os y tambi\u00e9n adultos, quienes viajaron junto a sus padres desde Puerto Ays\u00e9n, con todo un despliegue de vestuario y apoyo log\u00edstico, demostrando con eso que, cada agrupaci\u00f3n trabaja de manera aut\u00f3noma y generando sus propios recursos para la confecci\u00f3n de vestuarios y que solo son apoyado por sus padres y su propio esfuerzo. Esta Agrupaci\u00f3n est\u00e1 dirigida por los hermanos Javiera y Paulo Espa\u00f1a y en el caso de los adultos por Don Mario Andrade.<\/p>\n<p style=\"text-align: justify;\">Dicha actividad se enmarc\u00f3 en la conmemoraci\u00f3n del d\u00eda internacional del Folklore que se celebra cada 22 de agosto en todo el mundo y cuyo origen se remonta a un 22 agosto de 1846, cuando el escritor Brit\u00e1nico William John Thoms, public\u00f3 por primera vez el t\u00e9rmino \u00abfolklore\u00bb, quedando acu\u00f1ado a partir de esa fecha en todo el mundo y que en su definici\u00f3n involucra al conjunto de costumbres, creencias, mitos, artesan\u00edas, m\u00fasica, danza, canciones, y otras cosas semejantes de car\u00e1cter tradicional y popular de un pueblo o naci\u00f3n determinada. Sin embargo, en el a\u00f1o 1960 la UNESCO oficializ\u00f3 esta fecha como el \u201cD\u00eda Internacional del Folklore\u201d, en reconocimiento a la riqueza y diversidad de las expresiones culturales de todos los pueblos del Orbe. Desde entonces, el objetivo de este d\u00eda ha sido fomentar y preservar el patrimonio cultural y folkl\u00f3rico de cada comunidad o territorios, para resaltar su valor en la sociedad. Es decir, esta efem\u00e9ride rinde homenaje a las principales manifestaciones art\u00edsticas y a la cultura de nuestros pueblos.<\/p>\n<p style=\"text-align: justify;\">La celebraci\u00f3n del D\u00eda del Folklore se lleva a cabo con diversas actividades y eventos culturales en todo el mundo y en muchos lugares se organizan festivales de m\u00fasica, danza tradicional, desfiles, ferias artesanales y exposiciones para exhibir la riqueza cultural de una comunidad y los valores que le consagran. En la Regi\u00f3n de Ays\u00e9n, la Mesa del Folklore ha impulsado y mantenido esta tradicional gala, que es esperada cada a\u00f1o por la ciudadan\u00eda de Coyhaique. Durante el evento estuvo presente el SEREMI de Cultura, las Artes y el Patrimonio Don Felipe Quiroz V\u00e1squez, el alcalde de la Ilustre Municipalidad de Coyhaique, algunos concejales y amigos del folklore.<\/p>\n<p style=\"text-align: justify;\">Orestes Hern\u00e1ndez, director de una de las agrupaciones que integra esta mesa manifest\u00f3; \u201cEsta Tradicional Gala, es una de las actividades que forma parte del programa anual que realiza la mesa del folklore y que no tiene otro fin, m\u00e1s que reivindicar nuestras tradiciones y rescatar el acervo cultural de nuestra naci\u00f3n.\u00a0 Al mismo tiempo, como mesa buscamos incentivar y promover el inter\u00e9s y amor por nuestra cultura folkl\u00f3rica, especialmente en ni\u00f1os, j\u00f3venes y tambi\u00e9n en adultos. De esa forma, tambi\u00e9n invitamos a la comunidad y a quienes quieran incorporarse en nuestras agrupaciones, ya que mantenemos las puertas abiertas a todos y todas quienes quieran participar y sumarse a cultivar y preservar nuestras tradicionales danzas\u201d.<\/p>\n<p style=\"text-align: justify;\">\u00bfC\u00f3mo realizan su trabajo las Agrupaciones, c\u00f3mo se financian?<\/p>\n<p style=\"text-align: justify;\">\u201cLa mayor\u00eda de las agrupaciones funcionan de manera aut\u00f3noma y aunque todas est\u00e1n constituidas con personalidad jur\u00eddica, ninguna tiene fines de lucro y es quiz\u00e1s uno de los m\u00e1s grandes desaf\u00edos ya que para gestionar la confecci\u00f3n de vestuario o compra de instrumentos, que no es barato, lo hacen a trav\u00e9s de pe\u00f1as, rifas y otras actividades que les permita generar recursos. La otra dificultad que enfrentan es la falta de espacios para poder ensayar y practicar sus rutinas lo que en nuestra ciudad es un gran problema y muchas veces les obliga a pagar por un espacio para eso, generalmente en algunas sedes vecinales. De hecho, por la gran presencia de p\u00fablico que lleg\u00f3 hasta el Centro Cultural de Coyhaique queda demostrado que el espacio para presentar este tipo de eventos, ya qued\u00f3 chico y casi no hay escenarios adecuados para este tipo de presentaciones\u201d.<\/p>\n<\/div><\/section><\/div><div  style='height:50px' class='hr hr-invisible   avia-builder-el-6  el_after_av_one_full  el_before_av_social_share '><span class='hr-inner ' ><span class='hr-inner-style'><\/span><\/span><\/div><\/p>\n<div  class='av-social-sharing-box  avia-builder-el-7  el_after_av_hr  el_before_av_hr  '><div class='av-share-box'><h5 class='av-share-link-description av-no-toc '>Compartir esta noticia<\/h5><ul class='av-share-box-list noLightbox'><li class='av-share-link av-social-link-facebook' ><a target=\"_blank\" aria-label=\"Compartir en Facebook\" href='https:\/\/www.facebook.com\/sharer.php?u=https:\/\/radiorevelacionfm.cl\/?p=34503&#038;t=Con%20destacada%20participaci%C3%B3n%20de%20agrupaciones%20se%20desarroll%C3%B3%20%E2%80%9CGala%20Folkl%C3%B3rica%E2%80%9D%20en%20Centro%20Cultural%20de%20Coyhaique' aria-hidden='false' data-av_icon='\ue8f3' data-av_iconfont='entypo-fontello' title='' data-avia-related-tooltip='Compartir en Facebook' rel=\"noopener\"><span class='avia_hidden_link_text'>Compartir en Facebook<\/span><\/a><\/li><li class='av-share-link av-social-link-twitter' ><a target=\"_blank\" aria-label=\"Compartir en Twitter\" href='https:\/\/twitter.com\/share?text=Con%20destacada%20participaci%C3%B3n%20de%20agrupaciones%20se%20desarroll%C3%B3%20%E2%80%9CGala%20Folkl%C3%B3rica%E2%80%9D%20en%20Centro%20Cultural%20de%20Coyhaique&#038;url=https:\/\/radiorevelacionfm.cl\/?p=34503' aria-hidden='false' data-av_icon='\ue8f1' data-av_iconfont='entypo-fontello' title='' data-avia-related-tooltip='Compartir en Twitter' rel=\"noopener\"><span class='avia_hidden_link_text'>Compartir en Twitter<\/span><\/a><\/li><li class='av-share-link av-social-link-whatsapp' ><a target=\"_blank\" aria-label=\"Compartir en Whatsapp\" href='https:\/\/api.whatsapp.com\/send?text=https:\/\/radiorevelacionfm.cl\/?p=34503' aria-hidden='false' data-av_icon='\uf232' data-av_iconfont='entypo-fontello' title='' data-avia-related-tooltip='Compartir en Whatsapp' rel=\"noopener\"><span class='avia_hidden_link_text'>Compartir en Whatsapp<\/span><\/a><\/li><li class='av-share-link av-social-link-linkedin' ><a target=\"_blank\" aria-label=\"Compartir en LinkedIn\" href='https:\/\/linkedin.com\/shareArticle?mini=true&#038;title=Con%20destacada%20participaci%C3%B3n%20de%20agrupaciones%20se%20desarroll%C3%B3%20%E2%80%9CGala%20Folkl%C3%B3rica%E2%80%9D%20en%20Centro%20Cultural%20de%20Coyhaique&#038;url=https:\/\/radiorevelacionfm.cl\/?p=34503' aria-hidden='false' data-av_icon='\ue8fc' data-av_iconfont='entypo-fontello' title='' data-avia-related-tooltip='Compartir en LinkedIn' rel=\"noopener\"><span class='avia_hidden_link_text'>Compartir en LinkedIn<\/span><\/a><\/li><li class='av-share-link av-social-link-mail' ><a  aria-label=\"Compartir por correo\" href='mailto:?subject=Con%20destacada%20participaci%C3%B3n%20de%20agrupaciones%20se%20desarroll%C3%B3%20%E2%80%9CGala%20Folkl%C3%B3rica%E2%80%9D%20en%20Centro%20Cultural%20de%20Coyhaique&#038;body=https:\/\/radiorevelacionfm.cl\/?p=34503' aria-hidden='false' data-av_icon='\ue805' data-av_iconfont='entypo-fontello' title='' data-avia-related-tooltip='Compartir por correo'><span class='avia_hidden_link_text'>Compartir por correo<\/span><\/a><\/li><\/ul><\/div><\/div>\n<div  style='height:50px' class='hr hr-invisible   avia-builder-el-8  el_after_av_social_share  el_before_av_comments_list '><span class='hr-inner ' ><span class='hr-inner-style'><\/span><\/span><\/div>\n<div  class='av-buildercomment  av-blog-meta-html-info-disabled av-blog-meta-tag-disabled  '><\/div>\n","protected":false},"excerpt":{"rendered":"","protected":false},"author":1,"featured_media":34504,"comment_status":"open","ping_status":"open","sticky":false,"template":"","format":"standard","meta":{"footnotes":""},"categories":[52],"tags":[],"class_list":["post-34503","post","type-post","status-publish","format-standard","has-post-thumbnail","hentry","category-cultura"],"jetpack_featured_media_url":"https:\/\/radiorevelacionfm.cl\/wp-content\/uploads\/2023\/08\/Yenu-Aike-1-1.jpg","_links":{"self":[{"href":"https:\/\/radiorevelacionfm.cl\/index.php?rest_route=\/wp\/v2\/posts\/34503","targetHints":{"allow":["GET"]}}],"collection":[{"href":"https:\/\/radiorevelacionfm.cl\/index.php?rest_route=\/wp\/v2\/posts"}],"about":[{"href":"https:\/\/radiorevelacionfm.cl\/index.php?rest_route=\/wp\/v2\/types\/post"}],"author":[{"embeddable":true,"href":"https:\/\/radiorevelacionfm.cl\/index.php?rest_route=\/wp\/v2\/users\/1"}],"replies":[{"embeddable":true,"href":"https:\/\/radiorevelacionfm.cl\/index.php?rest_route=%2Fwp%2Fv2%2Fcomments&post=34503"}],"version-history":[{"count":1,"href":"https:\/\/radiorevelacionfm.cl\/index.php?rest_route=\/wp\/v2\/posts\/34503\/revisions"}],"predecessor-version":[{"id":34505,"href":"https:\/\/radiorevelacionfm.cl\/index.php?rest_route=\/wp\/v2\/posts\/34503\/revisions\/34505"}],"wp:featuredmedia":[{"embeddable":true,"href":"https:\/\/radiorevelacionfm.cl\/index.php?rest_route=\/wp\/v2\/media\/34504"}],"wp:attachment":[{"href":"https:\/\/radiorevelacionfm.cl\/index.php?rest_route=%2Fwp%2Fv2%2Fmedia&parent=34503"}],"wp:term":[{"taxonomy":"category","embeddable":true,"href":"https:\/\/radiorevelacionfm.cl\/index.php?rest_route=%2Fwp%2Fv2%2Fcategories&post=34503"},{"taxonomy":"post_tag","embeddable":true,"href":"https:\/\/radiorevelacionfm.cl\/index.php?rest_route=%2Fwp%2Fv2%2Ftags&post=34503"}],"curies":[{"name":"wp","href":"https:\/\/api.w.org\/{rel}","templated":true}]}}