{"id":3450,"date":"2021-04-23T18:02:03","date_gmt":"2021-04-23T21:02:03","guid":{"rendered":"https:\/\/radiorevelacionfm.cl\/?p=3450"},"modified":"2021-04-23T18:02:03","modified_gmt":"2021-04-23T21:02:03","slug":"en-el-mes-del-libro-ninos-de-pre-basica-en-chile-chico-disfrutan-de-cuenta-cuentos","status":"publish","type":"post","link":"https:\/\/radiorevelacionfm.cl\/?p=3450","title":{"rendered":"En el mes del libro ni\u00f1os de pre b\u00e1sica en Chile Chico disfrutan de cuenta cuentos"},"content":{"rendered":"<div class=\"flex_column av_one_full  flex_column_div av-zero-column-padding first  avia-builder-el-0  el_before_av_one_full  avia-builder-el-first  \" style='border-radius:0px; '><div  class='avia-image-container  av-styling-    avia-builder-el-1  avia-builder-el-no-sibling  avia-align-center '  itemprop=\"image\" itemscope=\"itemscope\" itemtype=\"https:\/\/schema.org\/ImageObject\"  ><div class='avia-image-container-inner'><div class='avia-image-overlay-wrap'><img decoding=\"async\" class='wp-image-0 avia-img-lazy-loading-not-0 avia_image' src=\"https:\/\/radiorevelacionfm.cl\/wp-content\/uploads\/2021\/04\/cuenta-cuentos-3.jpeg\" alt='' title=''   itemprop=\"thumbnailUrl\"  \/><\/div><\/div><\/div><\/div><div class=\"flex_column av_one_full  flex_column_div av-zero-column-padding first  avia-builder-el-2  el_after_av_one_full  el_before_av_one_full  column-top-margin\" style='border-radius:0px; '><section class=\"av_textblock_section \"  itemscope=\"itemscope\" itemtype=\"https:\/\/schema.org\/BlogPosting\" itemprop=\"blogPost\" ><div class='avia_textblock  '   itemprop=\"text\" ><p style=\"text-align: center;\"><strong><span style=\"font-size: 18pt;\">En el mes del libro ni\u00f1os de pre b\u00e1sica en Chile Chico disfrutan de cuenta cuentos<\/span><\/strong><\/p>\n<div id=\"gtx-trans\" style=\"position: absolute; left: -50px; top: 4.31534px;\">\n<div class=\"gtx-trans-icon\"><\/div>\n<\/div>\n<\/div><\/section><\/div><div class=\"flex_column av_one_full  flex_column_div av-zero-column-padding first  avia-builder-el-4  el_after_av_one_full  el_before_av_hr  column-top-margin\" style='border-radius:0px; '><section class=\"av_textblock_section \"  itemscope=\"itemscope\" itemtype=\"https:\/\/schema.org\/BlogPosting\" itemprop=\"blogPost\" ><div class='avia_textblock  '   itemprop=\"text\" ><p style=\"text-align: justify;\">La actividad fue organizada por el Centro de Recursos para el Aprendizaje y la Biblioteca de la escuela B\u00e1sica de Chile Chico, con la destacada participaci\u00f3n del equipo de la OPD.<\/p>\n<p style=\"text-align: justify;\">En el mes de libro el Centro de Recursos para el Aprendizaje (CRA) y la Biblioteca de la escuela b\u00e1sica de Chile Chico, han organizado una serie de iniciativas que permiten la participaci\u00f3n de los estudiantes de los distintos niveles.<\/p>\n<p style=\"text-align: justify;\">Lo m\u00e1s reciente fue un cuenta cuentos de una historia centrada en la pandemia y muy educativa, que fue desarrollada por el equipo de la Oficina de Protecci\u00f3n de los Derechos de la Infancia y la Adolescencia OPD, la que estuvo dirigida a ni\u00f1os y ni\u00f1as de educaci\u00f3n pre b\u00e1sica.<\/p>\n<p style=\"text-align: justify;\">La coordinadora del CRA en el establecimiento, Ver\u00f3nica Mardones, se mostr\u00f3 feliz con el resultado de la actividad.<\/p>\n<p style=\"text-align: justify;\">\u201cLa idea es poner esta tem\u00e1tica con los ni\u00f1os, especialmente comenzando por los m\u00e1s peque\u00f1itos, con la expresi\u00f3n de las emociones, algo que en esta pandemia es primordial. Todo esto se enmarca en el mes del libro, tambi\u00e9n estamos trabajando con la OPD, como ellos nos ayudan a caracterizar personajes, hacer estos cuenta cuentos. Vamos a seguir realizando esta actividad con pre k\u00ednder, la semana pasada estuvimos con el equipo de la escuela trabajando con los k\u00ednder y queremos proyectarlo al primer ciclo b\u00e1sico, por lo menos al primero y segundo a\u00f1o\u201d.<\/p>\n<p style=\"text-align: justify;\">En tanto, la encargada de la OPD en Chile Chico, Paulina Hern\u00e1ndez, valor\u00f3 el trabajo coordinado con otros organismos de la comuna, en este caso la escuela B\u00e1sica Municipal.<\/p>\n<p style=\"text-align: justify;\">\u201cAgradecer los espacios que otorga la escuela B\u00e1sica de Chile Chico al crear estas instancias donde los ni\u00f1os pueden conocer libros y adem\u00e1s incentivarlos a esta lectura de una manera entretenida, como son los cuenta cuentos. Agradecer igualmente la posibilidad de estar aqu\u00ed, donde tambi\u00e9n nos permite entretenernos, uno lo pasa bien haciendo esto y eso es lo que buscamos transmitir a cada uno de los ni\u00f1os y ni\u00f1as que ven estos cuenta cuentos\u201d.<\/p>\n<p style=\"text-align: justify;\">El CRA y la Biblioteca de la escuela B\u00e1sica de Chile Chico desarrollan tambi\u00e9n por estos d\u00edas, un concurso de lectura, donde los estudiantes pueden grabar videos o pedirles a sus padres que les saquen fotos, representando a alguno de los personas de lo que est\u00e1n leyendo.<\/p>\n<\/div><\/section><\/div><div  style='height:50px' class='hr hr-invisible   avia-builder-el-6  el_after_av_one_full  el_before_av_social_share '><span class='hr-inner ' ><span class='hr-inner-style'><\/span><\/span><\/div><\/p>\n<div  class='av-social-sharing-box  avia-builder-el-7  el_after_av_hr  el_before_av_hr  '><div class='av-share-box'><h5 class='av-share-link-description av-no-toc '>Compartir esta noticia<\/h5><ul class='av-share-box-list noLightbox'><li class='av-share-link av-social-link-facebook' ><a target=\"_blank\" aria-label=\"Compartir en Facebook\" href='https:\/\/www.facebook.com\/sharer.php?u=https:\/\/radiorevelacionfm.cl\/?p=3450&#038;t=En%20el%20mes%20del%20libro%20ni%C3%B1os%20de%20pre%20b%C3%A1sica%20en%20Chile%20Chico%20disfrutan%20de%20cuenta%20cuentos' aria-hidden='false' data-av_icon='\ue8f3' data-av_iconfont='entypo-fontello' title='' data-avia-related-tooltip='Compartir en Facebook' rel=\"noopener\"><span class='avia_hidden_link_text'>Compartir en Facebook<\/span><\/a><\/li><li class='av-share-link av-social-link-twitter' ><a target=\"_blank\" aria-label=\"Compartir en Twitter\" href='https:\/\/twitter.com\/share?text=En%20el%20mes%20del%20libro%20ni%C3%B1os%20de%20pre%20b%C3%A1sica%20en%20Chile%20Chico%20disfrutan%20de%20cuenta%20cuentos&#038;url=https:\/\/radiorevelacionfm.cl\/?p=3450' aria-hidden='false' data-av_icon='\ue8f1' data-av_iconfont='entypo-fontello' title='' data-avia-related-tooltip='Compartir en Twitter' rel=\"noopener\"><span class='avia_hidden_link_text'>Compartir en Twitter<\/span><\/a><\/li><li class='av-share-link av-social-link-whatsapp' ><a target=\"_blank\" aria-label=\"Compartir en Whatsapp\" href='https:\/\/api.whatsapp.com\/send?text=https:\/\/radiorevelacionfm.cl\/?p=3450' aria-hidden='false' data-av_icon='\uf232' data-av_iconfont='entypo-fontello' title='' data-avia-related-tooltip='Compartir en Whatsapp' rel=\"noopener\"><span class='avia_hidden_link_text'>Compartir en Whatsapp<\/span><\/a><\/li><li class='av-share-link av-social-link-linkedin' ><a target=\"_blank\" aria-label=\"Compartir en LinkedIn\" href='https:\/\/linkedin.com\/shareArticle?mini=true&#038;title=En%20el%20mes%20del%20libro%20ni%C3%B1os%20de%20pre%20b%C3%A1sica%20en%20Chile%20Chico%20disfrutan%20de%20cuenta%20cuentos&#038;url=https:\/\/radiorevelacionfm.cl\/?p=3450' aria-hidden='false' data-av_icon='\ue8fc' data-av_iconfont='entypo-fontello' title='' data-avia-related-tooltip='Compartir en LinkedIn' rel=\"noopener\"><span class='avia_hidden_link_text'>Compartir en LinkedIn<\/span><\/a><\/li><li class='av-share-link av-social-link-mail' ><a  aria-label=\"Compartir por correo\" href='mailto:?subject=En%20el%20mes%20del%20libro%20ni%C3%B1os%20de%20pre%20b%C3%A1sica%20en%20Chile%20Chico%20disfrutan%20de%20cuenta%20cuentos&#038;body=https:\/\/radiorevelacionfm.cl\/?p=3450' aria-hidden='false' data-av_icon='\ue805' data-av_iconfont='entypo-fontello' title='' data-avia-related-tooltip='Compartir por correo'><span class='avia_hidden_link_text'>Compartir por correo<\/span><\/a><\/li><\/ul><\/div><\/div>\n<div  style='height:50px' class='hr hr-invisible   avia-builder-el-8  el_after_av_social_share  el_before_av_comments_list '><span class='hr-inner ' ><span class='hr-inner-style'><\/span><\/span><\/div>\n<div  class='av-buildercomment  av-blog-meta-html-info-disabled av-blog-meta-tag-disabled  '><\/div>\n","protected":false},"excerpt":{"rendered":"","protected":false},"author":1,"featured_media":0,"comment_status":"open","ping_status":"open","sticky":false,"template":"","format":"standard","meta":{"footnotes":""},"categories":[49],"tags":[],"class_list":["post-3450","post","type-post","status-publish","format-standard","hentry","category-educacion"],"jetpack_featured_media_url":"","_links":{"self":[{"href":"https:\/\/radiorevelacionfm.cl\/index.php?rest_route=\/wp\/v2\/posts\/3450","targetHints":{"allow":["GET"]}}],"collection":[{"href":"https:\/\/radiorevelacionfm.cl\/index.php?rest_route=\/wp\/v2\/posts"}],"about":[{"href":"https:\/\/radiorevelacionfm.cl\/index.php?rest_route=\/wp\/v2\/types\/post"}],"author":[{"embeddable":true,"href":"https:\/\/radiorevelacionfm.cl\/index.php?rest_route=\/wp\/v2\/users\/1"}],"replies":[{"embeddable":true,"href":"https:\/\/radiorevelacionfm.cl\/index.php?rest_route=%2Fwp%2Fv2%2Fcomments&post=3450"}],"version-history":[{"count":1,"href":"https:\/\/radiorevelacionfm.cl\/index.php?rest_route=\/wp\/v2\/posts\/3450\/revisions"}],"predecessor-version":[{"id":3452,"href":"https:\/\/radiorevelacionfm.cl\/index.php?rest_route=\/wp\/v2\/posts\/3450\/revisions\/3452"}],"wp:attachment":[{"href":"https:\/\/radiorevelacionfm.cl\/index.php?rest_route=%2Fwp%2Fv2%2Fmedia&parent=3450"}],"wp:term":[{"taxonomy":"category","embeddable":true,"href":"https:\/\/radiorevelacionfm.cl\/index.php?rest_route=%2Fwp%2Fv2%2Fcategories&post=3450"},{"taxonomy":"post_tag","embeddable":true,"href":"https:\/\/radiorevelacionfm.cl\/index.php?rest_route=%2Fwp%2Fv2%2Ftags&post=3450"}],"curies":[{"name":"wp","href":"https:\/\/api.w.org\/{rel}","templated":true}]}}