{"id":34499,"date":"2023-09-01T22:37:57","date_gmt":"2023-09-02T01:37:57","guid":{"rendered":"https:\/\/radiorevelacionfm.cl\/?p=34499"},"modified":"2023-09-01T22:37:57","modified_gmt":"2023-09-02T01:37:57","slug":"gobernadora-realiza-inedita-cuenta-publica-participativa-en-la-provincia-capitan-prat","status":"publish","type":"post","link":"https:\/\/radiorevelacionfm.cl\/?p=34499","title":{"rendered":"Gobernadora realiza in\u00e9dita Cuenta P\u00fablica Participativa en la Provincia Capit\u00e1n Prat"},"content":{"rendered":"<div class=\"flex_column av_one_full  flex_column_div av-zero-column-padding first  avia-builder-el-0  el_before_av_one_full  avia-builder-el-first  \" style='border-radius:0px; '><div  class='avia-image-container  av-styling-    avia-builder-el-1  avia-builder-el-no-sibling  avia-align-center '  itemprop=\"image\" itemscope=\"itemscope\" itemtype=\"https:\/\/schema.org\/ImageObject\"  ><div class='avia-image-container-inner'><div class='avia-image-overlay-wrap'><img decoding=\"async\" class='wp-image-34500 avia-img-lazy-loading-not-34500 avia_image' src=\"https:\/\/radiorevelacionfm.cl\/wp-content\/uploads\/2023\/08\/Cuenta-Publica-1-1-1.jpeg\" alt='' title='Cuenta P\u00fablica 1 (1) (1)' height=\"600\" width=\"987\"  itemprop=\"thumbnailUrl\" srcset=\"https:\/\/radiorevelacionfm.cl\/wp-content\/uploads\/2023\/08\/Cuenta-Publica-1-1-1.jpeg 987w, https:\/\/radiorevelacionfm.cl\/wp-content\/uploads\/2023\/08\/Cuenta-Publica-1-1-1-300x182.jpeg 300w, https:\/\/radiorevelacionfm.cl\/wp-content\/uploads\/2023\/08\/Cuenta-Publica-1-1-1-768x467.jpeg 768w, https:\/\/radiorevelacionfm.cl\/wp-content\/uploads\/2023\/08\/Cuenta-Publica-1-1-1-705x429.jpeg 705w, https:\/\/radiorevelacionfm.cl\/wp-content\/uploads\/2023\/08\/Cuenta-Publica-1-1-1-450x274.jpeg 450w, https:\/\/radiorevelacionfm.cl\/wp-content\/uploads\/2023\/08\/Cuenta-Publica-1-1-1-600x365.jpeg 600w\" sizes=\"(max-width: 987px) 100vw, 987px\" \/><\/div><\/div><\/div><\/div><div class=\"flex_column av_one_full  flex_column_div av-zero-column-padding first  avia-builder-el-2  el_after_av_one_full  el_before_av_one_full  column-top-margin\" style='border-radius:0px; '><section class=\"av_textblock_section \"  itemscope=\"itemscope\" itemtype=\"https:\/\/schema.org\/BlogPosting\" itemprop=\"blogPost\" ><div class='avia_textblock  '   itemprop=\"text\" ><p style=\"text-align: center;\"><strong><span style=\"font-size: 18pt;\">Gobernadora realiza in\u00e9dita Cuenta P\u00fablica Participativa en la Provincia Capit\u00e1n Prat<\/span><\/strong><\/p>\n<div id=\"gtx-trans\" style=\"position: absolute; left: -50px; top: 4.31534px;\">\n<div class=\"gtx-trans-icon\"><\/div>\n<\/div>\n<\/div><\/section><\/div><div class=\"flex_column av_one_full  flex_column_div av-zero-column-padding first  avia-builder-el-4  el_after_av_one_full  el_before_av_hr  column-top-margin\" style='border-radius:0px; '><section class=\"av_textblock_section \"  itemscope=\"itemscope\" itemtype=\"https:\/\/schema.org\/BlogPosting\" itemprop=\"blogPost\" ><div class='avia_textblock  '   itemprop=\"text\" ><p dir=\"ltr\" style=\"text-align: justify;\">Esta semana la Gobernadora Regional de Ays\u00e9n, Andrea Mac\u00edas Palma, recorri\u00f3 la Provincia de Capit\u00e1n Prat, en una gira dedicada a diversos anuncios y la firma de convenios para llevar a cabo proyectos de gran relevancia para el territorio, avances que junto al resto de programas e iniciativas financiadas y ejecutadas por el Gobierno Regional en la \u00abProvincia de los Glaciares\u00bb, fueron presentados por la m\u00e1xima autoridad regional en una in\u00e9dita Cuenta P\u00fablica Participativa.<\/p>\n<p dir=\"ltr\" style=\"text-align: justify;\">Esta es la primera vez en la historia del Gobierno Regional de Ays\u00e9n que se realiza una cuenta p\u00fablica de estas caracter\u00edsticas, y que en esta ocasi\u00f3n fue celebrada en la localidad de Cochrane. Adem\u00e1s, durante la ceremonia la Gobernadora anunci\u00f3 que repetir\u00e1 esta modalidad de di\u00e1logo con la comunidad en las otras tres provincias de la regi\u00f3n.<\/p>\n<p dir=\"ltr\" style=\"text-align: justify;\">\u00ab\u00bfPor qu\u00e9 quisimos hacer esta Cuenta P\u00fablica Participativa y partir desde ac\u00e1 del sur? Es porque los espacios de di\u00e1logo y de interacci\u00f3n son fundamentales para que el Gobierno Regional pueda realizar su labor (&#8230;) debemos ser conscientes de la distancia, del aislamiento, de las inclemencias clim\u00e1ticas, que hacen que las necesidades en cada territorio sean distintas, y eso s\u00f3lo lo sabemos si nos sentamos a conversar\u00bb, dijo la Gobernadora Andrea Mac\u00edas Palma durante su presentaci\u00f3n.<\/p>\n<p dir=\"ltr\" style=\"text-align: justify;\">Por su parte, el Alcalde de la comuna de Cochrane, Jorge Calder\u00f3n, estableci\u00f3 que \u00abes importante acercar lo que hacen las instituciones a la comunidad, y este espacio, no solamente de rendir cuenta p\u00fablica, sino que adem\u00e1s permite una conversaci\u00f3n, un di\u00e1logo, por supuesto que lo valoramos profundamente. Claramente, el Gobierno Regional es una instituci\u00f3n clave para el desarrollo de los territorios\u00bb.<\/p>\n<p dir=\"ltr\" style=\"text-align: justify;\">Dentro de la Cuenta P\u00fablica Participativa, la jefa del Ejecutivo regional inform\u00f3 a las y los presentes, y a toda la gente que se conect\u00f3 a la transmisi\u00f3n en vivo a trav\u00e9s de redes sociales, sobre las diferentes inversiones que el Gobierno Regional est\u00e1 financiando en la provincia, como por ejemplo las que se anunciaron esta semana: la construcci\u00f3n de pesebreras para el Club H\u00edpico de Cochrane y de ba\u00f1os p\u00fablicos para la Plaza de Armas, y la firma de un convenio para el despliegue de fibra \u00f3ptica entre Tortel y O&#8217;Higgins.<\/p>\n<p dir=\"ltr\" style=\"text-align: justify;\">\u00abLo que nos trajo la Gobernadora fueron grandes obras, grandes avances, lo que es FRIL, lo que es FNDR, vimos lo que es gesti\u00f3n de residuos tambi\u00e9n, as\u00ed que nos quedamos con un agradable gusto de lo que es la visita de la Gobernadora. Esperamos seguir trayendo inversi\u00f3n desde el Gobierno Regional a la Provincia de Capit\u00e1n Prat\u00bb, manifest\u00f3 el Consejero Regional V\u00edctor Escobar.<\/p>\n<p dir=\"ltr\" style=\"text-align: justify;\">Por \u00faltimo, Jorge Abello, tambi\u00e9n Consejero Regional de la provincia, asegur\u00f3 que esta Cuenta P\u00fablica fue \u00abuna buena experiencia, no solamente en lo que se relat\u00f3, porque el Gobierno Regional hace un aporte importante en la provincia, tambi\u00e9n lo que plantean los vecinos y vecinas (&#8230;) nosotros seguimos atentos a continuar colaborando, hay muchas materias que, si bien hay inversi\u00f3n, hay que hacer gestiones para que la gente las perciba, en los programas de fomento, en la adquisici\u00f3n de maquinaria, en muchas instancias\u00bb.<\/p>\n<\/div><\/section><\/div><div  style='height:50px' class='hr hr-invisible   avia-builder-el-6  el_after_av_one_full  el_before_av_social_share '><span class='hr-inner ' ><span class='hr-inner-style'><\/span><\/span><\/div><\/p>\n<div  class='av-social-sharing-box  avia-builder-el-7  el_after_av_hr  el_before_av_hr  '><div class='av-share-box'><h5 class='av-share-link-description av-no-toc '>Compartir esta noticia<\/h5><ul class='av-share-box-list noLightbox'><li class='av-share-link av-social-link-facebook' ><a target=\"_blank\" aria-label=\"Compartir en Facebook\" href='https:\/\/www.facebook.com\/sharer.php?u=https:\/\/radiorevelacionfm.cl\/?p=34499&#038;t=Gobernadora%20realiza%20in%C3%A9dita%20Cuenta%20P%C3%BAblica%20Participativa%20en%20la%20Provincia%20Capit%C3%A1n%20Prat' aria-hidden='false' data-av_icon='\ue8f3' data-av_iconfont='entypo-fontello' title='' data-avia-related-tooltip='Compartir en Facebook' rel=\"noopener\"><span class='avia_hidden_link_text'>Compartir en Facebook<\/span><\/a><\/li><li class='av-share-link av-social-link-twitter' ><a target=\"_blank\" aria-label=\"Compartir en Twitter\" href='https:\/\/twitter.com\/share?text=Gobernadora%20realiza%20in%C3%A9dita%20Cuenta%20P%C3%BAblica%20Participativa%20en%20la%20Provincia%20Capit%C3%A1n%20Prat&#038;url=https:\/\/radiorevelacionfm.cl\/?p=34499' aria-hidden='false' data-av_icon='\ue8f1' data-av_iconfont='entypo-fontello' title='' data-avia-related-tooltip='Compartir en Twitter' rel=\"noopener\"><span class='avia_hidden_link_text'>Compartir en Twitter<\/span><\/a><\/li><li class='av-share-link av-social-link-whatsapp' ><a target=\"_blank\" aria-label=\"Compartir en Whatsapp\" href='https:\/\/api.whatsapp.com\/send?text=https:\/\/radiorevelacionfm.cl\/?p=34499' aria-hidden='false' data-av_icon='\uf232' data-av_iconfont='entypo-fontello' title='' data-avia-related-tooltip='Compartir en Whatsapp' rel=\"noopener\"><span class='avia_hidden_link_text'>Compartir en Whatsapp<\/span><\/a><\/li><li class='av-share-link av-social-link-linkedin' ><a target=\"_blank\" aria-label=\"Compartir en LinkedIn\" href='https:\/\/linkedin.com\/shareArticle?mini=true&#038;title=Gobernadora%20realiza%20in%C3%A9dita%20Cuenta%20P%C3%BAblica%20Participativa%20en%20la%20Provincia%20Capit%C3%A1n%20Prat&#038;url=https:\/\/radiorevelacionfm.cl\/?p=34499' aria-hidden='false' data-av_icon='\ue8fc' data-av_iconfont='entypo-fontello' title='' data-avia-related-tooltip='Compartir en LinkedIn' rel=\"noopener\"><span class='avia_hidden_link_text'>Compartir en LinkedIn<\/span><\/a><\/li><li class='av-share-link av-social-link-mail' ><a  aria-label=\"Compartir por correo\" href='mailto:?subject=Gobernadora%20realiza%20in%C3%A9dita%20Cuenta%20P%C3%BAblica%20Participativa%20en%20la%20Provincia%20Capit%C3%A1n%20Prat&#038;body=https:\/\/radiorevelacionfm.cl\/?p=34499' aria-hidden='false' data-av_icon='\ue805' data-av_iconfont='entypo-fontello' title='' data-avia-related-tooltip='Compartir por correo'><span class='avia_hidden_link_text'>Compartir por correo<\/span><\/a><\/li><\/ul><\/div><\/div>\n<div  style='height:50px' class='hr hr-invisible   avia-builder-el-8  el_after_av_social_share  el_before_av_comments_list '><span class='hr-inner ' ><span class='hr-inner-style'><\/span><\/span><\/div>\n<div  class='av-buildercomment  av-blog-meta-html-info-disabled av-blog-meta-tag-disabled  '><\/div>\n","protected":false},"excerpt":{"rendered":"","protected":false},"author":1,"featured_media":34500,"comment_status":"open","ping_status":"open","sticky":false,"template":"","format":"standard","meta":{"footnotes":""},"categories":[38],"tags":[],"class_list":["post-34499","post","type-post","status-publish","format-standard","has-post-thumbnail","hentry","category-regional"],"jetpack_featured_media_url":"https:\/\/radiorevelacionfm.cl\/wp-content\/uploads\/2023\/08\/Cuenta-Publica-1-1-1.jpeg","_links":{"self":[{"href":"https:\/\/radiorevelacionfm.cl\/index.php?rest_route=\/wp\/v2\/posts\/34499","targetHints":{"allow":["GET"]}}],"collection":[{"href":"https:\/\/radiorevelacionfm.cl\/index.php?rest_route=\/wp\/v2\/posts"}],"about":[{"href":"https:\/\/radiorevelacionfm.cl\/index.php?rest_route=\/wp\/v2\/types\/post"}],"author":[{"embeddable":true,"href":"https:\/\/radiorevelacionfm.cl\/index.php?rest_route=\/wp\/v2\/users\/1"}],"replies":[{"embeddable":true,"href":"https:\/\/radiorevelacionfm.cl\/index.php?rest_route=%2Fwp%2Fv2%2Fcomments&post=34499"}],"version-history":[{"count":1,"href":"https:\/\/radiorevelacionfm.cl\/index.php?rest_route=\/wp\/v2\/posts\/34499\/revisions"}],"predecessor-version":[{"id":34501,"href":"https:\/\/radiorevelacionfm.cl\/index.php?rest_route=\/wp\/v2\/posts\/34499\/revisions\/34501"}],"wp:featuredmedia":[{"embeddable":true,"href":"https:\/\/radiorevelacionfm.cl\/index.php?rest_route=\/wp\/v2\/media\/34500"}],"wp:attachment":[{"href":"https:\/\/radiorevelacionfm.cl\/index.php?rest_route=%2Fwp%2Fv2%2Fmedia&parent=34499"}],"wp:term":[{"taxonomy":"category","embeddable":true,"href":"https:\/\/radiorevelacionfm.cl\/index.php?rest_route=%2Fwp%2Fv2%2Fcategories&post=34499"},{"taxonomy":"post_tag","embeddable":true,"href":"https:\/\/radiorevelacionfm.cl\/index.php?rest_route=%2Fwp%2Fv2%2Ftags&post=34499"}],"curies":[{"name":"wp","href":"https:\/\/api.w.org\/{rel}","templated":true}]}}