{"id":34495,"date":"2023-08-31T20:16:08","date_gmt":"2023-08-31T23:16:08","guid":{"rendered":"https:\/\/radiorevelacionfm.cl\/?p=34495"},"modified":"2023-08-31T20:16:08","modified_gmt":"2023-08-31T23:16:08","slug":"equipo-de-obras-publicas-se-reune-con-vecinos-as-de-lago-ohiggins-y-exponen-nuevas-obras-que-fortaleceran-desarrollo-de-la-zona","status":"publish","type":"post","link":"https:\/\/radiorevelacionfm.cl\/?p=34495","title":{"rendered":"Equipo de obras p\u00fablicas se re\u00fane con vecinos\/as de Lago O&#8217;higgins y exponen nuevas obras que fortalecer\u00e1n desarrollo de la zona"},"content":{"rendered":"<div class=\"flex_column av_one_full  flex_column_div av-zero-column-padding first  avia-builder-el-0  el_before_av_one_full  avia-builder-el-first  \" style='border-radius:0px; '><div  class='avia-image-container  av-styling-    avia-builder-el-1  avia-builder-el-no-sibling  avia-align-center '  itemprop=\"image\" itemscope=\"itemscope\" itemtype=\"https:\/\/schema.org\/ImageObject\"  ><div class='avia-image-container-inner'><div class='avia-image-overlay-wrap'><img decoding=\"async\" class='wp-image-34497 avia-img-lazy-loading-not-34497 avia_image' src=\"https:\/\/radiorevelacionfm.cl\/wp-content\/uploads\/2023\/08\/rio-turbio-2-1_optimized.jpg\" alt='' title='r\u00edo-turbio-(2)-(1)_optimized' height=\"600\" width=\"900\"  itemprop=\"thumbnailUrl\" srcset=\"https:\/\/radiorevelacionfm.cl\/wp-content\/uploads\/2023\/08\/rio-turbio-2-1_optimized.jpg 900w, https:\/\/radiorevelacionfm.cl\/wp-content\/uploads\/2023\/08\/rio-turbio-2-1_optimized-300x200.jpg 300w, https:\/\/radiorevelacionfm.cl\/wp-content\/uploads\/2023\/08\/rio-turbio-2-1_optimized-768x512.jpg 768w, https:\/\/radiorevelacionfm.cl\/wp-content\/uploads\/2023\/08\/rio-turbio-2-1_optimized-705x470.jpg 705w, https:\/\/radiorevelacionfm.cl\/wp-content\/uploads\/2023\/08\/rio-turbio-2-1_optimized-450x300.jpg 450w, https:\/\/radiorevelacionfm.cl\/wp-content\/uploads\/2023\/08\/rio-turbio-2-1_optimized-600x400.jpg 600w\" sizes=\"(max-width: 900px) 100vw, 900px\" \/><\/div><\/div><\/div><\/div><div class=\"flex_column av_one_full  flex_column_div av-zero-column-padding first  avia-builder-el-2  el_after_av_one_full  el_before_av_one_full  column-top-margin\" style='border-radius:0px; '><section class=\"av_textblock_section \"  itemscope=\"itemscope\" itemtype=\"https:\/\/schema.org\/BlogPosting\" itemprop=\"blogPost\" ><div class='avia_textblock  '   itemprop=\"text\" ><p style=\"text-align: center;\"><strong><span style=\"font-size: 18pt;\">Equipo de obras p\u00fablicas se re\u00fane con vecinos\/as de Lago O&#8217;higgins y exponen nuevas obras que fortalecer\u00e1n desarrollo de la zona<\/span><\/strong><\/p>\n<div id=\"gtx-trans\" style=\"position: absolute; left: -50px; top: 4.31534px;\">\n<div class=\"gtx-trans-icon\"><\/div>\n<\/div>\n<\/div><\/section><\/div><div class=\"flex_column av_one_full  flex_column_div av-zero-column-padding first  avia-builder-el-4  el_after_av_one_full  el_before_av_hr  column-top-margin\" style='border-radius:0px; '><section class=\"av_textblock_section \"  itemscope=\"itemscope\" itemtype=\"https:\/\/schema.org\/BlogPosting\" itemprop=\"blogPost\" ><div class='avia_textblock  '   itemprop=\"text\" ><p style=\"text-align: justify;\">El Secretario Regional Ministerial de Obras P\u00fablicas Patricio Sanhueza Ulloa junto a los directores regionales de Obras Portuarias \u00c1lvaro D\u00edaz Contreras y de Vialidad Renzo Sanders Cortes junto a sus respectivos equipos visitaron a las vecinas y vecinos que viven en el lago O\u00b4Higgins, en el extremo sur de la regi\u00f3n de Ays\u00e9n con el objeto de dar continuidad al trabajo que como Ministerio de Obras P\u00fablicas han estado desarrollando en diversos sectores de la regi\u00f3n de Ays\u00e9n escuchando y constatando en terreno las necesidades de las personas para tratar en forma integral cada una de ellas, junto con informar las nuevas obras proyectadas para esta zona del pa\u00eds.<\/p>\n<p style=\"text-align: justify;\">Al respecto, el SEREMI del MOP destac\u00f3: \u201cHemos realizado una visita muy enriquecedora, muy productiva, en donde tomamos contacto con gran parte de los pobladores del lago O\u00b4Higgins, as\u00ed que nos vamos muy satisfechos, y llenos de entusiasmo por cuanto tenemos que abordar grandes desaf\u00edos. Hemos podido percibir la sensaci\u00f3n de desamparo que viven los habitantes del lago O\u00b4Higgins, as\u00ed que son desaf\u00edos muy grandes los que tenemos que abordar en la parte que a nosotros nos compete. De igual forma, pudimos entregar importantes avances y as\u00ed como tambi\u00e9n, anuncios como el compromiso de nuestra ministra Jessica L\u00f3pez Saffie quien nos ha instruido iniciar el proceso para llamar a licitaci\u00f3n una nueva nave para el lago O\u00b4Higgins\u201d.<\/p>\n<p style=\"text-align: justify;\">Adem\u00e1s, agreg\u00f3 Patricio Sanhueza, \u201ctenemos importantes avances tanto en materia portuaria como aeroportuaria, porque acabamos de entregar a uso el Refugio de Pasajeros en R\u00edo Bravo y dentro de las pr\u00f3ximas semanas vamos a llamar a licitaci\u00f3n la conservaci\u00f3n mayor del Aer\u00f3dromo de Villa O\u00b4Higgins, as\u00ed como tambi\u00e9n tenemos important\u00edsimas obras viales a ejecutar, como un contrato de conservaci\u00f3n global que se encuentra en proceso de adjudicaci\u00f3n y que abarca desde Cochrane-\u00d1adis-Vagabundo, este contrato tiene un per\u00edodo de ejecuci\u00f3n de un a\u00f1o, tras el cual se va a licitar un contrato de conservaci\u00f3n global tradicional para atender los sectores de Puerto Bertrand, Cochrane y hasta Puerto Yungay. Paralelamente, tenemos planificado en diciembre poder entregar terreno para la ejecuci\u00f3n del contrato de conservaci\u00f3n global desde R\u00edo Bravo hasta Villa O\u00b4Higgins, el que considera una inversi\u00f3n de $5.200 millones, y que incluye cerca de 66 operaciones de conservaci\u00f3n como excavaciones en roca, reperfilado, recebo, enrocado para proteger la ribera del r\u00edo y para protecci\u00f3n de taludes. Adem\u00e1s, el contrato desde Vagabundo hacia Puerto Yungay va a seguir siendo abordado por Administraci\u00f3n Directa\u201d.<\/p>\n<p style=\"text-align: justify;\">De esta forma, los vecinos y vecinas dieron a conocer su opini\u00f3n acerca de las obras que el Ministerio de Obras P\u00fablicas materializar\u00e1 en el territorio en el marco del gobierno del presidente Gabriel Boric, entre ellas el dise\u00f1o y construcci\u00f3n de una nueva embarcaci\u00f3n para que navegue en el lago O\u00b4Higgins entregando conectividad a las y los vecinos que viven en esta zona de la regi\u00f3n de Ays\u00e9n.<\/p>\n<p style=\"text-align: justify;\">Para los pobladores del sector Isla Central en el lago O\u00b4Higgins Andrea Arriaga Mancilla y David Machuca Cartes, estas obras son un adelanto que han esperado por muchos a\u00f1os: \u201cPara nosotros como familia va a ser muy importante este nuevo proyecto de la ejecuci\u00f3n de la barcaza para mejorar lo que significa la conectividad en nuestro sector. Me refiero con ello, a mejorar todos los accesos a los distintos emprendimientos, a mejoras y poder traer nuestros v\u00edveres, a tener un mejor acceso a nuestros predios en un medio seguro, con las condiciones m\u00ednimas para el transporte de los pasajeros. Esta es una instancia s\u00faper importante y por la que hemos luchado muchos a\u00f1os, el mejorar el acceso al lago O\u00b4Higgins. Cada vez existen menos personas que habitan el lago, porque no hay posibilidades de emprender cuando no hay forma de traer materiales, cuando solamente una vez cada diez o quince d\u00edas o hasta un mes no ha habido conectividad en t\u00e9rminos de subvenci\u00f3n o cuando el tiempo es una limitante que tambi\u00e9n consideramos. Entonces, tener una embarcaci\u00f3n nueva que nos asegure una navegaci\u00f3n segura y el ingreso de nuestras cosas, es un cambio muy importante que esperamos hace mucho tiempo como familia\u201d<\/p>\n<p style=\"text-align: justify;\">En tanto, Ema Mera I\u00f1iguez y Leonardo Mu\u00f1oz quienes viven en el sector R\u00edo C\u00f3ndor en el lago O\u00b4Higgins destacaron las caracter\u00edsticas que necesitan tenga la nueva barcaza, indicando que \u201cYo creo que optar por el dise\u00f1o que existe disminuye el tiempo de espera y tambi\u00e9n los recursos. Sabemos que hacer un dise\u00f1o nuevo tambi\u00e9n es un poco m\u00e1s largo y en realidad necesitamos algo pronto y a corto plazo, pero que tambi\u00e9n de respuesta a las necesidades que tenemos y no por ser algo r\u00e1pido, sea lo que haya\u201d. Leonardo a\u00f1adi\u00f3: \u201cPor lo que entendimos en la difusi\u00f3n, la barcaza tambi\u00e9n cumple los requerimientos de espacio para carga de animales y carga piso, lo que es fundamental para los productos que se pueden sacar de ac\u00e1 y es importante tambi\u00e9n que tenga capacidad de pasajeros\u201d.<\/p>\n<p style=\"text-align: justify;\">De igual forma, el poblador ligado al sector tur\u00edstico Hans Silva se\u00f1al\u00f3 \u201cEs necesario recuperar la conectividad del lago. Una barcaza nueva dar\u00eda certeza y tener dos alternativas. La nave Integraci\u00f3n recuperada y esta Barcaza nueva operando. Ya que est\u00e1 el Dise\u00f1o, la racionalidad y la eficacia determina que sigamos adelante con este proyecto para no retrasarnos m\u00e1s. M\u00e1s adelante veremos si licitamos un proyecto nuevo, m\u00e1s amplio con los a\u00f1os, pero en este minuto la alternativa que queremos es la que nos d\u00e9 el menor tiempo de ejecuci\u00f3n\u201d; y Dayvi Mansilla Torres, que vive en el lago O\u00b4Higgins, coment\u00f3: \u201cNos pareci\u00f3 buena noticia, ojal\u00e1 que se adjudique pronto, que harta falta que nos hace. Es una embarcaci\u00f3n nueva, nos servir\u00eda a todos y habr\u00e1 m\u00e1s oportunidades para la gente que vivimos ah\u00ed\u201d.<\/p>\n<\/div><\/section><\/div><div  style='height:50px' class='hr hr-invisible   avia-builder-el-6  el_after_av_one_full  el_before_av_social_share '><span class='hr-inner ' ><span class='hr-inner-style'><\/span><\/span><\/div><\/p>\n<div  class='av-social-sharing-box  avia-builder-el-7  el_after_av_hr  el_before_av_hr  '><div class='av-share-box'><h5 class='av-share-link-description av-no-toc '>Compartir esta noticia<\/h5><ul class='av-share-box-list noLightbox'><li class='av-share-link av-social-link-facebook' ><a target=\"_blank\" aria-label=\"Compartir en Facebook\" href='https:\/\/www.facebook.com\/sharer.php?u=https:\/\/radiorevelacionfm.cl\/?p=34495&#038;t=Equipo%20de%20obras%20p%C3%BAblicas%20se%20re%C3%BAne%20con%20vecinos%2Fas%20de%20Lago%20O%E2%80%99higgins%20y%20exponen%20nuevas%20obras%20que%20fortalecer%C3%A1n%20desarrollo%20de%20la%20zona' aria-hidden='false' data-av_icon='\ue8f3' data-av_iconfont='entypo-fontello' title='' data-avia-related-tooltip='Compartir en Facebook' rel=\"noopener\"><span class='avia_hidden_link_text'>Compartir en Facebook<\/span><\/a><\/li><li class='av-share-link av-social-link-twitter' ><a target=\"_blank\" aria-label=\"Compartir en Twitter\" href='https:\/\/twitter.com\/share?text=Equipo%20de%20obras%20p%C3%BAblicas%20se%20re%C3%BAne%20con%20vecinos%2Fas%20de%20Lago%20O%E2%80%99higgins%20y%20exponen%20nuevas%20obras%20que%20fortalecer%C3%A1n%20desarrollo%20de%20la%20zona&#038;url=https:\/\/radiorevelacionfm.cl\/?p=34495' aria-hidden='false' data-av_icon='\ue8f1' data-av_iconfont='entypo-fontello' title='' data-avia-related-tooltip='Compartir en Twitter' rel=\"noopener\"><span class='avia_hidden_link_text'>Compartir en Twitter<\/span><\/a><\/li><li class='av-share-link av-social-link-whatsapp' ><a target=\"_blank\" aria-label=\"Compartir en Whatsapp\" href='https:\/\/api.whatsapp.com\/send?text=https:\/\/radiorevelacionfm.cl\/?p=34495' aria-hidden='false' data-av_icon='\uf232' data-av_iconfont='entypo-fontello' title='' data-avia-related-tooltip='Compartir en Whatsapp' rel=\"noopener\"><span class='avia_hidden_link_text'>Compartir en Whatsapp<\/span><\/a><\/li><li class='av-share-link av-social-link-linkedin' ><a target=\"_blank\" aria-label=\"Compartir en LinkedIn\" href='https:\/\/linkedin.com\/shareArticle?mini=true&#038;title=Equipo%20de%20obras%20p%C3%BAblicas%20se%20re%C3%BAne%20con%20vecinos%2Fas%20de%20Lago%20O%E2%80%99higgins%20y%20exponen%20nuevas%20obras%20que%20fortalecer%C3%A1n%20desarrollo%20de%20la%20zona&#038;url=https:\/\/radiorevelacionfm.cl\/?p=34495' aria-hidden='false' data-av_icon='\ue8fc' data-av_iconfont='entypo-fontello' title='' data-avia-related-tooltip='Compartir en LinkedIn' rel=\"noopener\"><span class='avia_hidden_link_text'>Compartir en LinkedIn<\/span><\/a><\/li><li class='av-share-link av-social-link-mail' ><a  aria-label=\"Compartir por correo\" href='mailto:?subject=Equipo%20de%20obras%20p%C3%BAblicas%20se%20re%C3%BAne%20con%20vecinos%2Fas%20de%20Lago%20O%E2%80%99higgins%20y%20exponen%20nuevas%20obras%20que%20fortalecer%C3%A1n%20desarrollo%20de%20la%20zona&#038;body=https:\/\/radiorevelacionfm.cl\/?p=34495' aria-hidden='false' data-av_icon='\ue805' data-av_iconfont='entypo-fontello' title='' data-avia-related-tooltip='Compartir por correo'><span class='avia_hidden_link_text'>Compartir por correo<\/span><\/a><\/li><\/ul><\/div><\/div>\n<div  style='height:50px' class='hr hr-invisible   avia-builder-el-8  el_after_av_social_share  el_before_av_comments_list '><span class='hr-inner ' ><span class='hr-inner-style'><\/span><\/span><\/div>\n<div  class='av-buildercomment  av-blog-meta-html-info-disabled av-blog-meta-tag-disabled  '><\/div>\n","protected":false},"excerpt":{"rendered":"","protected":false},"author":1,"featured_media":34497,"comment_status":"open","ping_status":"open","sticky":false,"template":"","format":"standard","meta":{"footnotes":""},"categories":[38],"tags":[],"class_list":["post-34495","post","type-post","status-publish","format-standard","has-post-thumbnail","hentry","category-regional"],"jetpack_featured_media_url":"https:\/\/radiorevelacionfm.cl\/wp-content\/uploads\/2023\/08\/rio-turbio-2-1_optimized.jpg","_links":{"self":[{"href":"https:\/\/radiorevelacionfm.cl\/index.php?rest_route=\/wp\/v2\/posts\/34495","targetHints":{"allow":["GET"]}}],"collection":[{"href":"https:\/\/radiorevelacionfm.cl\/index.php?rest_route=\/wp\/v2\/posts"}],"about":[{"href":"https:\/\/radiorevelacionfm.cl\/index.php?rest_route=\/wp\/v2\/types\/post"}],"author":[{"embeddable":true,"href":"https:\/\/radiorevelacionfm.cl\/index.php?rest_route=\/wp\/v2\/users\/1"}],"replies":[{"embeddable":true,"href":"https:\/\/radiorevelacionfm.cl\/index.php?rest_route=%2Fwp%2Fv2%2Fcomments&post=34495"}],"version-history":[{"count":1,"href":"https:\/\/radiorevelacionfm.cl\/index.php?rest_route=\/wp\/v2\/posts\/34495\/revisions"}],"predecessor-version":[{"id":34498,"href":"https:\/\/radiorevelacionfm.cl\/index.php?rest_route=\/wp\/v2\/posts\/34495\/revisions\/34498"}],"wp:featuredmedia":[{"embeddable":true,"href":"https:\/\/radiorevelacionfm.cl\/index.php?rest_route=\/wp\/v2\/media\/34497"}],"wp:attachment":[{"href":"https:\/\/radiorevelacionfm.cl\/index.php?rest_route=%2Fwp%2Fv2%2Fmedia&parent=34495"}],"wp:term":[{"taxonomy":"category","embeddable":true,"href":"https:\/\/radiorevelacionfm.cl\/index.php?rest_route=%2Fwp%2Fv2%2Fcategories&post=34495"},{"taxonomy":"post_tag","embeddable":true,"href":"https:\/\/radiorevelacionfm.cl\/index.php?rest_route=%2Fwp%2Fv2%2Ftags&post=34495"}],"curies":[{"name":"wp","href":"https:\/\/api.w.org\/{rel}","templated":true}]}}