{"id":34491,"date":"2023-08-31T18:26:11","date_gmt":"2023-08-31T21:26:11","guid":{"rendered":"https:\/\/radiorevelacionfm.cl\/?p=34491"},"modified":"2023-08-31T18:26:11","modified_gmt":"2023-08-31T21:26:11","slug":"se-inicia-proyecto-de-instalacion-de-camaras-y-luminarias-en-el-parque-municipal-de-aysen","status":"publish","type":"post","link":"https:\/\/radiorevelacionfm.cl\/?p=34491","title":{"rendered":"Se inicia proyecto de instalaci\u00f3n de c\u00e1maras y luminarias en el Parque Municipal de Ays\u00e9n"},"content":{"rendered":"<div class=\"flex_column av_one_full  flex_column_div av-zero-column-padding first  avia-builder-el-0  el_before_av_one_full  avia-builder-el-first  \" style='border-radius:0px; '><div  class='avia-image-container  av-styling-    avia-builder-el-1  avia-builder-el-no-sibling  avia-align-center '  itemprop=\"image\" itemscope=\"itemscope\" itemtype=\"https:\/\/schema.org\/ImageObject\"  ><div class='avia-image-container-inner'><div class='avia-image-overlay-wrap'><img decoding=\"async\" class='wp-image-34492 avia-img-lazy-loading-not-34492 avia_image' src=\"https:\/\/radiorevelacionfm.cl\/wp-content\/uploads\/2023\/08\/entrega-terreno-camaras-y-luminarias-1-1_optimized-1.jpg\" alt='' title='entrega-terreno-camaras-y-luminarias-1-(1)_optimized (1)' height=\"600\" width=\"1067\"  itemprop=\"thumbnailUrl\" srcset=\"https:\/\/radiorevelacionfm.cl\/wp-content\/uploads\/2023\/08\/entrega-terreno-camaras-y-luminarias-1-1_optimized-1.jpg 1067w, https:\/\/radiorevelacionfm.cl\/wp-content\/uploads\/2023\/08\/entrega-terreno-camaras-y-luminarias-1-1_optimized-1-300x169.jpg 300w, https:\/\/radiorevelacionfm.cl\/wp-content\/uploads\/2023\/08\/entrega-terreno-camaras-y-luminarias-1-1_optimized-1-1030x579.jpg 1030w, https:\/\/radiorevelacionfm.cl\/wp-content\/uploads\/2023\/08\/entrega-terreno-camaras-y-luminarias-1-1_optimized-1-768x432.jpg 768w, https:\/\/radiorevelacionfm.cl\/wp-content\/uploads\/2023\/08\/entrega-terreno-camaras-y-luminarias-1-1_optimized-1-705x396.jpg 705w, https:\/\/radiorevelacionfm.cl\/wp-content\/uploads\/2023\/08\/entrega-terreno-camaras-y-luminarias-1-1_optimized-1-450x253.jpg 450w, https:\/\/radiorevelacionfm.cl\/wp-content\/uploads\/2023\/08\/entrega-terreno-camaras-y-luminarias-1-1_optimized-1-600x337.jpg 600w\" sizes=\"(max-width: 1067px) 100vw, 1067px\" \/><\/div><\/div><\/div><\/div>\n<div class=\"flex_column av_one_full  flex_column_div av-zero-column-padding first  avia-builder-el-2  el_after_av_one_full  el_before_av_one_full  column-top-margin\" style='border-radius:0px; '><section class=\"av_textblock_section \"  itemscope=\"itemscope\" itemtype=\"https:\/\/schema.org\/BlogPosting\" itemprop=\"blogPost\" ><div class='avia_textblock  '   itemprop=\"text\" ><p style=\"text-align: center;\"><strong><span style=\"font-size: 18pt;\">Se inicia proyecto de instalaci\u00f3n de c\u00e1maras y luminarias en el Parque Municipal de Ays\u00e9n<\/span><\/strong><\/p>\n<div id=\"gtx-trans\" style=\"position: absolute; left: -50px; top: 4.31534px;\">\n<div class=\"gtx-trans-icon\"><\/div>\n<\/div>\n<\/div><\/section><\/div>\n<div class=\"flex_column av_one_full  flex_column_div av-zero-column-padding first  avia-builder-el-4  el_after_av_one_full  el_before_av_hr  column-top-margin\" style='border-radius:0px; '><section class=\"av_textblock_section \"  itemscope=\"itemscope\" itemtype=\"https:\/\/schema.org\/BlogPosting\" itemprop=\"blogPost\" ><div class='avia_textblock  '   itemprop=\"text\" ><p style=\"text-align: justify;\">La Municipalidad de Ays\u00e9n hizo entrega de terreno a la empresa que se adjudic\u00f3 las obras de instalaci\u00f3n de c\u00e1maras de tele \u2013 vigilancia y luminarias en el sector del Parque Municipal, proyecto que tiene una duraci\u00f3n de 120 d\u00edas y pretende entregar mayor seguridad a los vecinos, vecinas de la comuna y a quienes visitar el lugar, principalmente cuando se desarrollan eventos masivos.<\/p>\n<p style=\"text-align: justify;\">Seg\u00fan lo manifestado por el Alcalde, Julio Uribe Alvarado, esta iniciativa se logr\u00f3 comprometer luego de una reuni\u00f3n con la Ministra del Interior y Seguridad P\u00fablica, Carolina Toh\u00e1.<\/p>\n<p style=\"text-align: justify;\">\u201cTodos los tiempos se cumplen, recordar que estos fueron recursos que pudimos conseguir luego de una reuni\u00f3n con la Ministra del Interior y Seguridad Publica Carolina Toh\u00e1 y en esa oportunidad nos aprobaron dos proyectos de seguridad y ahora comenzamos ya con esta entrega de terreno, para que tengamos ya en los pr\u00f3ximos 120 d\u00edas en ejecuci\u00f3n las c\u00e1maras con la tele &#8211; vigilancia que estamos realizando en el Municipio y tambi\u00e9n el alumbrado para dar m\u00e1s seguridad en el Parque Municipal. Creo que, esta se\u00f1al que damos como Municipio del trabajo que hemos realizado desde que comenzamos en materia de seguridad p\u00fablica, ha dado resultados\u201d.<\/p>\n<p style=\"text-align: justify;\">El Director Municipal de Seguridad P\u00fablica, Marco Co\u00f1uecar, expres\u00f3 su alegr\u00eda de poder concretar una iniciativa comprometida con la comunidad. \u201cEstamos muy contentos, este era un proyecto insignia, era un compromiso que ten\u00edamos con los vecinos de poder instalar c\u00e1maras de tele &#8211; vigilancia en el Parque Municipal como tambi\u00e9n luminarias. As\u00ed es que, es un desaf\u00edo, esperamos antes de fin de a\u00f1o tener esto ya funcionando y lo importante es que estamos preocupados por la seguridad. Este es un proyecto que nace a trav\u00e9s de la Direcci\u00f3n de Seguridad Publica y que viene a impulsar el compromiso que es poder brindar a los vecinos m\u00e1s seguridad\u201d.<\/p>\n<p style=\"text-align: justify;\">En este proyecto se invertir\u00e1n 76 millones de pesos, gracias al financiamiento de la Subsecretaria de Desarrollo Regional y Administrativo, Subdere, recursos que permitir\u00e1n instalar un total de 30 luminarias y 11 c\u00e1maras. Tal como lo detall\u00f3 el ingeniero el\u00e9ctrico de la Secplan, Patricio Vargas Salas.<\/p>\n<p style=\"text-align: justify;\">\u201cConsiste en la habilitaci\u00f3n de c\u00e1maras de tele vigilancia y alumbrado p\u00fablico dentro del Parque Municipal, donde se busca potenciar el tema de seguridad p\u00fablica, fundamentalmente en los eventos masivos que se realizan en este recinto. El proyecto contempla la instalaci\u00f3n de 30 luminarias del tipo led, c\u00e1maras 360, las cuales van a abarcar el parque de juegos y la zona donde se realizan espect\u00e1culos\u201d.<\/p>\n<p style=\"text-align: justify;\">Posterior a esta iniciativa, la Municipalidad de Ays\u00e9n espera dar inicio a otro proyecto, que permitir\u00e1 mejorar los quinchos instalados en el parque municipal.<\/p>\n<\/div><\/section><\/div><div  style='height:50px' class='hr hr-invisible   avia-builder-el-6  el_after_av_one_full  el_before_av_social_share '><span class='hr-inner ' ><span class='hr-inner-style'><\/span><\/span><\/div><\/p>\n<div  class='av-social-sharing-box  avia-builder-el-7  el_after_av_hr  el_before_av_hr  '><div class='av-share-box'><h5 class='av-share-link-description av-no-toc '>Compartir esta noticia<\/h5><ul class='av-share-box-list noLightbox'><li class='av-share-link av-social-link-facebook' ><a target=\"_blank\" aria-label=\"Compartir en Facebook\" href='https:\/\/www.facebook.com\/sharer.php?u=https:\/\/radiorevelacionfm.cl\/?p=34491&#038;t=Se%20inicia%20proyecto%20de%20instalaci%C3%B3n%20de%20c%C3%A1maras%20y%20luminarias%20en%20el%20Parque%20Municipal%20de%20Ays%C3%A9n' aria-hidden='false' data-av_icon='\ue8f3' data-av_iconfont='entypo-fontello' title='' data-avia-related-tooltip='Compartir en Facebook' rel=\"noopener\"><span class='avia_hidden_link_text'>Compartir en Facebook<\/span><\/a><\/li><li class='av-share-link av-social-link-twitter' ><a target=\"_blank\" aria-label=\"Compartir en Twitter\" href='https:\/\/twitter.com\/share?text=Se%20inicia%20proyecto%20de%20instalaci%C3%B3n%20de%20c%C3%A1maras%20y%20luminarias%20en%20el%20Parque%20Municipal%20de%20Ays%C3%A9n&#038;url=https:\/\/radiorevelacionfm.cl\/?p=34491' aria-hidden='false' data-av_icon='\ue8f1' data-av_iconfont='entypo-fontello' title='' data-avia-related-tooltip='Compartir en Twitter' rel=\"noopener\"><span class='avia_hidden_link_text'>Compartir en Twitter<\/span><\/a><\/li><li class='av-share-link av-social-link-whatsapp' ><a target=\"_blank\" aria-label=\"Compartir en Whatsapp\" href='https:\/\/api.whatsapp.com\/send?text=https:\/\/radiorevelacionfm.cl\/?p=34491' aria-hidden='false' data-av_icon='\uf232' data-av_iconfont='entypo-fontello' title='' data-avia-related-tooltip='Compartir en Whatsapp' rel=\"noopener\"><span class='avia_hidden_link_text'>Compartir en Whatsapp<\/span><\/a><\/li><li class='av-share-link av-social-link-linkedin' ><a target=\"_blank\" aria-label=\"Compartir en LinkedIn\" href='https:\/\/linkedin.com\/shareArticle?mini=true&#038;title=Se%20inicia%20proyecto%20de%20instalaci%C3%B3n%20de%20c%C3%A1maras%20y%20luminarias%20en%20el%20Parque%20Municipal%20de%20Ays%C3%A9n&#038;url=https:\/\/radiorevelacionfm.cl\/?p=34491' aria-hidden='false' data-av_icon='\ue8fc' data-av_iconfont='entypo-fontello' title='' data-avia-related-tooltip='Compartir en LinkedIn' rel=\"noopener\"><span class='avia_hidden_link_text'>Compartir en LinkedIn<\/span><\/a><\/li><li class='av-share-link av-social-link-mail' ><a  aria-label=\"Compartir por correo\" href='mailto:?subject=Se%20inicia%20proyecto%20de%20instalaci%C3%B3n%20de%20c%C3%A1maras%20y%20luminarias%20en%20el%20Parque%20Municipal%20de%20Ays%C3%A9n&#038;body=https:\/\/radiorevelacionfm.cl\/?p=34491' aria-hidden='false' data-av_icon='\ue805' data-av_iconfont='entypo-fontello' title='' data-avia-related-tooltip='Compartir por correo'><span class='avia_hidden_link_text'>Compartir por correo<\/span><\/a><\/li><\/ul><\/div><\/div>\n<div  style='height:50px' class='hr hr-invisible   avia-builder-el-8  el_after_av_social_share  el_before_av_comments_list '><span class='hr-inner ' ><span class='hr-inner-style'><\/span><\/span><\/div>\n<div  class='av-buildercomment  av-blog-meta-html-info-disabled av-blog-meta-tag-disabled  '><\/div>\n","protected":false},"excerpt":{"rendered":"","protected":false},"author":1,"featured_media":34492,"comment_status":"open","ping_status":"open","sticky":false,"template":"","format":"standard","meta":{"footnotes":""},"categories":[38],"tags":[],"class_list":["post-34491","post","type-post","status-publish","format-standard","has-post-thumbnail","hentry","category-regional"],"jetpack_featured_media_url":"https:\/\/radiorevelacionfm.cl\/wp-content\/uploads\/2023\/08\/entrega-terreno-camaras-y-luminarias-1-1_optimized-1.jpg","_links":{"self":[{"href":"https:\/\/radiorevelacionfm.cl\/index.php?rest_route=\/wp\/v2\/posts\/34491","targetHints":{"allow":["GET"]}}],"collection":[{"href":"https:\/\/radiorevelacionfm.cl\/index.php?rest_route=\/wp\/v2\/posts"}],"about":[{"href":"https:\/\/radiorevelacionfm.cl\/index.php?rest_route=\/wp\/v2\/types\/post"}],"author":[{"embeddable":true,"href":"https:\/\/radiorevelacionfm.cl\/index.php?rest_route=\/wp\/v2\/users\/1"}],"replies":[{"embeddable":true,"href":"https:\/\/radiorevelacionfm.cl\/index.php?rest_route=%2Fwp%2Fv2%2Fcomments&post=34491"}],"version-history":[{"count":2,"href":"https:\/\/radiorevelacionfm.cl\/index.php?rest_route=\/wp\/v2\/posts\/34491\/revisions"}],"predecessor-version":[{"id":34494,"href":"https:\/\/radiorevelacionfm.cl\/index.php?rest_route=\/wp\/v2\/posts\/34491\/revisions\/34494"}],"wp:featuredmedia":[{"embeddable":true,"href":"https:\/\/radiorevelacionfm.cl\/index.php?rest_route=\/wp\/v2\/media\/34492"}],"wp:attachment":[{"href":"https:\/\/radiorevelacionfm.cl\/index.php?rest_route=%2Fwp%2Fv2%2Fmedia&parent=34491"}],"wp:term":[{"taxonomy":"category","embeddable":true,"href":"https:\/\/radiorevelacionfm.cl\/index.php?rest_route=%2Fwp%2Fv2%2Fcategories&post=34491"},{"taxonomy":"post_tag","embeddable":true,"href":"https:\/\/radiorevelacionfm.cl\/index.php?rest_route=%2Fwp%2Fv2%2Ftags&post=34491"}],"curies":[{"name":"wp","href":"https:\/\/api.w.org\/{rel}","templated":true}]}}