{"id":34482,"date":"2023-09-01T15:28:37","date_gmt":"2023-09-01T18:28:37","guid":{"rendered":"https:\/\/radiorevelacionfm.cl\/?p=34482"},"modified":"2023-09-01T15:28:37","modified_gmt":"2023-09-01T18:28:37","slug":"sandoval-por-informe-de-contraloria-contra-gore-aysen-esto-debe-ser-aclarado-por-la-gobernadora-andrea-macias","status":"publish","type":"post","link":"https:\/\/radiorevelacionfm.cl\/?p=34482","title":{"rendered":"Sandoval por informe de Contralor\u00eda contra GORE Ays\u00e9n: \u201cEsto debe ser aclarado por la gobernadora Andrea Mac\u00edas\u201d"},"content":{"rendered":"<div class=\"flex_column av_one_full  flex_column_div av-zero-column-padding first  avia-builder-el-0  el_before_av_one_full  avia-builder-el-first  \" style='border-radius:0px; '><div  class='avia-image-container  av-styling-    avia-builder-el-1  avia-builder-el-no-sibling  avia-align-center '  itemprop=\"image\" itemscope=\"itemscope\" itemtype=\"https:\/\/schema.org\/ImageObject\"  ><div class='avia-image-container-inner'><div class='avia-image-overlay-wrap'><img decoding=\"async\" class='wp-image-34483 avia-img-lazy-loading-not-34483 avia_image' src=\"https:\/\/radiorevelacionfm.cl\/wp-content\/uploads\/2023\/08\/senador-sandoval-6-1-2.jpg\" alt='' title='senador sandoval (6) (1) (2)' height=\"600\" width=\"900\"  itemprop=\"thumbnailUrl\" srcset=\"https:\/\/radiorevelacionfm.cl\/wp-content\/uploads\/2023\/08\/senador-sandoval-6-1-2.jpg 900w, https:\/\/radiorevelacionfm.cl\/wp-content\/uploads\/2023\/08\/senador-sandoval-6-1-2-300x200.jpg 300w, https:\/\/radiorevelacionfm.cl\/wp-content\/uploads\/2023\/08\/senador-sandoval-6-1-2-768x512.jpg 768w, https:\/\/radiorevelacionfm.cl\/wp-content\/uploads\/2023\/08\/senador-sandoval-6-1-2-705x470.jpg 705w, https:\/\/radiorevelacionfm.cl\/wp-content\/uploads\/2023\/08\/senador-sandoval-6-1-2-450x300.jpg 450w, https:\/\/radiorevelacionfm.cl\/wp-content\/uploads\/2023\/08\/senador-sandoval-6-1-2-600x400.jpg 600w\" sizes=\"(max-width: 900px) 100vw, 900px\" \/><\/div><\/div><\/div><\/div><div class=\"flex_column av_one_full  flex_column_div av-zero-column-padding first  avia-builder-el-2  el_after_av_one_full  el_before_av_one_full  column-top-margin\" style='border-radius:0px; '><section class=\"av_textblock_section \"  itemscope=\"itemscope\" itemtype=\"https:\/\/schema.org\/BlogPosting\" itemprop=\"blogPost\" ><div class='avia_textblock  '   itemprop=\"text\" ><p style=\"text-align: center;\"><strong><span style=\"font-size: 18pt;\">Sandoval por informe de Contralor\u00eda contra GORE Ays\u00e9n: \u201cEsto debe ser aclarado por la gobernadora Andrea Mac\u00edas\u201d<\/span><\/strong><\/p>\n<div id=\"gtx-trans\" style=\"position: absolute; left: -50px; top: 4.31534px;\">\n<div class=\"gtx-trans-icon\"><\/div>\n<\/div>\n<\/div><\/section><\/div><div class=\"flex_column av_one_full  flex_column_div av-zero-column-padding first  avia-builder-el-4  el_after_av_one_full  el_before_av_hr  column-top-margin\" style='border-radius:0px; '><section class=\"av_textblock_section \"  itemscope=\"itemscope\" itemtype=\"https:\/\/schema.org\/BlogPosting\" itemprop=\"blogPost\" ><div class='avia_textblock  '   itemprop=\"text\" ><p style=\"text-align: justify;\"><em>Parlamentario manifest\u00f3 su preocupaci\u00f3n por informe de Contralor\u00eda en que acusa que el GORE, presidido por Mac\u00edas, dilat\u00f3 t\u00e9rmino de sumario contra ocho de sus funcionarios, tras auditor\u00eda a proyecto de minicentral hidroel\u00e9ctrica en Puerto Gaviota, para as\u00ed lograr rebajar las sanciones.<\/em><\/p>\n<p style=\"text-align: justify;\">El senador David Sandoval manifest\u00f3 su preocupaci\u00f3n luego de que, en los \u00faltimos d\u00edas, un medio nacional -radio Biob\u00edo- diera a conocer un informe de la Contralor\u00eda General de la Rep\u00fablica, donde acusa que el Gobierno Regional de Ays\u00e9n, alarg\u00f3 el t\u00e9rmino de un sumario contra ocho de sus funcionarios, tras una auditor\u00eda realizada a un proyecto que buscaba dotar de energ\u00eda el\u00e9ctrica a la localidad de Puerto Gaviota, en la comuna de Cisnes.<\/p>\n<p style=\"text-align: justify;\">Al respecto, el parlamentario dijo que esto da cuenta de una situaci\u00f3n extra\u00f1a y compleja, que debe ser aclarada, considerando que todo surgi\u00f3 precisamente <em>\u201c<\/em>de un mal manejo de recursos de un proyecto que dec\u00eda relaci\u00f3n con dotar de electricidad a la comunidad de Puerto Gaviota, una comunidad que tiene infinidad de dificultades; pescadores que hacen su trabajo con un gran esfuerzo\u201d.<\/p>\n<p style=\"text-align: justify;\">En ese sentido, Sandoval recalc\u00f3 que \u201ctenemos muchos problemas como regi\u00f3n, como para que nuestras autoridades est\u00e9n involucradas en situaciones irregulares\u201d, subrayando que esto debe ser corregido y aclarado por la gobernadora Andrea Mac\u00edas\u201d.<\/p>\n<p style=\"text-align: justify;\">En ese contexto, el legislador indic\u00f3 que la Contralor\u00eda hab\u00eda dispuesto de sanciones para 8 funcionarios del GoreAys\u00e9n, entre ellos, el actual consejero constitucional, Julio \u00d1anco, adem\u00e1s de otro funcionario de la Seremi de Desarrollo Social y Familia. Pero para Sandoval, lo m\u00e1s grave es que el \u00f3rgano contralor observ\u00f3 que \u201cla propia autoridad regional, rebaja las sanciones que se ten\u00edan contempladas, lo que habla de una situaci\u00f3n extra\u00f1a y compleja\u201d, insistiendo en la necesidad de que se aclare la situaci\u00f3n.<\/p>\n<p style=\"text-align: justify;\">Por lo mismo, el legislador enfatiz\u00f3 que \u201cnuestra regi\u00f3n no puede entrar en el juego de las irregularidades, de poner un manto de duda sobre la gesti\u00f3n que deben realizar las autoridades\u201d, reiterando finalmente su llamado a aclarar lo que ha ocurrido en este caso.<\/p>\n<\/div><\/section><\/div><div  style='height:50px' class='hr hr-invisible   avia-builder-el-6  el_after_av_one_full  el_before_av_social_share '><span class='hr-inner ' ><span class='hr-inner-style'><\/span><\/span><\/div><\/p>\n<div  class='av-social-sharing-box  avia-builder-el-7  el_after_av_hr  el_before_av_hr  '><div class='av-share-box'><h5 class='av-share-link-description av-no-toc '>Compartir esta noticia<\/h5><ul class='av-share-box-list noLightbox'><li class='av-share-link av-social-link-facebook' ><a target=\"_blank\" aria-label=\"Compartir en Facebook\" href='https:\/\/www.facebook.com\/sharer.php?u=https:\/\/radiorevelacionfm.cl\/?p=34482&#038;t=Sandoval%20por%20informe%20de%20Contralor%C3%ADa%20contra%20GORE%20Ays%C3%A9n%3A%20%E2%80%9CEsto%20debe%20ser%20aclarado%20por%20la%20gobernadora%20Andrea%20Mac%C3%ADas%E2%80%9D' aria-hidden='false' data-av_icon='\ue8f3' data-av_iconfont='entypo-fontello' title='' data-avia-related-tooltip='Compartir en Facebook' rel=\"noopener\"><span class='avia_hidden_link_text'>Compartir en Facebook<\/span><\/a><\/li><li class='av-share-link av-social-link-twitter' ><a target=\"_blank\" aria-label=\"Compartir en Twitter\" href='https:\/\/twitter.com\/share?text=Sandoval%20por%20informe%20de%20Contralor%C3%ADa%20contra%20GORE%20Ays%C3%A9n%3A%20%E2%80%9CEsto%20debe%20ser%20aclarado%20por%20la%20gobernadora%20Andrea%20Mac%C3%ADas%E2%80%9D&#038;url=https:\/\/radiorevelacionfm.cl\/?p=34482' aria-hidden='false' data-av_icon='\ue8f1' data-av_iconfont='entypo-fontello' title='' data-avia-related-tooltip='Compartir en Twitter' rel=\"noopener\"><span class='avia_hidden_link_text'>Compartir en Twitter<\/span><\/a><\/li><li class='av-share-link av-social-link-whatsapp' ><a target=\"_blank\" aria-label=\"Compartir en Whatsapp\" href='https:\/\/api.whatsapp.com\/send?text=https:\/\/radiorevelacionfm.cl\/?p=34482' aria-hidden='false' data-av_icon='\uf232' data-av_iconfont='entypo-fontello' title='' data-avia-related-tooltip='Compartir en Whatsapp' rel=\"noopener\"><span class='avia_hidden_link_text'>Compartir en Whatsapp<\/span><\/a><\/li><li class='av-share-link av-social-link-linkedin' ><a target=\"_blank\" aria-label=\"Compartir en LinkedIn\" href='https:\/\/linkedin.com\/shareArticle?mini=true&#038;title=Sandoval%20por%20informe%20de%20Contralor%C3%ADa%20contra%20GORE%20Ays%C3%A9n%3A%20%E2%80%9CEsto%20debe%20ser%20aclarado%20por%20la%20gobernadora%20Andrea%20Mac%C3%ADas%E2%80%9D&#038;url=https:\/\/radiorevelacionfm.cl\/?p=34482' aria-hidden='false' data-av_icon='\ue8fc' data-av_iconfont='entypo-fontello' title='' data-avia-related-tooltip='Compartir en LinkedIn' rel=\"noopener\"><span class='avia_hidden_link_text'>Compartir en LinkedIn<\/span><\/a><\/li><li class='av-share-link av-social-link-mail' ><a  aria-label=\"Compartir por correo\" href='mailto:?subject=Sandoval%20por%20informe%20de%20Contralor%C3%ADa%20contra%20GORE%20Ays%C3%A9n%3A%20%E2%80%9CEsto%20debe%20ser%20aclarado%20por%20la%20gobernadora%20Andrea%20Mac%C3%ADas%E2%80%9D&#038;body=https:\/\/radiorevelacionfm.cl\/?p=34482' aria-hidden='false' data-av_icon='\ue805' data-av_iconfont='entypo-fontello' title='' data-avia-related-tooltip='Compartir por correo'><span class='avia_hidden_link_text'>Compartir por correo<\/span><\/a><\/li><\/ul><\/div><\/div>\n<div  style='height:50px' class='hr hr-invisible   avia-builder-el-8  el_after_av_social_share  el_before_av_comments_list '><span class='hr-inner ' ><span class='hr-inner-style'><\/span><\/span><\/div>\n<div  class='av-buildercomment  av-blog-meta-html-info-disabled av-blog-meta-tag-disabled  '><\/div>\n","protected":false},"excerpt":{"rendered":"","protected":false},"author":1,"featured_media":34483,"comment_status":"open","ping_status":"open","sticky":false,"template":"","format":"standard","meta":{"footnotes":""},"categories":[35],"tags":[],"class_list":["post-34482","post","type-post","status-publish","format-standard","has-post-thumbnail","hentry","category-politica"],"jetpack_featured_media_url":"https:\/\/radiorevelacionfm.cl\/wp-content\/uploads\/2023\/08\/senador-sandoval-6-1-2.jpg","_links":{"self":[{"href":"https:\/\/radiorevelacionfm.cl\/index.php?rest_route=\/wp\/v2\/posts\/34482","targetHints":{"allow":["GET"]}}],"collection":[{"href":"https:\/\/radiorevelacionfm.cl\/index.php?rest_route=\/wp\/v2\/posts"}],"about":[{"href":"https:\/\/radiorevelacionfm.cl\/index.php?rest_route=\/wp\/v2\/types\/post"}],"author":[{"embeddable":true,"href":"https:\/\/radiorevelacionfm.cl\/index.php?rest_route=\/wp\/v2\/users\/1"}],"replies":[{"embeddable":true,"href":"https:\/\/radiorevelacionfm.cl\/index.php?rest_route=%2Fwp%2Fv2%2Fcomments&post=34482"}],"version-history":[{"count":1,"href":"https:\/\/radiorevelacionfm.cl\/index.php?rest_route=\/wp\/v2\/posts\/34482\/revisions"}],"predecessor-version":[{"id":34484,"href":"https:\/\/radiorevelacionfm.cl\/index.php?rest_route=\/wp\/v2\/posts\/34482\/revisions\/34484"}],"wp:featuredmedia":[{"embeddable":true,"href":"https:\/\/radiorevelacionfm.cl\/index.php?rest_route=\/wp\/v2\/media\/34483"}],"wp:attachment":[{"href":"https:\/\/radiorevelacionfm.cl\/index.php?rest_route=%2Fwp%2Fv2%2Fmedia&parent=34482"}],"wp:term":[{"taxonomy":"category","embeddable":true,"href":"https:\/\/radiorevelacionfm.cl\/index.php?rest_route=%2Fwp%2Fv2%2Fcategories&post=34482"},{"taxonomy":"post_tag","embeddable":true,"href":"https:\/\/radiorevelacionfm.cl\/index.php?rest_route=%2Fwp%2Fv2%2Ftags&post=34482"}],"curies":[{"name":"wp","href":"https:\/\/api.w.org\/{rel}","templated":true}]}}