{"id":34479,"date":"2023-09-02T21:20:11","date_gmt":"2023-09-03T00:20:11","guid":{"rendered":"https:\/\/radiorevelacionfm.cl\/?p=34479"},"modified":"2023-09-02T21:20:11","modified_gmt":"2023-09-03T00:20:11","slug":"cientificas-comparten-con-escolares-sus-experiencias-haciendo-investigacion-en-terreno","status":"publish","type":"post","link":"https:\/\/radiorevelacionfm.cl\/?p=34479","title":{"rendered":"Cient\u00edficas comparten con escolares sus experiencias haciendo investigaci\u00f3n en terreno"},"content":{"rendered":"<div class=\"flex_column av_one_full  flex_column_div av-zero-column-padding first  avia-builder-el-0  el_before_av_one_full  avia-builder-el-first  \" style='border-radius:0px; '><div  class='avia-image-container  av-styling-    avia-builder-el-1  avia-builder-el-no-sibling  avia-align-center '  itemprop=\"image\" itemscope=\"itemscope\" itemtype=\"https:\/\/schema.org\/ImageObject\"  ><div class='avia-image-container-inner'><div class='avia-image-overlay-wrap'><img decoding=\"async\" class='wp-image-34480 avia-img-lazy-loading-not-34480 avia_image' src=\"https:\/\/radiorevelacionfm.cl\/wp-content\/uploads\/2023\/08\/20230830_111342-1-1_optimized.jpg\" alt='' title='20230830_111342-(1)-(1)_optimized' height=\"600\" width=\"1066\"  itemprop=\"thumbnailUrl\" srcset=\"https:\/\/radiorevelacionfm.cl\/wp-content\/uploads\/2023\/08\/20230830_111342-1-1_optimized.jpg 1066w, https:\/\/radiorevelacionfm.cl\/wp-content\/uploads\/2023\/08\/20230830_111342-1-1_optimized-300x169.jpg 300w, https:\/\/radiorevelacionfm.cl\/wp-content\/uploads\/2023\/08\/20230830_111342-1-1_optimized-1030x580.jpg 1030w, https:\/\/radiorevelacionfm.cl\/wp-content\/uploads\/2023\/08\/20230830_111342-1-1_optimized-768x432.jpg 768w, https:\/\/radiorevelacionfm.cl\/wp-content\/uploads\/2023\/08\/20230830_111342-1-1_optimized-705x397.jpg 705w, https:\/\/radiorevelacionfm.cl\/wp-content\/uploads\/2023\/08\/20230830_111342-1-1_optimized-450x253.jpg 450w, https:\/\/radiorevelacionfm.cl\/wp-content\/uploads\/2023\/08\/20230830_111342-1-1_optimized-600x338.jpg 600w\" sizes=\"(max-width: 1066px) 100vw, 1066px\" \/><\/div><\/div><\/div><\/div><div class=\"flex_column av_one_full  flex_column_div av-zero-column-padding first  avia-builder-el-2  el_after_av_one_full  el_before_av_one_full  column-top-margin\" style='border-radius:0px; '><section class=\"av_textblock_section \"  itemscope=\"itemscope\" itemtype=\"https:\/\/schema.org\/BlogPosting\" itemprop=\"blogPost\" ><div class='avia_textblock  '   itemprop=\"text\" ><p style=\"text-align: center;\"><span style=\"font-size: 18pt;\"><b><span lang=\"es\">Cient\u00edficas comparten con escolares sus experiencias haciendo investigaci\u00f3n en terreno<\/span><\/b><\/span><\/p>\n<div id=\"gtx-trans\" style=\"position: absolute; left: -50px; top: 4.31534px;\">\n<div class=\"gtx-trans-icon\"><\/div>\n<\/div>\n<\/div><\/section><\/div><div class=\"flex_column av_one_full  flex_column_div av-zero-column-padding first  avia-builder-el-4  el_after_av_one_full  el_before_av_hr  column-top-margin\" style='border-radius:0px; '><section class=\"av_textblock_section \"  itemscope=\"itemscope\" itemtype=\"https:\/\/schema.org\/BlogPosting\" itemprop=\"blogPost\" ><div class='avia_textblock  '   itemprop=\"text\" ><p class=\"v1MsoNormal\" style=\"text-align: justify;\"><i><span lang=\"es\">\u00bfQu\u00e9 te motiv\u00f3 a seguir una carrera cient\u00edfica?, \u00bfcu\u00e1les han sido las brechas que has identificado a lo largo de tu trayectoria?, son algunas de las preguntas que respondieron las investigadas invitadas a los conversatorios.<\/span><\/i><\/p>\n<p class=\"v1MsoNormal\" style=\"text-align: justify;\"><span lang=\"es\">Para derribar estereotipos y acercar a las ni\u00f1as a la ciencia, la Seremi de Ciencia, Tecnolog\u00eda, Conocimiento e Innovaci\u00f3n (CTCI), lanz\u00f3 a principios de a\u00f1o la campa\u00f1a audiovisual para redes sociales #MujeresEnTerreno, que tambi\u00e9n considera conversatorios presenciales donde cient\u00edficas y estudiantes de carreras relacionadas a la ciencias, tecnolog\u00edas, ingenier\u00edas y matem\u00e1ticas (STEM por sus siglas en ingl\u00e9s) cuenten sus experiencias realizando ciencia en terreno con el objetivo de motivar a las nuevas generaciones a que sigan sus pasos.<\/span><\/p>\n<p class=\"v1MsoNormal\" style=\"text-align: justify;\"><span lang=\"es\">El primero tuvo lugar en el colegio El Camino a la Fuente de la ciudad de Coyhaique, donde la bi\u00f3loga marina, mag\u00edster en pesquer\u00edas e investigadora del Centro de Investigaci\u00f3n en Ecosistemas de la Patagonia (CIEP), Tania Ponce, habl\u00f3 sobre su motivaci\u00f3n para estudiar una carrera relacionada a las ciencias y la importancia de contar con m\u00e1s mujeres en estas \u00e1reas.<\/span><\/p>\n<p class=\"v1MsoNormal\" style=\"text-align: justify;\"><span lang=\"es\">El segundo conversatorio se realiz\u00f3 en el sal\u00f3n Gabriela Mistral de la Seremi de Educaci\u00f3n en Punta Arenas, donde Magdalena Osorio,\u00a0bioqu\u00edmica e investigadora doctoral del Instituto Milenio BASE, junto a Daniela Haro, bi\u00f3loga marina, doctora en Ciencias e investigadora de la Universidad Santo Tom\u00e1s, compartieron con estudiantes de los Colegios Mar\u00eda Auxiliadora y The British School sus experiencias realizando investigaciones en terreno, los desaf\u00edo a los que se han visto enfrentadas y las brechas de g\u00e9nero existentes en el mundo de las ciencias.<\/span><\/p>\n<p class=\"v1MsoNormal\" style=\"text-align: justify;\"><span lang=\"es\">La seremi de Ciencia, Ver\u00f3nica Vallejos, indic\u00f3 que \u00abcon esta campa\u00f1a, que incluye videos y conversatorios, buscamos que las investigadoras motiven a nuestras ni\u00f1as y adolescentes a seguir carreras STEM, que a trav\u00e9s de sus vivencias trabajando en terreno logren promover la curiosidad, e incentivar la exploraci\u00f3n y el pensamiento cr\u00edtico. Adem\u00e1s, queremos derribar estereotipos ya que durante a\u00f1os las carreras asociadas a las ingenier\u00edas y matem\u00e1ticas han sido masculinizadas, haciendo que nuestras ni\u00f1as se perciban peores en estas disciplinas, y no es as\u00ed. Hay mujeres que han hecho grandes descubrimientos a trav\u00e9s de la historia y queremos visibilizarlas, y con ello incentivar a las nuevas generaciones a que sigan sus pasos para que en el corto plazo se incremente la participaci\u00f3n femenina en el mundo laboral de la investigaci\u00f3n y desarrollo. Necesitamos de todos los talentos\u00bb.<\/span><\/p>\n<p class=\"v1MsoNormal\" style=\"text-align: justify;\"><b><span lang=\"es\">Investigadora Destacada de la Macrozona Austral<\/span><\/b><\/p>\n<p class=\"v1MsoNormal\" style=\"text-align: justify;\"><span lang=\"es\">En el conversatorio realizado en Punta Arenas tambi\u00e9n se entreg\u00f3 un reconocimiento a Daniela Haro D\u00edaz, quien fue elegida por la comunidad como la \u00abInvestigadora Destacada de la Macrozona Austral\u00bb.<\/span><\/p>\n<p class=\"v1MsoNormal\" style=\"text-align: justify;\"><span lang=\"es\">La bi\u00f3loga marina y doctora en Ciencia fue una de las seis mujeres nominadas por las integrantes de la Mesa de G\u00e9nero de CTCI para representar a las regiones de Ays\u00e9n y de Magallanes y de la Ant\u00e1rtica Chilena en la campa\u00f1a\u00a0\u00abLa Ciencia de Chile es con Nosotras\u00bb, impulsada por el MinCiencia y\u00a0que busca visibilizar a mujeres cient\u00edficas j\u00f3venes, destac\u00e1ndolas como referentes para las nuevas generaciones.<\/span><\/p>\n<p class=\"v1MsoNormal\" style=\"text-align: justify;\"><span lang=\"es\">\u00abMe siento muy contenta con este reconocimiento, me motiva a seguir estudiando las ballenas, a seguir generando conocimiento de estas especies y de los ecosistemas \u00fanicos que tenemos en la Patagonia. Estoy profundamente agradecida por el apoyo recibido, s\u00e9 que varias personas en distintas ciudades me ayudaron con la difusi\u00f3n de la Campa\u00f1a y les agradezco mucho\u00bb, expres\u00f3 la investigadora.<\/span><\/p>\n<\/div><\/section><\/div><div  style='height:50px' class='hr hr-invisible   avia-builder-el-6  el_after_av_one_full  el_before_av_social_share '><span class='hr-inner ' ><span class='hr-inner-style'><\/span><\/span><\/div><\/p>\n<div  class='av-social-sharing-box  avia-builder-el-7  el_after_av_hr  el_before_av_hr  '><div class='av-share-box'><h5 class='av-share-link-description av-no-toc '>Compartir esta noticia<\/h5><ul class='av-share-box-list noLightbox'><li class='av-share-link av-social-link-facebook' ><a target=\"_blank\" aria-label=\"Compartir en Facebook\" href='https:\/\/www.facebook.com\/sharer.php?u=https:\/\/radiorevelacionfm.cl\/?p=34479&#038;t=Cient%C3%ADficas%20comparten%20con%20escolares%20sus%20experiencias%20haciendo%20investigaci%C3%B3n%20en%20terreno' aria-hidden='false' data-av_icon='\ue8f3' data-av_iconfont='entypo-fontello' title='' data-avia-related-tooltip='Compartir en Facebook' rel=\"noopener\"><span class='avia_hidden_link_text'>Compartir en Facebook<\/span><\/a><\/li><li class='av-share-link av-social-link-twitter' ><a target=\"_blank\" aria-label=\"Compartir en Twitter\" href='https:\/\/twitter.com\/share?text=Cient%C3%ADficas%20comparten%20con%20escolares%20sus%20experiencias%20haciendo%20investigaci%C3%B3n%20en%20terreno&#038;url=https:\/\/radiorevelacionfm.cl\/?p=34479' aria-hidden='false' data-av_icon='\ue8f1' data-av_iconfont='entypo-fontello' title='' data-avia-related-tooltip='Compartir en Twitter' rel=\"noopener\"><span class='avia_hidden_link_text'>Compartir en Twitter<\/span><\/a><\/li><li class='av-share-link av-social-link-whatsapp' ><a target=\"_blank\" aria-label=\"Compartir en Whatsapp\" href='https:\/\/api.whatsapp.com\/send?text=https:\/\/radiorevelacionfm.cl\/?p=34479' aria-hidden='false' data-av_icon='\uf232' data-av_iconfont='entypo-fontello' title='' data-avia-related-tooltip='Compartir en Whatsapp' rel=\"noopener\"><span class='avia_hidden_link_text'>Compartir en Whatsapp<\/span><\/a><\/li><li class='av-share-link av-social-link-linkedin' ><a target=\"_blank\" aria-label=\"Compartir en LinkedIn\" href='https:\/\/linkedin.com\/shareArticle?mini=true&#038;title=Cient%C3%ADficas%20comparten%20con%20escolares%20sus%20experiencias%20haciendo%20investigaci%C3%B3n%20en%20terreno&#038;url=https:\/\/radiorevelacionfm.cl\/?p=34479' aria-hidden='false' data-av_icon='\ue8fc' data-av_iconfont='entypo-fontello' title='' data-avia-related-tooltip='Compartir en LinkedIn' rel=\"noopener\"><span class='avia_hidden_link_text'>Compartir en LinkedIn<\/span><\/a><\/li><li class='av-share-link av-social-link-mail' ><a  aria-label=\"Compartir por correo\" href='mailto:?subject=Cient%C3%ADficas%20comparten%20con%20escolares%20sus%20experiencias%20haciendo%20investigaci%C3%B3n%20en%20terreno&#038;body=https:\/\/radiorevelacionfm.cl\/?p=34479' aria-hidden='false' data-av_icon='\ue805' data-av_iconfont='entypo-fontello' title='' data-avia-related-tooltip='Compartir por correo'><span class='avia_hidden_link_text'>Compartir por correo<\/span><\/a><\/li><\/ul><\/div><\/div>\n<div  style='height:50px' class='hr hr-invisible   avia-builder-el-8  el_after_av_social_share  el_before_av_comments_list '><span class='hr-inner ' ><span class='hr-inner-style'><\/span><\/span><\/div>\n<div  class='av-buildercomment  av-blog-meta-html-info-disabled av-blog-meta-tag-disabled  '><\/div>\n","protected":false},"excerpt":{"rendered":"","protected":false},"author":1,"featured_media":34480,"comment_status":"open","ping_status":"open","sticky":false,"template":"","format":"standard","meta":{"footnotes":""},"categories":[53],"tags":[],"class_list":["post-34479","post","type-post","status-publish","format-standard","has-post-thumbnail","hentry","category-ciencia"],"jetpack_featured_media_url":"https:\/\/radiorevelacionfm.cl\/wp-content\/uploads\/2023\/08\/20230830_111342-1-1_optimized.jpg","_links":{"self":[{"href":"https:\/\/radiorevelacionfm.cl\/index.php?rest_route=\/wp\/v2\/posts\/34479","targetHints":{"allow":["GET"]}}],"collection":[{"href":"https:\/\/radiorevelacionfm.cl\/index.php?rest_route=\/wp\/v2\/posts"}],"about":[{"href":"https:\/\/radiorevelacionfm.cl\/index.php?rest_route=\/wp\/v2\/types\/post"}],"author":[{"embeddable":true,"href":"https:\/\/radiorevelacionfm.cl\/index.php?rest_route=\/wp\/v2\/users\/1"}],"replies":[{"embeddable":true,"href":"https:\/\/radiorevelacionfm.cl\/index.php?rest_route=%2Fwp%2Fv2%2Fcomments&post=34479"}],"version-history":[{"count":1,"href":"https:\/\/radiorevelacionfm.cl\/index.php?rest_route=\/wp\/v2\/posts\/34479\/revisions"}],"predecessor-version":[{"id":34481,"href":"https:\/\/radiorevelacionfm.cl\/index.php?rest_route=\/wp\/v2\/posts\/34479\/revisions\/34481"}],"wp:featuredmedia":[{"embeddable":true,"href":"https:\/\/radiorevelacionfm.cl\/index.php?rest_route=\/wp\/v2\/media\/34480"}],"wp:attachment":[{"href":"https:\/\/radiorevelacionfm.cl\/index.php?rest_route=%2Fwp%2Fv2%2Fmedia&parent=34479"}],"wp:term":[{"taxonomy":"category","embeddable":true,"href":"https:\/\/radiorevelacionfm.cl\/index.php?rest_route=%2Fwp%2Fv2%2Fcategories&post=34479"},{"taxonomy":"post_tag","embeddable":true,"href":"https:\/\/radiorevelacionfm.cl\/index.php?rest_route=%2Fwp%2Fv2%2Ftags&post=34479"}],"curies":[{"name":"wp","href":"https:\/\/api.w.org\/{rel}","templated":true}]}}