{"id":34476,"date":"2023-08-31T17:33:30","date_gmt":"2023-08-31T20:33:30","guid":{"rendered":"https:\/\/radiorevelacionfm.cl\/?p=34476"},"modified":"2023-08-31T17:33:30","modified_gmt":"2023-08-31T20:33:30","slug":"dirigentes-as-de-villa-amengual-valoraron-encuentro-organizado-por-el-ministerio-de-vivienda","status":"publish","type":"post","link":"https:\/\/radiorevelacionfm.cl\/?p=34476","title":{"rendered":"Dirigentes\/as de Villa Amengual valoraron encuentro organizado por el Ministerio de Vivienda"},"content":{"rendered":"<div class=\"flex_column av_one_full  flex_column_div av-zero-column-padding first  avia-builder-el-0  el_before_av_one_full  avia-builder-el-first  \" style='border-radius:0px; '><div  class='avia-image-container  av-styling-    avia-builder-el-1  avia-builder-el-no-sibling  avia-align-center '  itemprop=\"image\" itemscope=\"itemscope\" itemtype=\"https:\/\/schema.org\/ImageObject\"  ><div class='avia-image-container-inner'><div class='avia-image-overlay-wrap'><img decoding=\"async\" class='wp-image-34477 avia-img-lazy-loading-not-34477 avia_image' src=\"https:\/\/radiorevelacionfm.cl\/wp-content\/uploads\/2023\/08\/foto-grupo-autoridades-y-dirigentes-de-villa-amengual-en-encuentro-organizado-por-el-minvu-1_optimized.jpg\" alt='' title='foto-grupo-autoridades-y-dirigentes-de-villa-amengual-en-encuentro-organizado-por-el-minvu-(1)_optimized' height=\"600\" width=\"927\"  itemprop=\"thumbnailUrl\" srcset=\"https:\/\/radiorevelacionfm.cl\/wp-content\/uploads\/2023\/08\/foto-grupo-autoridades-y-dirigentes-de-villa-amengual-en-encuentro-organizado-por-el-minvu-1_optimized.jpg 927w, https:\/\/radiorevelacionfm.cl\/wp-content\/uploads\/2023\/08\/foto-grupo-autoridades-y-dirigentes-de-villa-amengual-en-encuentro-organizado-por-el-minvu-1_optimized-300x194.jpg 300w, https:\/\/radiorevelacionfm.cl\/wp-content\/uploads\/2023\/08\/foto-grupo-autoridades-y-dirigentes-de-villa-amengual-en-encuentro-organizado-por-el-minvu-1_optimized-768x497.jpg 768w, https:\/\/radiorevelacionfm.cl\/wp-content\/uploads\/2023\/08\/foto-grupo-autoridades-y-dirigentes-de-villa-amengual-en-encuentro-organizado-por-el-minvu-1_optimized-705x456.jpg 705w, https:\/\/radiorevelacionfm.cl\/wp-content\/uploads\/2023\/08\/foto-grupo-autoridades-y-dirigentes-de-villa-amengual-en-encuentro-organizado-por-el-minvu-1_optimized-450x291.jpg 450w, https:\/\/radiorevelacionfm.cl\/wp-content\/uploads\/2023\/08\/foto-grupo-autoridades-y-dirigentes-de-villa-amengual-en-encuentro-organizado-por-el-minvu-1_optimized-600x388.jpg 600w\" sizes=\"(max-width: 927px) 100vw, 927px\" \/><\/div><\/div><\/div><\/div><div class=\"flex_column av_one_full  flex_column_div av-zero-column-padding first  avia-builder-el-2  el_after_av_one_full  el_before_av_one_full  column-top-margin\" style='border-radius:0px; '><section class=\"av_textblock_section \"  itemscope=\"itemscope\" itemtype=\"https:\/\/schema.org\/BlogPosting\" itemprop=\"blogPost\" ><div class='avia_textblock  '   itemprop=\"text\" ><p style=\"text-align: center;\"><span style=\"font-size: 18pt;\"><strong>Dirigentes\/as de Villa Amengual valoraron encuentro organizado por el Ministerio de Vivienda<\/strong><\/span><\/p>\n<div id=\"gtx-trans\" style=\"position: absolute; left: -50px; top: 4.31534px;\">\n<div class=\"gtx-trans-icon\"><\/div>\n<\/div>\n<\/div><\/section><\/div><div class=\"flex_column av_one_full  flex_column_div av-zero-column-padding first  avia-builder-el-4  el_after_av_one_full  el_before_av_hr  column-top-margin\" style='border-radius:0px; '><section class=\"av_textblock_section \"  itemscope=\"itemscope\" itemtype=\"https:\/\/schema.org\/BlogPosting\" itemprop=\"blogPost\" ><div class='avia_textblock  '   itemprop=\"text\" ><p style=\"text-align: justify;\">Como \u201cmuy productiva y necesaria\u201d fue calificada por los participantes la reciente actividad desarrollada por el Ministerio de Vivienda y Urbanismo (Minvu) en la localidad de Villa Amengual, comuna de Lago Verde, la que tuvo como finalidad dialogar y homenajear a los y las dirigentes\/as de diferentes organizaciones comunitarias. El encuentro cont\u00f3 con una alta participaci\u00f3n y se desarroll\u00f3 en el marco del \u201cMes de la Dirigencia y los Liderazgos comunitarios\u201d, en conjunto con el Programa para Peque\u00f1as Localidades del Minvu.<\/p>\n<p style=\"text-align: justify;\">La actividad estuvo encabezada por la Seremi de Vivienda, Paulina Ruz, quien precis\u00f3 que la idea fue relevar el rol de las dirigencias no solo en el \u00e1mbito de la vivienda, sino que tambi\u00e9n desde otras organizaciones, como bomberos, centros de madres, clubes deportivos, grupos folcl\u00f3ricos, centro de padres y apoderados, entre otros. \u201cFue una instancia muy bonita de trabajo, muy provechosa. Tambi\u00e9n entregamos reconocimientos, ya que entendemos que a los dirigentes hay que reconocerlos, respetarlos y escucharlos, porque lo que tienen que decir como puente entre los ciudadanos, la comunidad y las autoridades es important\u00edsimo, algo fundamental para lograr el crecimiento de las ciudades y de las localidades. Nosotros seguimos comprometidos, trabajando y ya coordinamos visitas posteriores para entregar informaci\u00f3n en cuanto a Vivienda y sobre todo respecto de lo que hemos hecho en el marco de nuestro Plan de Emergencia Habitacional, donde tambi\u00e9n estamos presentes en Villa Amengual\u201d, indic\u00f3.<\/p>\n<p style=\"text-align: justify;\">Una de las participantes fue la dirigenta Ida Bulher, quien desde hace varios a\u00f1os dedica buena parte de su tiempo a dirigir y apoyar a las organizaciones de su comunidad. \u201cMe parece muy importante, porque de verdad es tan lindo que a uno le reconozcan lo que hace. Yo trabajo con varias instituciones, soy presidenta del grupo folcl\u00f3rico, tesorera del Comit\u00e9 Campesino, presidenta del comit\u00e9 de Vivienda. Me gusta trabajar con la comunidad, con la gente, lo hago porque me gusta, me siento bien, c\u00f3moda trabajando con ellos, as\u00ed que por eso sigo siempre con lo que estoy haciendo\u201d, manifest\u00f3.<\/p>\n<p style=\"text-align: justify;\">Similares palabras tuvo el Presidente de la Asociaci\u00f3n Gremial de Turismo de Villa Amengual, Mauricio Guiza, quien dijo que se trata de espacios de acercamiento muy enriquecedores y productivos, sobre todo si hay reconocimiento a los dirigentes por parte sus pares y de las autoridades. \u201cEl di\u00e1logo es algo necesario para estas comunidades, creo que beneficia enormemente el desarrollo, la colaboraci\u00f3n entre los mismos participantes de las organizaciones y con respecto a la labor del Dirigente es algo necesario para que se sigan desarrollando proyectos, impulsando el desarrollo de las diversas localidades\u201d, se\u00f1al\u00f3.<\/p>\n<p style=\"text-align: justify;\">Otro de los participantes fue el concejal Raul Becerra, quien enfatiz\u00f3 en la necesidad de mantener la presencia de las autoridades en toda la regi\u00f3n, sobre todo cuando el tema central es la labor de los dirigentes. \u201cEl Gobierno en terreno es siempre muy importante, ya que as\u00ed se logran los grandes objetivos para las comunidades. Por eso es relevante reconocer hoy a aquellos dirigentes que nos representan, nosotros desde el Municipio y desde el Concejo trabajamos mucho con ellos, ya que el territorio no crece en funci\u00f3n de las jefaturas sino de su gente y por eso estamos avanzando muy de la mano. A veces cuesta un poco porque tenemos visiones diferentes de un mismo objetivo, pero ah\u00ed es donde es importante el di\u00e1logo, como el que tuvimos hoy ac\u00e1 en Villa Amengual\u201d, afirm\u00f3.<\/p>\n<p style=\"text-align: justify;\">En el marco de esta actividad se abordaron adem\u00e1s diversos temas de inter\u00e9s para los vecinos y vecinas, incluyendo la presentaci\u00f3n general del trabajo que se est\u00e1 planificando en el marco del Programa para Peque\u00f1as Localidades del Minvu, el cual se empez\u00f3 a aplicar desde el a\u00f1o pasado en la comuna de Lago Verde, contemplando actividades y proyectos tanto para Lago Verde como para Villa Amengual y Villa La Tapera.<\/p>\n<\/div><\/section><\/div><div  style='height:50px' class='hr hr-invisible   avia-builder-el-6  el_after_av_one_full  el_before_av_social_share '><span class='hr-inner ' ><span class='hr-inner-style'><\/span><\/span><\/div><\/p>\n<div  class='av-social-sharing-box  avia-builder-el-7  el_after_av_hr  el_before_av_hr  '><div class='av-share-box'><h5 class='av-share-link-description av-no-toc '>Compartir esta noticia<\/h5><ul class='av-share-box-list noLightbox'><li class='av-share-link av-social-link-facebook' ><a target=\"_blank\" aria-label=\"Compartir en Facebook\" href='https:\/\/www.facebook.com\/sharer.php?u=https:\/\/radiorevelacionfm.cl\/?p=34476&#038;t=Dirigentes%2Fas%20de%20Villa%20Amengual%20valoraron%20encuentro%20organizado%20por%20el%20Ministerio%20de%20Vivienda' aria-hidden='false' data-av_icon='\ue8f3' data-av_iconfont='entypo-fontello' title='' data-avia-related-tooltip='Compartir en Facebook' rel=\"noopener\"><span class='avia_hidden_link_text'>Compartir en Facebook<\/span><\/a><\/li><li class='av-share-link av-social-link-twitter' ><a target=\"_blank\" aria-label=\"Compartir en Twitter\" href='https:\/\/twitter.com\/share?text=Dirigentes%2Fas%20de%20Villa%20Amengual%20valoraron%20encuentro%20organizado%20por%20el%20Ministerio%20de%20Vivienda&#038;url=https:\/\/radiorevelacionfm.cl\/?p=34476' aria-hidden='false' data-av_icon='\ue8f1' data-av_iconfont='entypo-fontello' title='' data-avia-related-tooltip='Compartir en Twitter' rel=\"noopener\"><span class='avia_hidden_link_text'>Compartir en Twitter<\/span><\/a><\/li><li class='av-share-link av-social-link-whatsapp' ><a target=\"_blank\" aria-label=\"Compartir en Whatsapp\" href='https:\/\/api.whatsapp.com\/send?text=https:\/\/radiorevelacionfm.cl\/?p=34476' aria-hidden='false' data-av_icon='\uf232' data-av_iconfont='entypo-fontello' title='' data-avia-related-tooltip='Compartir en Whatsapp' rel=\"noopener\"><span class='avia_hidden_link_text'>Compartir en Whatsapp<\/span><\/a><\/li><li class='av-share-link av-social-link-linkedin' ><a target=\"_blank\" aria-label=\"Compartir en LinkedIn\" href='https:\/\/linkedin.com\/shareArticle?mini=true&#038;title=Dirigentes%2Fas%20de%20Villa%20Amengual%20valoraron%20encuentro%20organizado%20por%20el%20Ministerio%20de%20Vivienda&#038;url=https:\/\/radiorevelacionfm.cl\/?p=34476' aria-hidden='false' data-av_icon='\ue8fc' data-av_iconfont='entypo-fontello' title='' data-avia-related-tooltip='Compartir en LinkedIn' rel=\"noopener\"><span class='avia_hidden_link_text'>Compartir en LinkedIn<\/span><\/a><\/li><li class='av-share-link av-social-link-mail' ><a  aria-label=\"Compartir por correo\" href='mailto:?subject=Dirigentes%2Fas%20de%20Villa%20Amengual%20valoraron%20encuentro%20organizado%20por%20el%20Ministerio%20de%20Vivienda&#038;body=https:\/\/radiorevelacionfm.cl\/?p=34476' aria-hidden='false' data-av_icon='\ue805' data-av_iconfont='entypo-fontello' title='' data-avia-related-tooltip='Compartir por correo'><span class='avia_hidden_link_text'>Compartir por correo<\/span><\/a><\/li><\/ul><\/div><\/div>\n<div  style='height:50px' class='hr hr-invisible   avia-builder-el-8  el_after_av_social_share  el_before_av_comments_list '><span class='hr-inner ' ><span class='hr-inner-style'><\/span><\/span><\/div>\n<div  class='av-buildercomment  av-blog-meta-html-info-disabled av-blog-meta-tag-disabled  '><\/div>\n","protected":false},"excerpt":{"rendered":"","protected":false},"author":1,"featured_media":34477,"comment_status":"open","ping_status":"open","sticky":false,"template":"","format":"standard","meta":{"footnotes":""},"categories":[57],"tags":[],"class_list":["post-34476","post","type-post","status-publish","format-standard","has-post-thumbnail","hentry","category-vivienda"],"jetpack_featured_media_url":"https:\/\/radiorevelacionfm.cl\/wp-content\/uploads\/2023\/08\/foto-grupo-autoridades-y-dirigentes-de-villa-amengual-en-encuentro-organizado-por-el-minvu-1_optimized.jpg","_links":{"self":[{"href":"https:\/\/radiorevelacionfm.cl\/index.php?rest_route=\/wp\/v2\/posts\/34476","targetHints":{"allow":["GET"]}}],"collection":[{"href":"https:\/\/radiorevelacionfm.cl\/index.php?rest_route=\/wp\/v2\/posts"}],"about":[{"href":"https:\/\/radiorevelacionfm.cl\/index.php?rest_route=\/wp\/v2\/types\/post"}],"author":[{"embeddable":true,"href":"https:\/\/radiorevelacionfm.cl\/index.php?rest_route=\/wp\/v2\/users\/1"}],"replies":[{"embeddable":true,"href":"https:\/\/radiorevelacionfm.cl\/index.php?rest_route=%2Fwp%2Fv2%2Fcomments&post=34476"}],"version-history":[{"count":1,"href":"https:\/\/radiorevelacionfm.cl\/index.php?rest_route=\/wp\/v2\/posts\/34476\/revisions"}],"predecessor-version":[{"id":34478,"href":"https:\/\/radiorevelacionfm.cl\/index.php?rest_route=\/wp\/v2\/posts\/34476\/revisions\/34478"}],"wp:featuredmedia":[{"embeddable":true,"href":"https:\/\/radiorevelacionfm.cl\/index.php?rest_route=\/wp\/v2\/media\/34477"}],"wp:attachment":[{"href":"https:\/\/radiorevelacionfm.cl\/index.php?rest_route=%2Fwp%2Fv2%2Fmedia&parent=34476"}],"wp:term":[{"taxonomy":"category","embeddable":true,"href":"https:\/\/radiorevelacionfm.cl\/index.php?rest_route=%2Fwp%2Fv2%2Fcategories&post=34476"},{"taxonomy":"post_tag","embeddable":true,"href":"https:\/\/radiorevelacionfm.cl\/index.php?rest_route=%2Fwp%2Fv2%2Ftags&post=34476"}],"curies":[{"name":"wp","href":"https:\/\/api.w.org\/{rel}","templated":true}]}}