{"id":34473,"date":"2023-08-31T21:52:46","date_gmt":"2023-09-01T00:52:46","guid":{"rendered":"https:\/\/radiorevelacionfm.cl\/?p=34473"},"modified":"2023-08-31T21:52:46","modified_gmt":"2023-09-01T00:52:46","slug":"mineduc-premio-a-estudiantes-booktubers-de-la-region","status":"publish","type":"post","link":"https:\/\/radiorevelacionfm.cl\/?p=34473","title":{"rendered":"Mineduc premi\u00f3 a estudiantes Booktubers de la regi\u00f3n"},"content":{"rendered":"<div class=\"flex_column av_one_full  flex_column_div av-zero-column-padding first  avia-builder-el-0  el_before_av_one_full  avia-builder-el-first  \" style='border-radius:0px; '><div  class='avia-image-container  av-styling-    avia-builder-el-1  avia-builder-el-no-sibling  avia-align-center '  itemprop=\"image\" itemscope=\"itemscope\" itemtype=\"https:\/\/schema.org\/ImageObject\"  ><div class='avia-image-container-inner'><div class='avia-image-overlay-wrap'><img decoding=\"async\" class='wp-image-34474 avia-img-lazy-loading-not-34474 avia_image' src=\"https:\/\/radiorevelacionfm.cl\/wp-content\/uploads\/2023\/08\/booktuber-4_optimized.jpg\" alt='' title='booktuber-4_optimized' height=\"605\" width=\"807\"  itemprop=\"thumbnailUrl\" srcset=\"https:\/\/radiorevelacionfm.cl\/wp-content\/uploads\/2023\/08\/booktuber-4_optimized.jpg 807w, https:\/\/radiorevelacionfm.cl\/wp-content\/uploads\/2023\/08\/booktuber-4_optimized-300x225.jpg 300w, https:\/\/radiorevelacionfm.cl\/wp-content\/uploads\/2023\/08\/booktuber-4_optimized-768x576.jpg 768w, https:\/\/radiorevelacionfm.cl\/wp-content\/uploads\/2023\/08\/booktuber-4_optimized-705x529.jpg 705w, https:\/\/radiorevelacionfm.cl\/wp-content\/uploads\/2023\/08\/booktuber-4_optimized-450x337.jpg 450w, https:\/\/radiorevelacionfm.cl\/wp-content\/uploads\/2023\/08\/booktuber-4_optimized-600x450.jpg 600w\" sizes=\"(max-width: 807px) 100vw, 807px\" \/><\/div><\/div><\/div><\/div><div class=\"flex_column av_one_full  flex_column_div av-zero-column-padding first  avia-builder-el-2  el_after_av_one_full  el_before_av_one_full  column-top-margin\" style='border-radius:0px; '><section class=\"av_textblock_section \"  itemscope=\"itemscope\" itemtype=\"https:\/\/schema.org\/BlogPosting\" itemprop=\"blogPost\" ><div class='avia_textblock  '   itemprop=\"text\" ><p style=\"text-align: center;\"><span style=\"font-size: 18pt;\"><b>Mineduc premi\u00f3 a estudiantes Booktubers de la regi\u00f3n<\/b><\/span><\/p>\n<div id=\"gtx-trans\" style=\"position: absolute; left: -50px; top: 4.31534px;\">\n<div class=\"gtx-trans-icon\"><\/div>\n<\/div>\n<\/div><\/section><\/div><div class=\"flex_column av_one_full  flex_column_div av-zero-column-padding first  avia-builder-el-4  el_after_av_one_full  el_before_av_hr  column-top-margin\" style='border-radius:0px; '><section class=\"av_textblock_section \"  itemscope=\"itemscope\" itemtype=\"https:\/\/schema.org\/BlogPosting\" itemprop=\"blogPost\" ><div class='avia_textblock  '   itemprop=\"text\" ><p class=\"v1MsoNormal\" style=\"text-align: justify;\">Por tercer a\u00f1o consecutivo, el Centro de Lectura y Biblioteca Escolar -CRA del Ministerio de Educaci\u00f3n impulsaron el concurso Booktoubers versi\u00f3n 2023, que por primera vez se premia a nivel regional, los concursos anteriores eran nacionales.<\/p>\n<p class=\"v1MsoNormal\" style=\"text-align: justify;\">En la ceremonia estuvieron presentes las y los estudiantes destacados, las encargadas del CRA de los cada establecimientos, apoderados y familia de los ni\u00f1os, ni\u00f1as y adolescentes premiados.<\/p>\n<p class=\"v1MsoNormal\" style=\"text-align: justify;\">La instancia tuvo un momento muy especial al disfrutar distintos cuenta cuentos a cargo de la profesora Cindy Becker, y un conversatorio con ella como escritora y el escritor Jos\u00e9 Francisco Mu\u00f1oz.<\/p>\n<p class=\"v1MsoNormal\" style=\"text-align: justify;\">El concurso Booktoubers es una iniciativa de lectura y escritura en la cual los y las estudiantes protagonistas rese\u00f1an sus lecturas favoritas de la Biblioteca Escolar CRA, por medio de un video publicado en el canal de You Tube, que debe crear cada establecimiento escolar.<\/p>\n<p class=\"v1MsoNormal\" style=\"text-align: justify;\">Al respecto, la seremi de Educaci\u00f3n de Ays\u00e9n Isabel Garrido destac\u00f3 que \u201cLa convocatoria de este a\u00f1o 2023 se enmarca en los lineamientos del Plan de Reactivaci\u00f3n Educativa y la necesidad de fortalecer aprendizajes socioemocionales, incentivando a que las rese\u00f1as aborden tem\u00e1ticas como las relaciones interpersonales, memoria y convivencia. Todos estos aspectos se recogen bajo el lema\u00a0\u00abLeer para compartir y habitar el mundo\u00bb.<\/p>\n<p class=\"v1MsoNormal\" style=\"text-align: justify;\">Dentro de las novedades del proceso se encuentra el car\u00e1cter regional, donde se destacaron 128 estudiantes a nivel nacional (8 por regi\u00f3n), aumentando en 16 veces la entrega de colecciones impresas de libros a cada estudiante seleccionado y\u00a0 a las comunidades estudiantiles de los establecimientos con dependencia municipal y particular subvencionado.<\/p>\n<p class=\"v1MsoNormal\" style=\"text-align: justify;\"><strong>Resultaron ganadores las y los siguientes estudiantes:<\/strong><\/p>\n<p class=\"v1MsoNormal\" style=\"text-align: justify;\">Primera Categor\u00eda (NT1 a 2\u00b0 b\u00e1sico)<\/p>\n<p class=\"v1MsoNormal\" style=\"text-align: justify;\">Amaral V\u00e1squez del Liceo Bicentenario Rural Cerro Castillo<\/p>\n<p class=\"v1MsoNormal\" style=\"text-align: justify;\">Elizabeth Guerrero de la Escuela Litoral Austral de Puerto Ays\u00e9n<\/p>\n<p class=\"v1MsoNormal\" style=\"text-align: justify;\">Segunda Categor\u00eda (3\u00b0 a 6\u00b0 b\u00e1sico)<\/p>\n<p class=\"v1MsoNormal\" style=\"text-align: justify;\">Catalina Hern\u00e1ndez de la Escuela Litoral Austral<\/p>\n<p class=\"v1MsoNormal\" style=\"text-align: justify;\">\u00c1ngel Oliva de la Escuela Litoral Austral<\/p>\n<p class=\"v1MsoNormal\" style=\"text-align: justify;\">Tercera Categor\u00eda (7\u00b0 a 1\u00b0 m\u00e9dio)<\/p>\n<p class=\"v1MsoNormal\" style=\"text-align: justify;\">Catalina Hern\u00e1ndez del Liceo Bicentenario Altos del Mackay<\/p>\n<p class=\"v1MsoNormal\" style=\"text-align: justify;\">Reichell Manr\u00edquez del Liceo Bicentenario Altos del Mackay<\/p>\n<p class=\"v1MsoNormal\" style=\"text-align: justify;\">Cuarta Categor\u00eda (2\u00b0 a 4\u00b0 medio)<\/p>\n<p class=\"v1MsoNormal\" style=\"text-align: justify;\">Catalina Aros del Liceo Bicentenario Altos del Mackay<\/p>\n<p class=\"v1MsoNormal\" style=\"text-align: justify;\">Mirta Ni\u00f1o del Liceo Bicentenario Altos del Mackay<\/p>\n<p class=\"v1MsoNormal\" style=\"text-align: justify;\"><b>\u00a0<\/b><\/p>\n<p class=\"v1MsoNormal\" style=\"text-align: justify;\"><b>Reacciones<\/b><\/p>\n<p class=\"v1MsoNormal\" style=\"text-align: justify;\">Mirta Constanza Ni\u00f1o Astete alumna del 3\u00b0 A\u00f1o Medio B del Liceo Bicentenario Altos del Mackay de Coyhaique expres\u00f3 \u201cCuando me invitaron a participar en el concurso, no sab\u00eda que libro elegir porque son tantos los que me gustan, pero decid\u00ed elegir un libro del plan lector que no es tan querido y apreciado. por mis compa\u00f1eros y mostrarles que s\u00ed es un buen libro \u201cMarianella\u201d nos puede ense\u00f1ar cosas en forma entretenida. El libro que eleg\u00ed es un libro corto que da una imagen del mundo. Para mi fue muy importante participar, conocer a otros estudiantes, m\u00e1s peque\u00f1os que yo, a quienes tambi\u00e9n les gusta la lectura y que tienen ese tremendo entusiasmo para participar en c\u00e1mara y compartir lo que leen. Estoy muy feliz y espero que esta iniciativa se repita para que m\u00e1s ni\u00f1os puedan expresar lo que sienten cuando leen y m\u00e1s ni\u00f1os se sumen al placer de leer\u201d.<\/p>\n<p class=\"v1MsoNormal\" style=\"text-align: justify;\">Estefan\u00eda Villanueva, Coordinadora Biblioteca Escolar CRA de la Escuela Litoral Austral de Puerto Ays\u00e9n coment\u00f3. \u201cPara nosotros esta experiencia fue s\u00faper linda y el acompa\u00f1amiento que hicimos como colegio junto a los apoderados ayud\u00f3 a que nuestros estudiantes sean premiados. Por ello les agradecemos especialmente a las familias de nuestros estudiantes porque es al interior de las familias donde se cultiva y contagia el gusto por la lectura. y en el establecimiento algunas herramientas para desarrollar y encauzar ese gusto por la lectura\u201d.<\/p>\n<p class=\"v1MsoNormal\" style=\"text-align: justify;\">En tanto, la Coordinadora Regional de Bibliotecas Escolares CRA, Nuria Gracia Avellaneda destac\u00f3 el hecho de que este a\u00f1o se haya regionalizado la selecci\u00f3n de los videos.<\/p>\n<p class=\"v1MsoNormal\" style=\"text-align: justify;\">\u201cHa sido una experiencia maravillosa porque recibimos 95 videos desde distintas comunas y localidades, desde Repollal en la comuna de Guaitecas en el norte de la regi\u00f3n hasta las localidades de la zona sur y por ello quisimos compartir en esta hermosa ceremonia, donde estuvo presente una cuenta cuentos regional, hubo m\u00fasica, todo preparado para que las ni\u00f1as y los ni\u00f1os cuyos videos fueron seleccionados, es importante que vean las m\u00faltiples expresiones art\u00edsticas a las que los puede llevar la lectura, la escritura y comunicaci\u00f3n integral\u201d.<\/p>\n<\/div><\/section><\/div><div  style='height:50px' class='hr hr-invisible   avia-builder-el-6  el_after_av_one_full  el_before_av_social_share '><span class='hr-inner ' ><span class='hr-inner-style'><\/span><\/span><\/div><\/p>\n<div  class='av-social-sharing-box  avia-builder-el-7  el_after_av_hr  el_before_av_hr  '><div class='av-share-box'><h5 class='av-share-link-description av-no-toc '>Compartir esta noticia<\/h5><ul class='av-share-box-list noLightbox'><li class='av-share-link av-social-link-facebook' ><a target=\"_blank\" aria-label=\"Compartir en Facebook\" href='https:\/\/www.facebook.com\/sharer.php?u=https:\/\/radiorevelacionfm.cl\/?p=34473&#038;t=Mineduc%20premi%C3%B3%20a%20estudiantes%20Booktubers%20de%20la%20regi%C3%B3n' aria-hidden='false' data-av_icon='\ue8f3' data-av_iconfont='entypo-fontello' title='' data-avia-related-tooltip='Compartir en Facebook' rel=\"noopener\"><span class='avia_hidden_link_text'>Compartir en Facebook<\/span><\/a><\/li><li class='av-share-link av-social-link-twitter' ><a target=\"_blank\" aria-label=\"Compartir en Twitter\" href='https:\/\/twitter.com\/share?text=Mineduc%20premi%C3%B3%20a%20estudiantes%20Booktubers%20de%20la%20regi%C3%B3n&#038;url=https:\/\/radiorevelacionfm.cl\/?p=34473' aria-hidden='false' data-av_icon='\ue8f1' data-av_iconfont='entypo-fontello' title='' data-avia-related-tooltip='Compartir en Twitter' rel=\"noopener\"><span class='avia_hidden_link_text'>Compartir en Twitter<\/span><\/a><\/li><li class='av-share-link av-social-link-whatsapp' ><a target=\"_blank\" aria-label=\"Compartir en Whatsapp\" href='https:\/\/api.whatsapp.com\/send?text=https:\/\/radiorevelacionfm.cl\/?p=34473' aria-hidden='false' data-av_icon='\uf232' data-av_iconfont='entypo-fontello' title='' data-avia-related-tooltip='Compartir en Whatsapp' rel=\"noopener\"><span class='avia_hidden_link_text'>Compartir en Whatsapp<\/span><\/a><\/li><li class='av-share-link av-social-link-linkedin' ><a target=\"_blank\" aria-label=\"Compartir en LinkedIn\" href='https:\/\/linkedin.com\/shareArticle?mini=true&#038;title=Mineduc%20premi%C3%B3%20a%20estudiantes%20Booktubers%20de%20la%20regi%C3%B3n&#038;url=https:\/\/radiorevelacionfm.cl\/?p=34473' aria-hidden='false' data-av_icon='\ue8fc' data-av_iconfont='entypo-fontello' title='' data-avia-related-tooltip='Compartir en LinkedIn' rel=\"noopener\"><span class='avia_hidden_link_text'>Compartir en LinkedIn<\/span><\/a><\/li><li class='av-share-link av-social-link-mail' ><a  aria-label=\"Compartir por correo\" href='mailto:?subject=Mineduc%20premi%C3%B3%20a%20estudiantes%20Booktubers%20de%20la%20regi%C3%B3n&#038;body=https:\/\/radiorevelacionfm.cl\/?p=34473' aria-hidden='false' data-av_icon='\ue805' data-av_iconfont='entypo-fontello' title='' data-avia-related-tooltip='Compartir por correo'><span class='avia_hidden_link_text'>Compartir por correo<\/span><\/a><\/li><\/ul><\/div><\/div>\n<div  style='height:50px' class='hr hr-invisible   avia-builder-el-8  el_after_av_social_share  el_before_av_comments_list '><span class='hr-inner ' ><span class='hr-inner-style'><\/span><\/span><\/div>\n<div  class='av-buildercomment  av-blog-meta-html-info-disabled av-blog-meta-tag-disabled  '><\/div>\n","protected":false},"excerpt":{"rendered":"","protected":false},"author":1,"featured_media":34474,"comment_status":"open","ping_status":"open","sticky":false,"template":"","format":"standard","meta":{"footnotes":""},"categories":[49],"tags":[],"class_list":["post-34473","post","type-post","status-publish","format-standard","has-post-thumbnail","hentry","category-educacion"],"jetpack_featured_media_url":"https:\/\/radiorevelacionfm.cl\/wp-content\/uploads\/2023\/08\/booktuber-4_optimized.jpg","_links":{"self":[{"href":"https:\/\/radiorevelacionfm.cl\/index.php?rest_route=\/wp\/v2\/posts\/34473","targetHints":{"allow":["GET"]}}],"collection":[{"href":"https:\/\/radiorevelacionfm.cl\/index.php?rest_route=\/wp\/v2\/posts"}],"about":[{"href":"https:\/\/radiorevelacionfm.cl\/index.php?rest_route=\/wp\/v2\/types\/post"}],"author":[{"embeddable":true,"href":"https:\/\/radiorevelacionfm.cl\/index.php?rest_route=\/wp\/v2\/users\/1"}],"replies":[{"embeddable":true,"href":"https:\/\/radiorevelacionfm.cl\/index.php?rest_route=%2Fwp%2Fv2%2Fcomments&post=34473"}],"version-history":[{"count":1,"href":"https:\/\/radiorevelacionfm.cl\/index.php?rest_route=\/wp\/v2\/posts\/34473\/revisions"}],"predecessor-version":[{"id":34475,"href":"https:\/\/radiorevelacionfm.cl\/index.php?rest_route=\/wp\/v2\/posts\/34473\/revisions\/34475"}],"wp:featuredmedia":[{"embeddable":true,"href":"https:\/\/radiorevelacionfm.cl\/index.php?rest_route=\/wp\/v2\/media\/34474"}],"wp:attachment":[{"href":"https:\/\/radiorevelacionfm.cl\/index.php?rest_route=%2Fwp%2Fv2%2Fmedia&parent=34473"}],"wp:term":[{"taxonomy":"category","embeddable":true,"href":"https:\/\/radiorevelacionfm.cl\/index.php?rest_route=%2Fwp%2Fv2%2Fcategories&post=34473"},{"taxonomy":"post_tag","embeddable":true,"href":"https:\/\/radiorevelacionfm.cl\/index.php?rest_route=%2Fwp%2Fv2%2Ftags&post=34473"}],"curies":[{"name":"wp","href":"https:\/\/api.w.org\/{rel}","templated":true}]}}