{"id":34470,"date":"2023-08-31T15:56:12","date_gmt":"2023-08-31T18:56:12","guid":{"rendered":"https:\/\/radiorevelacionfm.cl\/?p=34470"},"modified":"2023-08-31T15:56:12","modified_gmt":"2023-08-31T18:56:12","slug":"deportistas-ayseninos-obtienen-positivos-resultados-instancia-previa-a-los-panamericanos-y-para-panamericanos","status":"publish","type":"post","link":"https:\/\/radiorevelacionfm.cl\/?p=34470","title":{"rendered":"Deportistas Ayseninos obtienen positivos resultados instancia previa a los Panamericanos y Para Panamericanos"},"content":{"rendered":"<div class=\"flex_column av_one_full  flex_column_div av-zero-column-padding first  avia-builder-el-0  el_before_av_one_full  avia-builder-el-first  \" style='border-radius:0px; '><div  class='avia-image-container  av-styling-    avia-builder-el-1  avia-builder-el-no-sibling  avia-align-center '  itemprop=\"image\" itemscope=\"itemscope\" itemtype=\"https:\/\/schema.org\/ImageObject\"  ><div class='avia-image-container-inner'><div class='avia-image-overlay-wrap'><img decoding=\"async\" class='wp-image-34471 avia-img-lazy-loading-not-34471 avia_image' src=\"https:\/\/radiorevelacionfm.cl\/wp-content\/uploads\/2023\/08\/deportistas-aysen-1-1-1.jpeg\" alt='' title='deportistas aysen 1 (1) (1)' height=\"600\" width=\"800\"  itemprop=\"thumbnailUrl\" srcset=\"https:\/\/radiorevelacionfm.cl\/wp-content\/uploads\/2023\/08\/deportistas-aysen-1-1-1.jpeg 800w, https:\/\/radiorevelacionfm.cl\/wp-content\/uploads\/2023\/08\/deportistas-aysen-1-1-1-300x225.jpeg 300w, https:\/\/radiorevelacionfm.cl\/wp-content\/uploads\/2023\/08\/deportistas-aysen-1-1-1-768x576.jpeg 768w, https:\/\/radiorevelacionfm.cl\/wp-content\/uploads\/2023\/08\/deportistas-aysen-1-1-1-705x529.jpeg 705w, https:\/\/radiorevelacionfm.cl\/wp-content\/uploads\/2023\/08\/deportistas-aysen-1-1-1-450x338.jpeg 450w, https:\/\/radiorevelacionfm.cl\/wp-content\/uploads\/2023\/08\/deportistas-aysen-1-1-1-600x450.jpeg 600w\" sizes=\"(max-width: 800px) 100vw, 800px\" \/><\/div><\/div><\/div><\/div><div class=\"flex_column av_one_full  flex_column_div av-zero-column-padding first  avia-builder-el-2  el_after_av_one_full  el_before_av_one_full  column-top-margin\" style='border-radius:0px; '><section class=\"av_textblock_section \"  itemscope=\"itemscope\" itemtype=\"https:\/\/schema.org\/BlogPosting\" itemprop=\"blogPost\" ><div class='avia_textblock  '   itemprop=\"text\" ><p style=\"text-align: center;\"><strong><span style=\"font-size: 18pt;\">Deportistas Ayseninos obtienen positivos resultados instancia previa a los Panamericanos y Para Panamericanos<\/span><\/strong><\/p>\n<div id=\"gtx-trans\" style=\"position: absolute; left: -50px; top: 4.31534px;\">\n<div class=\"gtx-trans-icon\"><\/div>\n<\/div>\n<\/div><\/section><\/div><div class=\"flex_column av_one_full  flex_column_div av-zero-column-padding first  avia-builder-el-4  el_after_av_one_full  el_before_av_hr  column-top-margin\" style='border-radius:0px; '><section class=\"av_textblock_section \"  itemscope=\"itemscope\" itemtype=\"https:\/\/schema.org\/BlogPosting\" itemprop=\"blogPost\" ><div class='avia_textblock  '   itemprop=\"text\" ><p style=\"text-align: justify;\">En tres buses viaj\u00f3 desde el Puerto Ays\u00e9n a Coyhaique, una delegaci\u00f3n que superaba las 50 personas y que con gran entusiasmo buscaban destacar en el festival deportivo en promoci\u00f3n a los Panamericanos y Para Panamericanos Santiago 2023.<\/p>\n<p style=\"text-align: justify;\">La actividad fue organizada por la Ministerio del Deporte y el IND a nivel regional, reuniendo a personas de distintas edades en competencias como bocha, atletismo, entre otros. Los y las participantes de Ays\u00e9n fueron convocadas a trav\u00e9s de la oficina municipal de discapacidad.<\/p>\n<p style=\"text-align: justify;\">\u201cRecibimos la invitaci\u00f3n del IND, donde hicieron una conmemoraci\u00f3n previa a los Para Panamericanos y en relaci\u00f3n a esto trabajamos en base a la autogesti\u00f3n con mi compa\u00f1era Vanessa Vera, pedagoga de profesi\u00f3n, donde b\u00e1sicamente nos dedicamos a levantar informaci\u00f3n y ver que participante podr\u00eda estar desempe\u00f1\u00e1ndose en estas actividades deportivas. Previo a estas gestiones hicimos contactos importantes, ah\u00ed estaba la se\u00f1ora Adriana Lira, quien nos apoy\u00f3 y tambi\u00e9n la se\u00f1ora M\u00f3nica Matamala, trabajamos en forma mancomunada con ellas, quienes nos apoyaron mediante la prestaci\u00f3n de colaciones, donde Mowi fue la empresa que nos colabor\u00f3 y nos otorg\u00f3 esta ayuda para los chicos y as\u00ed puedan desempe\u00f1arse de buena forma\u201d, indic\u00f3 Francisco Alister Mu\u00f1oz, terapeuta ocupacional de la oficina municipal de discapacidad.<\/p>\n<p style=\"text-align: justify;\">Francisco Alister mu\u00f1oz, puso en valor tambi\u00e9n la colaboraci\u00f3n de diversos organismos para el traslado de los deportistas, quienes obtuvieron excelentes resultados en algunas disciplinas.<\/p>\n<p style=\"text-align: justify;\">\u201cParticiparon alrededor de 50 personas, se fueron dos buses llenos de gente de Puerto Ays\u00e9n a participar a Coyhaique, tambi\u00e9n agradecer a DAOMA que nos facilit\u00f3 un m\u00f3vil de transporte, igualmente el IND que nos gestion\u00f3 un bus Suray, que nos ayud\u00f3 a trasladar m\u00e1s gente. Comunicar adem\u00e1s que, los resultados fueron muy positivos y significativos para los chicos, se destacaron en actividades como, bocha y atletismo, donde sacaron primero y segundo lugar. Nosotros est\u00e1bamos s\u00faper contentos, porque hubo momentos que, en el p\u00f3dium entre el primero, segundo, tercer lugar, estaba lleno de gente de Puerto Ays\u00e9n, lo que fue muy significativo y gratificante para nosotros que estuvimos en el trabajo de la log\u00edstica y poder incentivar a los chiquillos a participar, con estos resultados nos damos por pagados. Esta actividad permiti\u00f3 destacar el recurso humano que tenemos en la zona, en relaci\u00f3n a estos deportes de car\u00e1cter inclusivo para las personas con discapacidad\u201d, puntualiz\u00f3.<\/p>\n<\/div><\/section><\/div><div  style='height:50px' class='hr hr-invisible   avia-builder-el-6  el_after_av_one_full  el_before_av_social_share '><span class='hr-inner ' ><span class='hr-inner-style'><\/span><\/span><\/div><\/p>\n<div  class='av-social-sharing-box  avia-builder-el-7  el_after_av_hr  el_before_av_hr  '><div class='av-share-box'><h5 class='av-share-link-description av-no-toc '>Compartir esta noticia<\/h5><ul class='av-share-box-list noLightbox'><li class='av-share-link av-social-link-facebook' ><a target=\"_blank\" aria-label=\"Compartir en Facebook\" href='https:\/\/www.facebook.com\/sharer.php?u=https:\/\/radiorevelacionfm.cl\/?p=34470&#038;t=Deportistas%20Ayseninos%20obtienen%20positivos%20resultados%20instancia%20previa%20a%20los%20Panamericanos%20y%20Para%20Panamericanos' aria-hidden='false' data-av_icon='\ue8f3' data-av_iconfont='entypo-fontello' title='' data-avia-related-tooltip='Compartir en Facebook' rel=\"noopener\"><span class='avia_hidden_link_text'>Compartir en Facebook<\/span><\/a><\/li><li class='av-share-link av-social-link-twitter' ><a target=\"_blank\" aria-label=\"Compartir en Twitter\" href='https:\/\/twitter.com\/share?text=Deportistas%20Ayseninos%20obtienen%20positivos%20resultados%20instancia%20previa%20a%20los%20Panamericanos%20y%20Para%20Panamericanos&#038;url=https:\/\/radiorevelacionfm.cl\/?p=34470' aria-hidden='false' data-av_icon='\ue8f1' data-av_iconfont='entypo-fontello' title='' data-avia-related-tooltip='Compartir en Twitter' rel=\"noopener\"><span class='avia_hidden_link_text'>Compartir en Twitter<\/span><\/a><\/li><li class='av-share-link av-social-link-whatsapp' ><a target=\"_blank\" aria-label=\"Compartir en Whatsapp\" href='https:\/\/api.whatsapp.com\/send?text=https:\/\/radiorevelacionfm.cl\/?p=34470' aria-hidden='false' data-av_icon='\uf232' data-av_iconfont='entypo-fontello' title='' data-avia-related-tooltip='Compartir en Whatsapp' rel=\"noopener\"><span class='avia_hidden_link_text'>Compartir en Whatsapp<\/span><\/a><\/li><li class='av-share-link av-social-link-linkedin' ><a target=\"_blank\" aria-label=\"Compartir en LinkedIn\" href='https:\/\/linkedin.com\/shareArticle?mini=true&#038;title=Deportistas%20Ayseninos%20obtienen%20positivos%20resultados%20instancia%20previa%20a%20los%20Panamericanos%20y%20Para%20Panamericanos&#038;url=https:\/\/radiorevelacionfm.cl\/?p=34470' aria-hidden='false' data-av_icon='\ue8fc' data-av_iconfont='entypo-fontello' title='' data-avia-related-tooltip='Compartir en LinkedIn' rel=\"noopener\"><span class='avia_hidden_link_text'>Compartir en LinkedIn<\/span><\/a><\/li><li class='av-share-link av-social-link-mail' ><a  aria-label=\"Compartir por correo\" href='mailto:?subject=Deportistas%20Ayseninos%20obtienen%20positivos%20resultados%20instancia%20previa%20a%20los%20Panamericanos%20y%20Para%20Panamericanos&#038;body=https:\/\/radiorevelacionfm.cl\/?p=34470' aria-hidden='false' data-av_icon='\ue805' data-av_iconfont='entypo-fontello' title='' data-avia-related-tooltip='Compartir por correo'><span class='avia_hidden_link_text'>Compartir por correo<\/span><\/a><\/li><\/ul><\/div><\/div>\n<div  style='height:50px' class='hr hr-invisible   avia-builder-el-8  el_after_av_social_share  el_before_av_comments_list '><span class='hr-inner ' ><span class='hr-inner-style'><\/span><\/span><\/div>\n<div  class='av-buildercomment  av-blog-meta-html-info-disabled av-blog-meta-tag-disabled  '><\/div>\n","protected":false},"excerpt":{"rendered":"","protected":false},"author":1,"featured_media":34471,"comment_status":"open","ping_status":"open","sticky":false,"template":"","format":"standard","meta":{"footnotes":""},"categories":[40],"tags":[],"class_list":["post-34470","post","type-post","status-publish","format-standard","has-post-thumbnail","hentry","category-deportes"],"jetpack_featured_media_url":"https:\/\/radiorevelacionfm.cl\/wp-content\/uploads\/2023\/08\/deportistas-aysen-1-1-1.jpeg","_links":{"self":[{"href":"https:\/\/radiorevelacionfm.cl\/index.php?rest_route=\/wp\/v2\/posts\/34470","targetHints":{"allow":["GET"]}}],"collection":[{"href":"https:\/\/radiorevelacionfm.cl\/index.php?rest_route=\/wp\/v2\/posts"}],"about":[{"href":"https:\/\/radiorevelacionfm.cl\/index.php?rest_route=\/wp\/v2\/types\/post"}],"author":[{"embeddable":true,"href":"https:\/\/radiorevelacionfm.cl\/index.php?rest_route=\/wp\/v2\/users\/1"}],"replies":[{"embeddable":true,"href":"https:\/\/radiorevelacionfm.cl\/index.php?rest_route=%2Fwp%2Fv2%2Fcomments&post=34470"}],"version-history":[{"count":1,"href":"https:\/\/radiorevelacionfm.cl\/index.php?rest_route=\/wp\/v2\/posts\/34470\/revisions"}],"predecessor-version":[{"id":34472,"href":"https:\/\/radiorevelacionfm.cl\/index.php?rest_route=\/wp\/v2\/posts\/34470\/revisions\/34472"}],"wp:featuredmedia":[{"embeddable":true,"href":"https:\/\/radiorevelacionfm.cl\/index.php?rest_route=\/wp\/v2\/media\/34471"}],"wp:attachment":[{"href":"https:\/\/radiorevelacionfm.cl\/index.php?rest_route=%2Fwp%2Fv2%2Fmedia&parent=34470"}],"wp:term":[{"taxonomy":"category","embeddable":true,"href":"https:\/\/radiorevelacionfm.cl\/index.php?rest_route=%2Fwp%2Fv2%2Fcategories&post=34470"},{"taxonomy":"post_tag","embeddable":true,"href":"https:\/\/radiorevelacionfm.cl\/index.php?rest_route=%2Fwp%2Fv2%2Ftags&post=34470"}],"curies":[{"name":"wp","href":"https:\/\/api.w.org\/{rel}","templated":true}]}}