{"id":3447,"date":"2021-04-23T17:45:03","date_gmt":"2021-04-23T20:45:03","guid":{"rendered":"https:\/\/radiorevelacionfm.cl\/?p=3447"},"modified":"2021-04-23T17:45:03","modified_gmt":"2021-04-23T20:45:03","slug":"finalizan-obras-de-conservacion-mayor-en-aerodromo-teniente-vidal","status":"publish","type":"post","link":"https:\/\/radiorevelacionfm.cl\/?p=3447","title":{"rendered":"Finalizan obras de conservaci\u00f3n mayor en Aer\u00f3dromo Teniente Vidal"},"content":{"rendered":"<div class=\"flex_column av_one_full  flex_column_div av-zero-column-padding first  avia-builder-el-0  el_before_av_one_full  avia-builder-el-first  \" style='border-radius:0px; '><div  class='avia-image-container  av-styling-    avia-builder-el-1  avia-builder-el-no-sibling  avia-align-center '  itemprop=\"image\" itemscope=\"itemscope\" itemtype=\"https:\/\/schema.org\/ImageObject\"  ><div class='avia-image-container-inner'><div class='avia-image-overlay-wrap'><img decoding=\"async\" class='wp-image-0 avia-img-lazy-loading-not-0 avia_image' src=\"https:\/\/radiorevelacionfm.cl\/wp-content\/uploads\/2021\/04\/image-19_optimized.png\" alt='' title=''   itemprop=\"thumbnailUrl\"  \/><\/div><\/div><\/div><\/div><div class=\"flex_column av_one_full  flex_column_div av-zero-column-padding first  avia-builder-el-2  el_after_av_one_full  el_before_av_one_full  column-top-margin\" style='border-radius:0px; '><section class=\"av_textblock_section \"  itemscope=\"itemscope\" itemtype=\"https:\/\/schema.org\/BlogPosting\" itemprop=\"blogPost\" ><div class='avia_textblock  '   itemprop=\"text\" ><p style=\"text-align: center;\"><strong><span style=\"font-size: 18pt;\">Finalizan obras de conservaci\u00f3n mayor en Aer\u00f3dromo Teniente Vidal <\/span><\/strong><\/p>\n<div id=\"gtx-trans\" style=\"position: absolute; left: -50px; top: 4.31534px;\">\n<div class=\"gtx-trans-icon\"><\/div>\n<\/div>\n<\/div><\/section><\/div><div class=\"flex_column av_one_full  flex_column_div av-zero-column-padding first  avia-builder-el-4  el_after_av_one_full  el_before_av_hr  column-top-margin\" style='border-radius:0px; '><section class=\"av_textblock_section \"  itemscope=\"itemscope\" itemtype=\"https:\/\/schema.org\/BlogPosting\" itemprop=\"blogPost\" ><div class='avia_textblock  '   itemprop=\"text\" ><p style=\"text-align: justify;\">Trabajos en dos etapas consideraron una inversi\u00f3n de $2.429 millones y una ocupaci\u00f3n de mano de obra conjunta de 30 personas mensual, siendo parte fundamental del plan Paso a Paso Chile se Recupera.<\/p>\n<p style=\"text-align: justify;\">\u201cNosotros como representantes de la aviaci\u00f3n militar del Ej\u00e9rcito de Chile nos enorgullecemos de que se desarrollen trabajos en post de la conectividad de la regi\u00f3n y como operarios estamos muy contentos de poder usar una pista en estas condiciones, como se puede apreciar, siendo directos beneficiarios de la\u00a0 construcci\u00f3n de un helipuerto frente a nuestro hangar y aleda\u00f1o al hangar de Carabineros. Estas obras nos sirven 100% y estamos muy contentos de que se hicieran estas mejoras, porque hac\u00eda bastante tiempo que no se hac\u00edan trabajos de reestructuraci\u00f3n, de mantenimiento de la pista, entonces obviamente que esto es beneficioso y estamos muy contentos de que esto haya ocurrido\u201d, afirm\u00f3 el Comandante del Pelot\u00f3n de Aviaci\u00f3n del Ej\u00e9rcito de Chile en Coyhaique Capit\u00e1n Jaime D\u00edaz Canelo.<\/p>\n<p style=\"text-align: justify;\">Estas palabras definen la utilidad que prestar\u00e1n las nuevas obras que la Direcci\u00f3n Regional de Aeropuertos del MOP materializ\u00f3 en el Aer\u00f3dromo Teniente Vidal, infraestructura ubicada a cuatro kil\u00f3metros de la ciudad de Coyhaique, que \u00a0esta semana fueron inspeccionadas por el Secretario Regional Ministerial de Obras P\u00fablicas, N\u00e9stor Mera Mu\u00f1oz, junto al Director Regional de Aeropuertos del MOP Alejandro Cifuentes, el Alcalde de la comuna de Coyhaique Alejandro Huala, el Comandante en Jefe de la IV Divisi\u00f3n del Ej\u00e9rcito de Chile General del Ej\u00e9rcito Luis P\u00e9rez Astorga, el Jefe de la Secci\u00f3n A\u00e9rea de Carabineros de Chile en Coyhaique Mayor Jorge Castillo Bartsh, el Jefe del Aer\u00f3dromo Teniente Vidal Andr\u00e9s Murillo y el presidente del Club A\u00e9reo de Coyhaique Rafael Gonz\u00e1lez Villar.<\/p>\n<p style=\"text-align: justify;\">\u201cEstamos muy contentos porque hicimos un recorrido por dos importantes obras de conservaci\u00f3n mayor que hemos realizado\u00a0 en el Aer\u00f3dromo Teniente Vidal, lo que es parte del trabajo en materia de conectividad a\u00e9rea que estamos haciendo como Ministerio de Obras P\u00fablicas y que ha llevado muy bien adelante nuestra Direcci\u00f3n de Aeropuertos. La inversi\u00f3n conjunta entre estos dos proyectos superaron los $2400 millones, y significaron el mejoramiento de la pista del Aer\u00f3dromo m\u00e1s la instalaci\u00f3n de dos estacionamientos para helic\u00f3pteros que est\u00e1n cumpliendo una labor muy importante tanto para el Ej\u00e9rcito, como para Carabineros de Chile as\u00ed como tambi\u00e9n para una serie de particulares que operan en este Aer\u00f3dromo. Parte de nuestro trabajo es avanzar en conectividad terrestre, conectividad portuaria y conectividad a\u00e9rea, \u00e9sta \u00faltima es probablemente la conectividad que hoy m\u00e1s se usa para poder desplazarse fuera de la regi\u00f3n, as\u00ed que estas obras son parte de nuestro compromiso como gobierno del presidente Sebasti\u00e1n Pi\u00f1era que hemos cumplido y que sabemos contribuir\u00e1n en forma importante tanto a los operarios como en el bienestar de los vecinos. Estamos construyendo obras con sentido, obras que permiten el desarrollo social, econ\u00f3mico y productivo de las comunidades y que hoy d\u00eda son una realidad, y seguimos avanzando porque ya hemos adjudicado la concesi\u00f3n del Aer\u00f3dromo de Balmaceda que va a ser sin duda el proceso m\u00e1s importante que vamos a llevar adelante como Ministerio de Obras P\u00fablicas en materia aeroportuaria\u201d, asegur\u00f3 el SEREMI del MOP<\/p>\n<p style=\"text-align: justify;\">La construcci\u00f3n del\u00a0 Aer\u00f3dromo Teniente Vidal comenz\u00f3 el a\u00f1o 1952 a instancias de la comunidad, quienes se organizaron\u00a0 y mejoraron su infraestructura. El 21 de noviembre de 1968 la\u00a0 comunidad entreg\u00f3 una pista ripiada la que posteriormente el a\u00f1o 1995 a trav\u00e9s de la Direcci\u00f3n Regional de Aeropuertos fue mejorada en su est\u00e1ndar con pavimento asf\u00e1ltico. En septiembre de 1986 la Direcci\u00f3n Regional de Aeropuertos\u00a0 del MOP entrega a la comunidad el Edificio de Terminal de Pasajeros al que no se le hab\u00edan efectuado grandes intervenciones en 31 a\u00f1os, hasta el inicio del gobierno del presidente Sebasti\u00e1n Pi\u00f1era, momento en que se le realiz\u00f3 un importante mejoramiento a su estructura. Actualmente, este Aer\u00f3dromo\u00a0 tiene una pista de 1.546 metros de largo por 30 metros de ancho, y cuenta con\u00a0 una plataforma de estacionamiento de aviones menores de pavimento r\u00edgido de 85 x 40 metros y un desahogo de 70 x 15 metros; tambi\u00e9n posee un sistema de luces permanente lo que permite que desde aqu\u00ed se puedan realizar operaciones de emergencias nocturnas y evacuaciones aerom\u00e9dicas. En los momentos de pandemia que hoy vivimos, esta infraestructura construida por el Estado de Chile a trav\u00e9s del MOP es fundamental y se pone al servicio de la comunidad.<\/p>\n<p style=\"text-align: justify;\">Una vez efectuado el recorrido por las obras, las autoridades hicieron un alto para saludar a los pilotos que se encuentran en el Aer\u00f3dromo Teniente Vidal efectuando operaciones a\u00e9reas en apoyo al manejo de la pandemia Covid-19 en la regi\u00f3n y evacuaciones aerom\u00e9dicas y posteriormente se dirigieron hasta el hangar de Carabineros para constatar el t\u00e9rmino de los trabajos en el punto de posada de sus helic\u00f3pteros, oportunidad en la que el Mayor Jorge Castillo Bartsh Jefe de la Secci\u00f3n A\u00e9rea de Carabineros de Chile en Coyhaique destac\u00f3: \u201cGracias a todos los trabajos que se hicieron y al esfuerzo econ\u00f3mico realizado por el Gobierno Regional conjuntamente con la Direcci\u00f3n de Aeropuertos, las obras quedaron muy buenas lo que permite que nosotros como operarios principales en la regi\u00f3n y en nuestro rol de prestadores de ayuda a la comunidad ahora podemos operar en forma tranquila. Adem\u00e1s, se realiz\u00f3 la ampliaci\u00f3n de la plataforma lo que genera que aeronaves de mayor envergadura puedan arribar en este Aer\u00f3dromo, sobre todo en el \u00e1rea de nosotros que -entre otras cosas- tambi\u00e9n realizamos vuelos aerom\u00e9dicos, as\u00ed que tambi\u00e9n podemos contar con una mayor amplitud para poder operar con nuestras aeronaves -tanto para aviones como para helic\u00f3pteros- lo que es \u00a0positivo. Agradecemos a todas las personas que gestionaron estas obras que son de primer nivel\u201d.<\/p>\n<\/div><\/section><\/div><div  style='height:50px' class='hr hr-invisible   avia-builder-el-6  el_after_av_one_full  el_before_av_social_share '><span class='hr-inner ' ><span class='hr-inner-style'><\/span><\/span><\/div><\/p>\n<div  class='av-social-sharing-box  avia-builder-el-7  el_after_av_hr  el_before_av_hr  '><div class='av-share-box'><h5 class='av-share-link-description av-no-toc '>Compartir esta noticia<\/h5><ul class='av-share-box-list noLightbox'><li class='av-share-link av-social-link-facebook' ><a target=\"_blank\" aria-label=\"Compartir en Facebook\" href='https:\/\/www.facebook.com\/sharer.php?u=https:\/\/radiorevelacionfm.cl\/?p=3447&#038;t=Finalizan%20obras%20de%20conservaci%C3%B3n%20mayor%20en%20Aer%C3%B3dromo%20Teniente%20Vidal' aria-hidden='false' data-av_icon='\ue8f3' data-av_iconfont='entypo-fontello' title='' data-avia-related-tooltip='Compartir en Facebook' rel=\"noopener\"><span class='avia_hidden_link_text'>Compartir en Facebook<\/span><\/a><\/li><li class='av-share-link av-social-link-twitter' ><a target=\"_blank\" aria-label=\"Compartir en Twitter\" href='https:\/\/twitter.com\/share?text=Finalizan%20obras%20de%20conservaci%C3%B3n%20mayor%20en%20Aer%C3%B3dromo%20Teniente%20Vidal&#038;url=https:\/\/radiorevelacionfm.cl\/?p=3447' aria-hidden='false' data-av_icon='\ue8f1' data-av_iconfont='entypo-fontello' title='' data-avia-related-tooltip='Compartir en Twitter' rel=\"noopener\"><span class='avia_hidden_link_text'>Compartir en Twitter<\/span><\/a><\/li><li class='av-share-link av-social-link-whatsapp' ><a target=\"_blank\" aria-label=\"Compartir en Whatsapp\" href='https:\/\/api.whatsapp.com\/send?text=https:\/\/radiorevelacionfm.cl\/?p=3447' aria-hidden='false' data-av_icon='\uf232' data-av_iconfont='entypo-fontello' title='' data-avia-related-tooltip='Compartir en Whatsapp' rel=\"noopener\"><span class='avia_hidden_link_text'>Compartir en Whatsapp<\/span><\/a><\/li><li class='av-share-link av-social-link-linkedin' ><a target=\"_blank\" aria-label=\"Compartir en LinkedIn\" href='https:\/\/linkedin.com\/shareArticle?mini=true&#038;title=Finalizan%20obras%20de%20conservaci%C3%B3n%20mayor%20en%20Aer%C3%B3dromo%20Teniente%20Vidal&#038;url=https:\/\/radiorevelacionfm.cl\/?p=3447' aria-hidden='false' data-av_icon='\ue8fc' data-av_iconfont='entypo-fontello' title='' data-avia-related-tooltip='Compartir en LinkedIn' rel=\"noopener\"><span class='avia_hidden_link_text'>Compartir en LinkedIn<\/span><\/a><\/li><li class='av-share-link av-social-link-mail' ><a  aria-label=\"Compartir por correo\" href='mailto:?subject=Finalizan%20obras%20de%20conservaci%C3%B3n%20mayor%20en%20Aer%C3%B3dromo%20Teniente%20Vidal&#038;body=https:\/\/radiorevelacionfm.cl\/?p=3447' aria-hidden='false' data-av_icon='\ue805' data-av_iconfont='entypo-fontello' title='' data-avia-related-tooltip='Compartir por correo'><span class='avia_hidden_link_text'>Compartir por correo<\/span><\/a><\/li><\/ul><\/div><\/div>\n<div  style='height:50px' class='hr hr-invisible   avia-builder-el-8  el_after_av_social_share  el_before_av_comments_list '><span class='hr-inner ' ><span class='hr-inner-style'><\/span><\/span><\/div>\n<div  class='av-buildercomment  av-blog-meta-html-info-disabled av-blog-meta-tag-disabled  '><\/div>\n","protected":false},"excerpt":{"rendered":"","protected":false},"author":1,"featured_media":0,"comment_status":"open","ping_status":"open","sticky":false,"template":"","format":"standard","meta":{"footnotes":""},"categories":[38],"tags":[],"class_list":["post-3447","post","type-post","status-publish","format-standard","hentry","category-regional"],"jetpack_featured_media_url":"","_links":{"self":[{"href":"https:\/\/radiorevelacionfm.cl\/index.php?rest_route=\/wp\/v2\/posts\/3447","targetHints":{"allow":["GET"]}}],"collection":[{"href":"https:\/\/radiorevelacionfm.cl\/index.php?rest_route=\/wp\/v2\/posts"}],"about":[{"href":"https:\/\/radiorevelacionfm.cl\/index.php?rest_route=\/wp\/v2\/types\/post"}],"author":[{"embeddable":true,"href":"https:\/\/radiorevelacionfm.cl\/index.php?rest_route=\/wp\/v2\/users\/1"}],"replies":[{"embeddable":true,"href":"https:\/\/radiorevelacionfm.cl\/index.php?rest_route=%2Fwp%2Fv2%2Fcomments&post=3447"}],"version-history":[{"count":1,"href":"https:\/\/radiorevelacionfm.cl\/index.php?rest_route=\/wp\/v2\/posts\/3447\/revisions"}],"predecessor-version":[{"id":3449,"href":"https:\/\/radiorevelacionfm.cl\/index.php?rest_route=\/wp\/v2\/posts\/3447\/revisions\/3449"}],"wp:attachment":[{"href":"https:\/\/radiorevelacionfm.cl\/index.php?rest_route=%2Fwp%2Fv2%2Fmedia&parent=3447"}],"wp:term":[{"taxonomy":"category","embeddable":true,"href":"https:\/\/radiorevelacionfm.cl\/index.php?rest_route=%2Fwp%2Fv2%2Fcategories&post=3447"},{"taxonomy":"post_tag","embeddable":true,"href":"https:\/\/radiorevelacionfm.cl\/index.php?rest_route=%2Fwp%2Fv2%2Ftags&post=3447"}],"curies":[{"name":"wp","href":"https:\/\/api.w.org\/{rel}","templated":true}]}}