{"id":34468,"date":"2023-09-01T13:05:08","date_gmt":"2023-09-01T16:05:08","guid":{"rendered":"https:\/\/radiorevelacionfm.cl\/?p=34468"},"modified":"2023-09-01T13:05:08","modified_gmt":"2023-09-01T16:05:08","slug":"uaysen-y-uchile-se-adjudican-proyecto-anid-conocimientos-2030-para-fortalecer-las-ciencias-sociales-artes-y-humanidades","status":"publish","type":"post","link":"https:\/\/radiorevelacionfm.cl\/?p=34468","title":{"rendered":"UAys\u00e9n y UChile se adjudican proyecto ANID Conocimientos 2030 para fortalecer las ciencias sociales, artes  y humanidades"},"content":{"rendered":"<div class=\"flex_column av_one_full  flex_column_div av-zero-column-padding first  avia-builder-el-0  el_before_av_one_full  avia-builder-el-first  \" style='border-radius:0px; '><div  class='avia-image-container  av-styling-    avia-builder-el-1  avia-builder-el-no-sibling  avia-align-center '  itemprop=\"image\" itemscope=\"itemscope\" itemtype=\"https:\/\/schema.org\/ImageObject\"  ><div class='avia-image-container-inner'><div class='avia-image-overlay-wrap'><img decoding=\"async\" class='wp-image-29999 avia-img-lazy-loading-not-29999 avia_image' src=\"https:\/\/radiorevelacionfm.cl\/wp-content\/uploads\/2023\/04\/uaysen-002-1-1_optimized.jpg\" alt='' title='uays\u00e9n-002-(1)-(1)_optimized' height=\"600\" width=\"899\"  itemprop=\"thumbnailUrl\" srcset=\"https:\/\/radiorevelacionfm.cl\/wp-content\/uploads\/2023\/04\/uaysen-002-1-1_optimized.jpg 899w, https:\/\/radiorevelacionfm.cl\/wp-content\/uploads\/2023\/04\/uaysen-002-1-1_optimized-300x200.jpg 300w, https:\/\/radiorevelacionfm.cl\/wp-content\/uploads\/2023\/04\/uaysen-002-1-1_optimized-768x513.jpg 768w, https:\/\/radiorevelacionfm.cl\/wp-content\/uploads\/2023\/04\/uaysen-002-1-1_optimized-705x471.jpg 705w, https:\/\/radiorevelacionfm.cl\/wp-content\/uploads\/2023\/04\/uaysen-002-1-1_optimized-450x300.jpg 450w, https:\/\/radiorevelacionfm.cl\/wp-content\/uploads\/2023\/04\/uaysen-002-1-1_optimized-600x400.jpg 600w\" sizes=\"(max-width: 899px) 100vw, 899px\" \/><\/div><\/div><\/div><\/div><div class=\"flex_column av_one_full  flex_column_div av-zero-column-padding first  avia-builder-el-2  el_after_av_one_full  el_before_av_one_full  column-top-margin\" style='border-radius:0px; '><section class=\"av_textblock_section \"  itemscope=\"itemscope\" itemtype=\"https:\/\/schema.org\/BlogPosting\" itemprop=\"blogPost\" ><div class='avia_textblock  '   itemprop=\"text\" ><p style=\"text-align: center;\"><span style=\"font-size: 18pt;\"><strong>UAys\u00e9n y UChile se adjudican proyecto ANID Conocimientos 2030 para fortalecer las ciencias sociales, artes\u00a0 y humanidades <\/strong><\/span><\/p>\n<div id=\"gtx-trans\" style=\"position: absolute; left: -50px; top: 4.31534px;\">\n<div class=\"gtx-trans-icon\"><\/div>\n<\/div>\n<\/div><\/section><\/div><div class=\"flex_column av_one_full  flex_column_div av-zero-column-padding first  avia-builder-el-4  el_after_av_one_full  el_before_av_hr  column-top-margin\" style='border-radius:0px; '><section class=\"av_textblock_section \"  itemscope=\"itemscope\" itemtype=\"https:\/\/schema.org\/BlogPosting\" itemprop=\"blogPost\" ><div class='avia_textblock  '   itemprop=\"text\" ><p style=\"text-align: justify;\"><em>La iniciativa presentada por ambas casas de estudio, busca dise\u00f1ar e implementar un plan estrat\u00e9gico a 10 a\u00f1os para fortalecer la formaci\u00f3n que realizan ambas casas de estudios en el \u00e1mbito de las ciencias sociales, las artes y las humanidades.<\/em><\/p>\n<p style=\"text-align: justify;\">\u00abCiencias Sociales, Humanidades y Artes para un nuevo modelo de desarrollo en Chile y Am\u00e9rica Latina\u201d es el proyecto adjudicado recientemente por la UAys\u00e9n y la Universidad de Chile a trav\u00e9s de la convocatoria realizada por la Agencia Nacional de Investigaci\u00f3n y Desarrollo (ANID) denominada Concurso Conocimientos 2030, en su primera etapa.<\/p>\n<p style=\"text-align: justify;\">De esta manera, la casa de estudios regional, se adjudic\u00f3 una de las 13 iniciativas financiadas en esta primera convocatoria, que busca la transformaci\u00f3n y fortalecimiento progresivo de las Ciencias Sociales, Humanidades y Artes, con el objetivo de contribuir al establecimiento de un nuevo modelo de desarrollo sostenible para Chile y Am\u00e9rica Latina, considerando los principios y valores fundacionales de la Universidad de Ays\u00e9n y la Universidad de Chile. Lo anterior, mediante el dise\u00f1o e implementaci\u00f3n de un plan estrat\u00e9gico a 10 a\u00f1os que integre las diversas misiones universitarias de las facultades y programas que son parte de este proyecto.<\/p>\n<p style=\"text-align: justify;\">Desde la Universidad de Ays\u00e9n, el proyecto es liderado por la acad\u00e9mica y jefa de carrera de Trabajo Social, la Dra. Johanna Madrigal quien junto al Director de Investigaci\u00f3n de la Universidad de Chile, Dr. Rodrigo Fuster ser\u00e1n los encargados de dar vida a esta iniciativa que permitir\u00e1 fortalecer la formaci\u00f3n que realizan ambas casas de estudios en el \u00e1mbito de las ciencias sociales, las artes y las humanidades. La acad\u00e9mica Dra. Johana Madrigal destac\u00f3 la posibilidad que brinda esta iniciativa de fortalecer la formaci\u00f3n en ciencias sociales en ambas instituciones. \u201cLo que nos va a permitir este proyecto, en esta primera etapa, es poder levantar informaci\u00f3n relevante del territorio, para poder proyectar tanto las futuras carreras como las que actualmente tenemos en la Universidad, pero tambi\u00e9n, junto a la Universidad de Chile, fortalecer las Ciencias Sociales, y proyectar otros \u00e1mbitos que podr\u00edamos abordar desde la Universidad de Ays\u00e9n en conjunto con la Universidad de Chile\u201d, se\u00f1al\u00f3 la acad\u00e9mica.<\/p>\n<p style=\"text-align: justify;\">El proyecto, que ya comenz\u00f3 su proceso de ejecuci\u00f3n, tendr\u00e1 en esta primera etapa una duraci\u00f3n de diez meses, periodo en el cual, ambas instituciones deber\u00e1n elaborar un diagn\u00f3stico que les permita estructurar un plan de acci\u00f3n que permita a ambas instituciones, crecer de manera arm\u00f3nica y con esta mirada de sostenibilidad. En este sentido, Rodrigo Fuster, Director de Investigaci\u00f3n de la Universidad de Chile destac\u00f3 el desaf\u00edo que implica para ambas casas de estudio la primera etapa de la iniciativa. \u201cLa ejecuci\u00f3n de este proyecto es un periodo de tiempo bastante estrecho, son diez meses, entonces estamos muy entusiastas tratando de\u00a0 ser lo m\u00e1s eficientes posible en el desarrollo de nuestras actividades, y nuestra expectativa es que efectivamente podamos tener de aqu\u00ed a diez meses un plan concreto sobre el cual desarrollar las actividades en\u00a0 nuestras universidades para los pr\u00f3ximos diez a\u00f1os en materia de ciencias sociales y humanidades y arte, as\u00ed que es un desaf\u00edo s\u00faper interesante, muy intenso, pero el cual nos tiene extremadamente motivados y motivadas\u201d, se\u00f1al\u00f3 Rodrigo Fuster.<\/p>\n<p style=\"text-align: justify;\">Al finalizar la etapa de diagn\u00f3stico y dise\u00f1o del plan estrat\u00e9gico, se espera alcanzar resultados, contar con un plan de alianzas de colaboraci\u00f3n nacionales e internacionales, que permitan potenciar los resultados en materias de formaci\u00f3n, investigaci\u00f3n, creaci\u00f3n art\u00edstica y vinculaci\u00f3n con el medio; adem\u00e1s contar con un modelo de gobernanza multinivel inter-institucional e institucionales para la implementaci\u00f3n del plan estrat\u00e9gico; un modelo de gesti\u00f3n de la interdisciplina y la transdisciplina con una perspectiva epistemol\u00f3gica amplia y diversa, que permita su fortalecimiento y proyecci\u00f3n estrat\u00e9gicas para cada uno de los programas que son parte del plan estrat\u00e9gico, adem\u00e1s de un modelo de fortalecimiento del liderazgo y participaci\u00f3n femenina en las unidades acad\u00e9micas y programas de Ciencias Sociales, Humanidades y Artes que son parte de este proyecto, entre otros aspectos.<\/p>\n<\/div><\/section><\/div><div  style='height:50px' class='hr hr-invisible   avia-builder-el-6  el_after_av_one_full  el_before_av_social_share '><span class='hr-inner ' ><span class='hr-inner-style'><\/span><\/span><\/div><\/p>\n<div  class='av-social-sharing-box  avia-builder-el-7  el_after_av_hr  el_before_av_hr  '><div class='av-share-box'><h5 class='av-share-link-description av-no-toc '>Compartir esta noticia<\/h5><ul class='av-share-box-list noLightbox'><li class='av-share-link av-social-link-facebook' ><a target=\"_blank\" aria-label=\"Compartir en Facebook\" href='https:\/\/www.facebook.com\/sharer.php?u=https:\/\/radiorevelacionfm.cl\/?p=34468&#038;t=UAys%C3%A9n%20y%20UChile%20se%20adjudican%20proyecto%20ANID%20Conocimientos%202030%20para%20fortalecer%20las%20ciencias%20sociales%2C%20artes%20%20y%20humanidades' aria-hidden='false' data-av_icon='\ue8f3' data-av_iconfont='entypo-fontello' title='' data-avia-related-tooltip='Compartir en Facebook' rel=\"noopener\"><span class='avia_hidden_link_text'>Compartir en Facebook<\/span><\/a><\/li><li class='av-share-link av-social-link-twitter' ><a target=\"_blank\" aria-label=\"Compartir en Twitter\" href='https:\/\/twitter.com\/share?text=UAys%C3%A9n%20y%20UChile%20se%20adjudican%20proyecto%20ANID%20Conocimientos%202030%20para%20fortalecer%20las%20ciencias%20sociales%2C%20artes%20%20y%20humanidades&#038;url=https:\/\/radiorevelacionfm.cl\/?p=34468' aria-hidden='false' data-av_icon='\ue8f1' data-av_iconfont='entypo-fontello' title='' data-avia-related-tooltip='Compartir en Twitter' rel=\"noopener\"><span class='avia_hidden_link_text'>Compartir en Twitter<\/span><\/a><\/li><li class='av-share-link av-social-link-whatsapp' ><a target=\"_blank\" aria-label=\"Compartir en Whatsapp\" href='https:\/\/api.whatsapp.com\/send?text=https:\/\/radiorevelacionfm.cl\/?p=34468' aria-hidden='false' data-av_icon='\uf232' data-av_iconfont='entypo-fontello' title='' data-avia-related-tooltip='Compartir en Whatsapp' rel=\"noopener\"><span class='avia_hidden_link_text'>Compartir en Whatsapp<\/span><\/a><\/li><li class='av-share-link av-social-link-linkedin' ><a target=\"_blank\" aria-label=\"Compartir en LinkedIn\" href='https:\/\/linkedin.com\/shareArticle?mini=true&#038;title=UAys%C3%A9n%20y%20UChile%20se%20adjudican%20proyecto%20ANID%20Conocimientos%202030%20para%20fortalecer%20las%20ciencias%20sociales%2C%20artes%20%20y%20humanidades&#038;url=https:\/\/radiorevelacionfm.cl\/?p=34468' aria-hidden='false' data-av_icon='\ue8fc' data-av_iconfont='entypo-fontello' title='' data-avia-related-tooltip='Compartir en LinkedIn' rel=\"noopener\"><span class='avia_hidden_link_text'>Compartir en LinkedIn<\/span><\/a><\/li><li class='av-share-link av-social-link-mail' ><a  aria-label=\"Compartir por correo\" href='mailto:?subject=UAys%C3%A9n%20y%20UChile%20se%20adjudican%20proyecto%20ANID%20Conocimientos%202030%20para%20fortalecer%20las%20ciencias%20sociales%2C%20artes%20%20y%20humanidades&#038;body=https:\/\/radiorevelacionfm.cl\/?p=34468' aria-hidden='false' data-av_icon='\ue805' data-av_iconfont='entypo-fontello' title='' data-avia-related-tooltip='Compartir por correo'><span class='avia_hidden_link_text'>Compartir por correo<\/span><\/a><\/li><\/ul><\/div><\/div>\n<div  style='height:50px' class='hr hr-invisible   avia-builder-el-8  el_after_av_social_share  el_before_av_comments_list '><span class='hr-inner ' ><span class='hr-inner-style'><\/span><\/span><\/div>\n<div  class='av-buildercomment  av-blog-meta-html-info-disabled av-blog-meta-tag-disabled  '><\/div>\n","protected":false},"excerpt":{"rendered":"","protected":false},"author":1,"featured_media":29999,"comment_status":"open","ping_status":"open","sticky":false,"template":"","format":"standard","meta":{"footnotes":""},"categories":[49],"tags":[],"class_list":["post-34468","post","type-post","status-publish","format-standard","has-post-thumbnail","hentry","category-educacion"],"jetpack_featured_media_url":"https:\/\/radiorevelacionfm.cl\/wp-content\/uploads\/2023\/04\/uaysen-002-1-1_optimized.jpg","_links":{"self":[{"href":"https:\/\/radiorevelacionfm.cl\/index.php?rest_route=\/wp\/v2\/posts\/34468","targetHints":{"allow":["GET"]}}],"collection":[{"href":"https:\/\/radiorevelacionfm.cl\/index.php?rest_route=\/wp\/v2\/posts"}],"about":[{"href":"https:\/\/radiorevelacionfm.cl\/index.php?rest_route=\/wp\/v2\/types\/post"}],"author":[{"embeddable":true,"href":"https:\/\/radiorevelacionfm.cl\/index.php?rest_route=\/wp\/v2\/users\/1"}],"replies":[{"embeddable":true,"href":"https:\/\/radiorevelacionfm.cl\/index.php?rest_route=%2Fwp%2Fv2%2Fcomments&post=34468"}],"version-history":[{"count":1,"href":"https:\/\/radiorevelacionfm.cl\/index.php?rest_route=\/wp\/v2\/posts\/34468\/revisions"}],"predecessor-version":[{"id":34469,"href":"https:\/\/radiorevelacionfm.cl\/index.php?rest_route=\/wp\/v2\/posts\/34468\/revisions\/34469"}],"wp:featuredmedia":[{"embeddable":true,"href":"https:\/\/radiorevelacionfm.cl\/index.php?rest_route=\/wp\/v2\/media\/29999"}],"wp:attachment":[{"href":"https:\/\/radiorevelacionfm.cl\/index.php?rest_route=%2Fwp%2Fv2%2Fmedia&parent=34468"}],"wp:term":[{"taxonomy":"category","embeddable":true,"href":"https:\/\/radiorevelacionfm.cl\/index.php?rest_route=%2Fwp%2Fv2%2Fcategories&post=34468"},{"taxonomy":"post_tag","embeddable":true,"href":"https:\/\/radiorevelacionfm.cl\/index.php?rest_route=%2Fwp%2Fv2%2Ftags&post=34468"}],"curies":[{"name":"wp","href":"https:\/\/api.w.org\/{rel}","templated":true}]}}