{"id":34465,"date":"2023-08-31T16:31:31","date_gmt":"2023-08-31T19:31:31","guid":{"rendered":"https:\/\/radiorevelacionfm.cl\/?p=34465"},"modified":"2023-08-31T16:31:31","modified_gmt":"2023-08-31T19:31:31","slug":"certifican-a-30-mujeres-de-coyhaique-tras-participar-de-programa-juntas-crecemos-y-empoderadas","status":"publish","type":"post","link":"https:\/\/radiorevelacionfm.cl\/?p=34465","title":{"rendered":"Certifican a 30 mujeres de Coyhaique tras participar de Programa Juntas Crecemos y Empoderadas"},"content":{"rendered":"<div class=\"flex_column av_one_full  flex_column_div av-zero-column-padding first  avia-builder-el-0  el_before_av_one_full  avia-builder-el-first  \" style='border-radius:0px; '><div  class='avia-image-container  av-styling-    avia-builder-el-1  avia-builder-el-no-sibling  avia-align-center '  itemprop=\"image\" itemscope=\"itemscope\" itemtype=\"https:\/\/schema.org\/ImageObject\"  ><div class='avia-image-container-inner'><div class='avia-image-overlay-wrap'><img decoding=\"async\" class='wp-image-34466 avia-img-lazy-loading-not-34466 avia_image' src=\"https:\/\/radiorevelacionfm.cl\/wp-content\/uploads\/2023\/08\/WhatsApp-Image-2023-08-30-at-16.34.06-1-2.jpeg\" alt='' title='WhatsApp Image 2023-08-30 at 16.34.06 (1) (2)' height=\"552\" width=\"799\"  itemprop=\"thumbnailUrl\" srcset=\"https:\/\/radiorevelacionfm.cl\/wp-content\/uploads\/2023\/08\/WhatsApp-Image-2023-08-30-at-16.34.06-1-2.jpeg 799w, https:\/\/radiorevelacionfm.cl\/wp-content\/uploads\/2023\/08\/WhatsApp-Image-2023-08-30-at-16.34.06-1-2-300x207.jpeg 300w, https:\/\/radiorevelacionfm.cl\/wp-content\/uploads\/2023\/08\/WhatsApp-Image-2023-08-30-at-16.34.06-1-2-768x531.jpeg 768w, https:\/\/radiorevelacionfm.cl\/wp-content\/uploads\/2023\/08\/WhatsApp-Image-2023-08-30-at-16.34.06-1-2-705x487.jpeg 705w, https:\/\/radiorevelacionfm.cl\/wp-content\/uploads\/2023\/08\/WhatsApp-Image-2023-08-30-at-16.34.06-1-2-450x311.jpeg 450w, https:\/\/radiorevelacionfm.cl\/wp-content\/uploads\/2023\/08\/WhatsApp-Image-2023-08-30-at-16.34.06-1-2-600x415.jpeg 600w\" sizes=\"(max-width: 799px) 100vw, 799px\" \/><\/div><\/div><\/div><\/div><div class=\"flex_column av_one_full  flex_column_div av-zero-column-padding first  avia-builder-el-2  el_after_av_one_full  el_before_av_one_full  column-top-margin\" style='border-radius:0px; '><section class=\"av_textblock_section \"  itemscope=\"itemscope\" itemtype=\"https:\/\/schema.org\/BlogPosting\" itemprop=\"blogPost\" ><div class='avia_textblock  '   itemprop=\"text\" ><p style=\"text-align: center;\"><strong><span style=\"font-size: 18pt;\">Certifican a 30 mujeres de Coyhaique tras participar de Programa Juntas Crecemos y Empoderadas<\/span><\/strong><\/p>\n<div id=\"gtx-trans\" style=\"position: absolute; left: -50px; top: 4.31534px;\">\n<div class=\"gtx-trans-icon\"><\/div>\n<\/div>\n<\/div><\/section><\/div><div class=\"flex_column av_one_full  flex_column_div av-zero-column-padding first  avia-builder-el-4  el_after_av_one_full  el_before_av_hr  column-top-margin\" style='border-radius:0px; '><section class=\"av_textblock_section \"  itemscope=\"itemscope\" itemtype=\"https:\/\/schema.org\/BlogPosting\" itemprop=\"blogPost\" ><div class='avia_textblock  '   itemprop=\"text\" ><p style=\"text-align: justify;\">En la comuna de Coyhaique se certific\u00f3 a 30 mujeres que fueron parte de los programas Juntas Crecemos y Empoderadas, los cuales fueron ejecutados por PRODEMU, en conjunto con Sercotec, SernamEG, Sence y la Serem\u00eda de la Mujer y Equidad de G\u00e9nero. Las lideresas destacadas durante la ceremonia son emprendedoras de la comuna de Coyhaique, algunas de ellas socias de la Junta de Vecinos de la poblaci\u00f3n General Marchant, y est\u00e1n vinculadas a emprendimientos de reutilizaci\u00f3n textil y otras son participantes de COSAM.<\/p>\n<p style=\"text-align: justify;\">La actividad, que destac\u00f3 a las egresadas de los talleres que les permitieron fortalecer capacidades de empoderamiento, liderazgo y su autonom\u00eda econ\u00f3mica, cont\u00f3 con la presencia de la seremi de la Mujer y la Equidad de G\u00e9nero, Andrea M\u00e9ndez, la directora regional Fundaci\u00f3n PRODEMU, Ingrid Osorio Santana, la directora regional Sercotec, Nelly Vargas Mansilla, el director regional (s) de Sence, Mauricio Toro y la coordinadora t\u00e9cnica del programa PAI del Centro de Salud Mental Comunitaria, Francia Gui\u00f1es.<\/p>\n<p style=\"text-align: justify;\">Respecto de la actividad, la seremi de la Mujer y la Equidad de G\u00e9nero, Andrea M\u00e9ndez destac\u00f3, \u00abComo ministerio es un honor participar de actividades lideradas por la Fundaci\u00f3n PRODEMU, pues es una instituci\u00f3n valorada a nivel regional por las mujeres debido al profundo compromiso de sus profesionales, el gran despliegue territorial y una oferta program\u00e1tica capaz de incorporar diversas necesidades y realidades, as\u00ed lo han expresado quienes se han certificado en estos dos talleres\u00bb.<\/p>\n<p style=\"text-align: justify;\">En tanto, la directora regional de PRODEMU Ingrid Osorio Santana se\u00f1al\u00f3, \u201ccomo Fundaci\u00f3n PRODEMU en la regi\u00f3n de Ays\u00e9n tenemos el prop\u00f3sito de acercar nuestra oferta institucional a la diversidad de mujeres que habitan este territorio, y fue as\u00ed como a trav\u00e9s del equipo provincial Coyhaique realizamos un trabajo en conjunto con la JJVV General Marchant para acercar nuestros programas a las vecinas de esta poblaci\u00f3n. En esta significativa ceremonia certificamos a las mujeres participantes del taller Juntas Crecemos que busca potenciar la autonom\u00eda econ\u00f3mica de las mujeres y tambi\u00e9n se certifican un grupo de participantes que fueron parte del taller Empoderadas, cuyo objetivo es entregar herramientas a las mujeres para la toma de decisiones personales y colectivas con perspectiva de g\u00e9nero. Agradecemos tambi\u00e9n el trabajo colaborativo que logramos con la Seremi de la Mujer y Equidad de G\u00e9nero Andrea M\u00e9ndez, con Sercotec, Sence y Sernameg quienes tambi\u00e9n pudieron vincularse y acercar su oferta institucional\u201d, agreg\u00f3.<\/p>\n<p style=\"text-align: justify;\">El Taller Juntas Crecemos cont\u00f3 con 20 emprendedoras inscritas, quienes durante 14 sesiones adquirieron herramientas que les permitir\u00e1n potenciar sus negocios, en tanto<\/p>\n<p style=\"text-align: justify;\">el objetivo del Taller Empoderadas fue fortalecer habilidades y capacidades, individuales y colectivas de las participantes, a trav\u00e9s del desarrollo de las autonom\u00edas, sensibilizaci\u00f3n sobre tem\u00e1ticas de g\u00e9nero y diversas formas de vinculaci\u00f3n. Este curso cont\u00f3 con 14 mujeres durante 7 sesiones.<\/p>\n<p style=\"text-align: justify;\">Ana Magnolia Mar\u00edn, participante de uno de los talleres expres\u00f3, \u201cesto es un logro para todas nosotras, tanto es as\u00ed que entre nosotras se cre\u00f3 un v\u00ednculo que nos est\u00e1 costando desligarnos y estamos buscando la manera de volver otra vez a reunirnos de que todo esto que se desarroll\u00f3 mediante PRODEMU germine, crezca y m\u00e1s adelante sea un proyecto mucho m\u00e1s grande. Yo soy migrante, llevo once a\u00f1os en la regi\u00f3n y estoy encantada, yo me enter\u00e9 por las mujeres feriantes, ellas me contaron de todas las bondades, llegu\u00e9 al Taller Juntas Crecemos con la intenci\u00f3n de capacitarme, de aprender cosas nuevas, pero sobre todo de socializar, porque muchas veces nos enfocamos tanto en las labores del hogar y socializar, aprender de otras mujeres es importante, eso fue lo que se dio en el Taller\u201d.<\/p>\n<p style=\"text-align: justify;\">La ceremonia de certificaci\u00f3n cont\u00f3 con la presencia de m\u00e1s de 50 personas, entre las que destacan las participantes de los talleres que se desarrollaron durante los meses de abril y julio, sus familias, representantes de las juntas de vecinos, funcionarias y funcionarios de PRODEMU y vecinas y vecinos.<\/p>\n<\/div><\/section><\/div><div  style='height:50px' class='hr hr-invisible   avia-builder-el-6  el_after_av_one_full  el_before_av_social_share '><span class='hr-inner ' ><span class='hr-inner-style'><\/span><\/span><\/div><\/p>\n<div  class='av-social-sharing-box  avia-builder-el-7  el_after_av_hr  el_before_av_hr  '><div class='av-share-box'><h5 class='av-share-link-description av-no-toc '>Compartir esta noticia<\/h5><ul class='av-share-box-list noLightbox'><li class='av-share-link av-social-link-facebook' ><a target=\"_blank\" aria-label=\"Compartir en Facebook\" href='https:\/\/www.facebook.com\/sharer.php?u=https:\/\/radiorevelacionfm.cl\/?p=34465&#038;t=Certifican%20a%2030%20mujeres%20de%20Coyhaique%20tras%20participar%20de%20Programa%20Juntas%20Crecemos%20y%20Empoderadas' aria-hidden='false' data-av_icon='\ue8f3' data-av_iconfont='entypo-fontello' title='' data-avia-related-tooltip='Compartir en Facebook' rel=\"noopener\"><span class='avia_hidden_link_text'>Compartir en Facebook<\/span><\/a><\/li><li class='av-share-link av-social-link-twitter' ><a target=\"_blank\" aria-label=\"Compartir en Twitter\" href='https:\/\/twitter.com\/share?text=Certifican%20a%2030%20mujeres%20de%20Coyhaique%20tras%20participar%20de%20Programa%20Juntas%20Crecemos%20y%20Empoderadas&#038;url=https:\/\/radiorevelacionfm.cl\/?p=34465' aria-hidden='false' data-av_icon='\ue8f1' data-av_iconfont='entypo-fontello' title='' data-avia-related-tooltip='Compartir en Twitter' rel=\"noopener\"><span class='avia_hidden_link_text'>Compartir en Twitter<\/span><\/a><\/li><li class='av-share-link av-social-link-whatsapp' ><a target=\"_blank\" aria-label=\"Compartir en Whatsapp\" href='https:\/\/api.whatsapp.com\/send?text=https:\/\/radiorevelacionfm.cl\/?p=34465' aria-hidden='false' data-av_icon='\uf232' data-av_iconfont='entypo-fontello' title='' data-avia-related-tooltip='Compartir en Whatsapp' rel=\"noopener\"><span class='avia_hidden_link_text'>Compartir en Whatsapp<\/span><\/a><\/li><li class='av-share-link av-social-link-linkedin' ><a target=\"_blank\" aria-label=\"Compartir en LinkedIn\" href='https:\/\/linkedin.com\/shareArticle?mini=true&#038;title=Certifican%20a%2030%20mujeres%20de%20Coyhaique%20tras%20participar%20de%20Programa%20Juntas%20Crecemos%20y%20Empoderadas&#038;url=https:\/\/radiorevelacionfm.cl\/?p=34465' aria-hidden='false' data-av_icon='\ue8fc' data-av_iconfont='entypo-fontello' title='' data-avia-related-tooltip='Compartir en LinkedIn' rel=\"noopener\"><span class='avia_hidden_link_text'>Compartir en LinkedIn<\/span><\/a><\/li><li class='av-share-link av-social-link-mail' ><a  aria-label=\"Compartir por correo\" href='mailto:?subject=Certifican%20a%2030%20mujeres%20de%20Coyhaique%20tras%20participar%20de%20Programa%20Juntas%20Crecemos%20y%20Empoderadas&#038;body=https:\/\/radiorevelacionfm.cl\/?p=34465' aria-hidden='false' data-av_icon='\ue805' data-av_iconfont='entypo-fontello' title='' data-avia-related-tooltip='Compartir por correo'><span class='avia_hidden_link_text'>Compartir por correo<\/span><\/a><\/li><\/ul><\/div><\/div>\n<div  style='height:50px' class='hr hr-invisible   avia-builder-el-8  el_after_av_social_share  el_before_av_comments_list '><span class='hr-inner ' ><span class='hr-inner-style'><\/span><\/span><\/div>\n<div  class='av-buildercomment  av-blog-meta-html-info-disabled av-blog-meta-tag-disabled  '><\/div>\n","protected":false},"excerpt":{"rendered":"","protected":false},"author":1,"featured_media":34466,"comment_status":"open","ping_status":"open","sticky":false,"template":"","format":"standard","meta":{"footnotes":""},"categories":[38],"tags":[],"class_list":["post-34465","post","type-post","status-publish","format-standard","has-post-thumbnail","hentry","category-regional"],"jetpack_featured_media_url":"https:\/\/radiorevelacionfm.cl\/wp-content\/uploads\/2023\/08\/WhatsApp-Image-2023-08-30-at-16.34.06-1-2.jpeg","_links":{"self":[{"href":"https:\/\/radiorevelacionfm.cl\/index.php?rest_route=\/wp\/v2\/posts\/34465","targetHints":{"allow":["GET"]}}],"collection":[{"href":"https:\/\/radiorevelacionfm.cl\/index.php?rest_route=\/wp\/v2\/posts"}],"about":[{"href":"https:\/\/radiorevelacionfm.cl\/index.php?rest_route=\/wp\/v2\/types\/post"}],"author":[{"embeddable":true,"href":"https:\/\/radiorevelacionfm.cl\/index.php?rest_route=\/wp\/v2\/users\/1"}],"replies":[{"embeddable":true,"href":"https:\/\/radiorevelacionfm.cl\/index.php?rest_route=%2Fwp%2Fv2%2Fcomments&post=34465"}],"version-history":[{"count":1,"href":"https:\/\/radiorevelacionfm.cl\/index.php?rest_route=\/wp\/v2\/posts\/34465\/revisions"}],"predecessor-version":[{"id":34467,"href":"https:\/\/radiorevelacionfm.cl\/index.php?rest_route=\/wp\/v2\/posts\/34465\/revisions\/34467"}],"wp:featuredmedia":[{"embeddable":true,"href":"https:\/\/radiorevelacionfm.cl\/index.php?rest_route=\/wp\/v2\/media\/34466"}],"wp:attachment":[{"href":"https:\/\/radiorevelacionfm.cl\/index.php?rest_route=%2Fwp%2Fv2%2Fmedia&parent=34465"}],"wp:term":[{"taxonomy":"category","embeddable":true,"href":"https:\/\/radiorevelacionfm.cl\/index.php?rest_route=%2Fwp%2Fv2%2Fcategories&post=34465"},{"taxonomy":"post_tag","embeddable":true,"href":"https:\/\/radiorevelacionfm.cl\/index.php?rest_route=%2Fwp%2Fv2%2Ftags&post=34465"}],"curies":[{"name":"wp","href":"https:\/\/api.w.org\/{rel}","templated":true}]}}