{"id":34463,"date":"2023-09-01T12:18:42","date_gmt":"2023-09-01T15:18:42","guid":{"rendered":"https:\/\/radiorevelacionfm.cl\/?p=34463"},"modified":"2023-09-01T12:18:42","modified_gmt":"2023-09-01T15:18:42","slug":"en-aysen-las-deudas-de-la-superintendencia-del-medio-ambiente-con-la-proteccion-de-la-naturaleza-y-las-comunidades","status":"publish","type":"post","link":"https:\/\/radiorevelacionfm.cl\/?p=34463","title":{"rendered":"En Ays\u00e9n: Las deudas de la Superintendencia del Medio Ambiente con la protecci\u00f3n de la naturaleza y las comunidades"},"content":{"rendered":"<div class=\"flex_column av_one_full  flex_column_div av-zero-column-padding first  avia-builder-el-0  el_before_av_one_full  avia-builder-el-first  \" style='border-radius:0px; '><div  class='avia-image-container  av-styling-    avia-builder-el-1  avia-builder-el-no-sibling  avia-align-center '  itemprop=\"image\" itemscope=\"itemscope\" itemtype=\"https:\/\/schema.org\/ImageObject\"  ><div class='avia-image-container-inner'><div class='avia-image-overlay-wrap'><img decoding=\"async\" class='wp-image-27681 avia-img-lazy-loading-not-27681 avia_image' src=\"https:\/\/radiorevelacionfm.cl\/wp-content\/uploads\/2023\/02\/Los-Domos_1024x683-1-1.jpg\" alt='' title='Los-Domos_1024x683 (1) (1)' height=\"600\" width=\"900\"  itemprop=\"thumbnailUrl\" srcset=\"https:\/\/radiorevelacionfm.cl\/wp-content\/uploads\/2023\/02\/Los-Domos_1024x683-1-1.jpg 900w, https:\/\/radiorevelacionfm.cl\/wp-content\/uploads\/2023\/02\/Los-Domos_1024x683-1-1-300x200.jpg 300w, https:\/\/radiorevelacionfm.cl\/wp-content\/uploads\/2023\/02\/Los-Domos_1024x683-1-1-768x512.jpg 768w, https:\/\/radiorevelacionfm.cl\/wp-content\/uploads\/2023\/02\/Los-Domos_1024x683-1-1-705x470.jpg 705w, https:\/\/radiorevelacionfm.cl\/wp-content\/uploads\/2023\/02\/Los-Domos_1024x683-1-1-600x400.jpg 600w\" sizes=\"(max-width: 900px) 100vw, 900px\" \/><\/div><\/div><\/div><\/div><div class=\"flex_column av_one_full  flex_column_div av-zero-column-padding first  avia-builder-el-2  el_after_av_one_full  el_before_av_one_full  column-top-margin\" style='border-radius:0px; '><section class=\"av_textblock_section \"  itemscope=\"itemscope\" itemtype=\"https:\/\/schema.org\/BlogPosting\" itemprop=\"blogPost\" ><div class='avia_textblock  '   itemprop=\"text\" ><p style=\"text-align: center;\"><span style=\"font-size: 18pt;\"><strong>En Ays\u00e9n: Las deudas de la Superintendencia del Medio Ambiente con la protecci\u00f3n de la naturaleza y las comunidades<\/strong><\/span><\/p>\n<div id=\"gtx-trans\" style=\"position: absolute; left: -50px; top: 4.31534px;\">\n<div class=\"gtx-trans-icon\"><\/div>\n<\/div>\n<\/div><\/section><\/div><div class=\"flex_column av_one_full  flex_column_div av-zero-column-padding first  avia-builder-el-4  el_after_av_one_full  el_before_av_hr  column-top-margin\" style='border-radius:0px; '><section class=\"av_textblock_section \"  itemscope=\"itemscope\" itemtype=\"https:\/\/schema.org\/BlogPosting\" itemprop=\"blogPost\" ><div class='avia_textblock  '   itemprop=\"text\" ><p class=\"v1MsoNormal\" style=\"text-align: justify;\"><span lang=\"ES\">El\u00a0<a href=\"https:\/\/snifa.sma.gob.cl\/UnidadFiscalizable\" target=\"_blank\" rel=\"noopener noreferrer\">catastro de Unidades Fiscalizables<\/a>\u00a0de la Superintendencia del Medio Ambiente (SMA) consigna que existen cerca de 60 parcelaciones de gran escala que pueden estar generando impactos ambientales sin que el organismo haya realizado a<\/span><span lang=\"X-NONE\">\u00fan\u00a0<\/span><span lang=\"ES\">el correspondiente Informe de Fiscalizaci<\/span><span lang=\"X-NONE\">\u00f3n Ambiental, que permita dilucidar sus efectos en el territorio y las comunidades.\u00a0\u00a0Muchos de \u00e9stos registros se originan en denuncias que se arrastran desde el a\u00f1o 2021, al menos, demora que contrasta con la urgencia que ha tenido esta materia tanto a nivel regional como nacional.<\/span><\/p>\n<p class=\"v1MsoNormal\" style=\"text-align: justify;\"><span lang=\"X-NONE\">En esta situaci\u00f3n se encuentran varios\u00a0<\/span><span lang=\"ES\"><a href=\"https:\/\/www.eldesconcierto.cl\/bienes-comunes\/2022\/04\/04\/organizaciones-de-aysen-denuncian-mega-loteos-en-la-patagonia-ante-la-sma.html\" target=\"_blank\" rel=\"noopener noreferrer\"><span lang=\"X-NONE\">mega loteos sobre los cuales existe informaci\u00f3n p\u00fablica<\/span><\/a><\/span><span lang=\"X-NONE\">, pero sin embargo para la institucionalidad ambiental es como que no existieran.\u00a0\u00a0A nivel regional la Superintendencia del Medio Ambiente es conducida por Oscar Leal Sandoval.<\/span><\/p>\n<p class=\"v1MsoNormal\" style=\"text-align: justify;\"><span lang=\"X-NONE\">\u00ab<i>La fiscalizaci\u00f3n ambiental es sumamente importante y requiere que \u00e9sta sea hecha en forma atingente, oportuna, y correcta. Corresponder\u00eda que funcionarios del servicio est\u00e9n en terreno, constatando in situ los posibles impactos denunciados, cuesti\u00f3n que hoy en d\u00eda nuestra institucionalidad no est\u00e1 logrando, desencadenando un retroceso en la prevenci\u00f3n de impactos ambientales<\/i>\u00bb se\u00f1al\u00f3 al respecto Sof\u00eda Barrera de ONG FIMA, organizaci\u00f3n nacional que ha seguido de cerca el tema con agrupaciones socioambientales de Ays\u00e9n.<\/span><\/p>\n<p class=\"v1MsoNormal\" style=\"text-align: justify;\"><span lang=\"X-NONE\">Pero el \u00e1mbito de las parcelaciones no es el \u00fanico en que la SMA act\u00faa con omisi\u00f3n. Tambi\u00e9n en el sector de la miner\u00eda, ha sido escaso el avance ante requerimientos concretos.<\/span><\/p>\n<p class=\"v1MsoNormal\" style=\"text-align: justify;\"><span lang=\"X-NONE\">El 10 de agosto de 2021 se interpuso en contra de\u00a0<b>Minera Equus Chile Limitada<\/b>\u00a0(controlada por Equus Mining) una\u00a0<\/span><span lang=\"ES\"><a href=\"https:\/\/www.cronicadigital.cl\/2021\/08\/29\/organizaciones-denuncian-que-minera-equus-mining-eludio-el-sistema-de-evaluacion-ambiental-en-prospecciones-en-cerro-bayo\/\" target=\"_blank\" rel=\"noopener noreferrer\"><span lang=\"X-NONE\">denuncia por la ejecuci\u00f3n ilegal<\/span><\/a><\/span><span lang=\"X-NONE\">, por eludir el Sistema de Evaluaci\u00f3n de Impacto Ambiental, de m\u00e1s de 50 plataformas de prospecci\u00f3n en el\u00a0<b>sector Cerro Bayo<\/b>\u00a0al interior del Sitio Prioritario para la Conservaci\u00f3n de la Biodiversidad \u00ab<i>Estepa Jeinimeni\u2013Lagunas de Bah\u00eda Jara<\/i>\u00ab, considerado para efectos de la legislaci\u00f3n ambiental \u00e1rea puesta bajo protecci\u00f3n oficial.\u00a0\u00a0La Compa\u00f1\u00eda Minera Cerro Bayo\u00a0<\/span><span lang=\"ES\"><a href=\"https:\/\/www.reporteminero.cl\/noticia\/noticias\/2021\/12\/mandalay-venta-cerro-bayo-equus-mining\" target=\"_blank\" rel=\"noopener noreferrer\"><span lang=\"X-NONE\">fue adquirida<\/span><\/a><\/span><span lang=\"X-NONE\">\u00a0por Equus Mining a Mandalay Resources a fines de 2021.\u00a0<\/span><\/p>\n<p class=\"v1MsoNormal\" style=\"text-align: justify;\"><span lang=\"X-NONE\">Tras m\u00e1s de un a\u00f1o sin tener noticias del requerimiento, en noviembre de 2022 se solicit\u00f3 resolver al respecto. La SMA respondi\u00f3 en diciembre que se levant\u00f3 un Informe de Fiscalizaci\u00f3n Ambiental que fue derivado a la Divisi\u00f3n Jur\u00eddica \u00ab<i>para su evaluaci\u00f3n y acciones que correspondan<\/i>\u00ab. Hasta hoy no se ha tenido noticias de lo resuelto.<\/span><\/p>\n<p class=\"v1MsoNormal\" style=\"text-align: justify;\"><span lang=\"X-NONE\">En una acci\u00f3n similar, desde fines de 2018 se viene solicitando a la SMA sanciones a\u00a0<b>Southern Gold<\/b>\u00a0(ligada tambi\u00e9n a Equus Mining) por otro proyecto:\u00a0<b>Los Domos<\/b>, cuyos titulares presionaron -exitosamente- para que su concesi\u00f3n minera quedara fuera del actual Parque Nacional Patagonia.\u00a0\u00a0\u00a0<\/span><\/p>\n<p class=\"v1MsoNormal\" style=\"text-align: justify;\"><span lang=\"X-NONE\">Transcurridos ya cinco a\u00f1os desde las primeras denuncias, el organismo sistem\u00e1ticamente se ha negado a sancionar a la empresa por m\u00e1s de 20 faenas de exploraci\u00f3n realizadas en forma ilegal. Incluso, le ha otorgado la posibilidad de evaluar ex post estas intervenciones. Fue en este contexto que en octubre de 2022 la minera ingres\u00f3 su proyecto de \u00ab<i>regularizaci\u00f3n de prospecciones<\/i>\u00ab, el cual sin embargo\u00a0<\/span><span lang=\"ES\"><a href=\"https:\/\/www.reporteminero.cl\/noticia\/noticias\/2022\/10\/sea-declara-impacto-ambiental-los-domos-southern-gold\" target=\"_blank\" rel=\"noopener noreferrer\"><span lang=\"X-NONE\">no fue admitido a tramitaci\u00f3n<\/span><\/a><\/span><span lang=\"X-NONE\">\u00a0por no presentar \u00ab<\/span><span lang=\"ES\"><a href=\"https:\/\/infofirma.sea.gob.cl\/DocumentosSEA\/MostrarDocumento?docId=c1\/ab\/7727e76422d1aeb1bca68f823ed0ce29d7a0\" target=\"_blank\" rel=\"noopener noreferrer\"><i><span lang=\"X-NONE\">los contenidos comunes y m\u00ednimos de las declaraciones de impacto ambiental<\/span><\/i><\/a><\/span><span lang=\"X-NONE\">\u00ab.\u00a0<\/span><\/p>\n<p class=\"v1MsoNormal\" style=\"text-align: justify;\"><span lang=\"X-NONE\">Las organizaciones han insistido en que, independiente de la evaluaci\u00f3n de obras consumadas, se debe sancionar a la empresa por ejecutar un proyecto sin autorizaci\u00f3n e, incluso, por no cumplir el plazo inicial que se le impuso para someterse al SEIA. S\u00f3lo tras esta falta, el 18 de enero de 2023 <\/span><span lang=\"ES\"><a href=\"https:\/\/www.radiosantamaria.cl\/2023\/02\/14\/sma-evalua-aplicar-sancion-a-proyecto-minero-los-domos\/\" target=\"_blank\" rel=\"noopener noreferrer\"><span lang=\"X-NONE\">la SMA decidi\u00f3<\/span><\/a><\/span><span lang=\"X-NONE\">\u00a0\u00ab<i>derivar los antecedentes asociados al proyecto al Departamento de Sanci\u00f3n y Cumplimiento, para que act\u00fae en atenci\u00f3n a sus atribuciones respecto a la hip\u00f3tesis de elusi\u00f3n al SEIA<\/i>\u00ab. Pero, hasta la fecha tampoco se ha tenido informaci\u00f3n alguna sobre lo decidido.<\/span><\/p>\n<p class=\"v1MsoNormal\" style=\"text-align: justify;\"><span lang=\"X-NONE\">En paralelo, gracias a diversas acciones ciudadanas, ya pesa una resoluci\u00f3n que\u00a0<\/span><span lang=\"ES\"><a href=\"https:\/\/www.eldesconcierto.cl\/medio-ambiente-y-naturaleza\/2021\/03\/25\/aysen-toda-nueva-prospeccion-minera-de-proyecto-los-domos-aledano-a-parque-patagonia-debe-ingresar-al-seia.html\" target=\"_blank\" rel=\"noopener noreferrer\"><span lang=\"X-NONE\">proh\u00edbe a la empresa realizar nuevas prospecciones mientras no se someta al SEIA<\/span><\/a><\/span><span lang=\"X-NONE\">.<\/span><\/p>\n<p class=\"v1MsoNormal\" style=\"text-align: justify;\"><span lang=\"X-NONE\">En el caso de la central\u00a0<b>hidroel\u00e9ctrica Los Maquis<\/b>, fue gracias a las acciones ciudadanas ante el Tribunal Ambiental de Valdivia &#8211;<\/span><span lang=\"ES\"><a href=\"https:\/\/3ta.cl\/noticias\/tribunal-ambiental-de-valdivia-anulo-archivo-de-denuncia-contra-central-los-maquis-de-chile-chico\/\" target=\"_blank\" rel=\"noopener noreferrer\"><span lang=\"X-NONE\">desestimadas sistem\u00e1ticamente por la SMA<\/span><\/a><\/span><span lang=\"X-NONE\">&#8211; que\u00a0<\/span><span lang=\"ES\"><a href=\"https:\/\/portal.sma.gob.cl\/index.php\/2022\/06\/07\/sma-requiere-a-la-empresa-electrica-de-aisen-el-ingreso-a-evaluacion-ambiental-del-proyecto-hidroelectrica-los-maquis-bajo-apercibimiento-de-sancion\/\" target=\"_blank\" rel=\"noopener noreferrer\"><span lang=\"X-NONE\">se logr\u00f3 que\u00a0<b>Edelays\u00e9n<\/b>\u00a0se someta a evaluaci\u00f3n ambiental<\/span><\/a><\/span><span lang=\"X-NONE\">. Proyecto al que hace un par de semanas se le <\/span><span lang=\"ES\"><a href=\"https:\/\/www.diarioregionalaysen.cl\/noticia\/actualidad\/2023\/08\/edelaysen-se-pronuncia-tras-termino-anticipado-de-evaluacion-ambiental-del-proyecto-minicentral-de-pasada-los-maquis\" target=\"_blank\" rel=\"noopener noreferrer\"><span lang=\"X-NONE\">dio t\u00e9rmino anticipado<\/span><\/a><\/span><span lang=\"X-NONE\">\u00a0por no contener contenidos esenciales para ser analizado.<\/span><\/p>\n<p class=\"v1MsoNormal\" style=\"text-align: justify;\"><span lang=\"X-NONE\">A pesar de este logro, desde inicios de 2020, al menos,\u00a0<\/span><span lang=\"ES\"><a href=\"https:\/\/www.fima.cl\/2023\/02\/06\/sma-debera-justificar-la-falta-de-sanciones-en-caso-los-maquis\/\" target=\"_blank\" rel=\"noopener noreferrer\"><span lang=\"X-NONE\">se est\u00e1 solicitando que la Superintendencia del Medio Ambiente inicie un proceso sancionatorio<\/span><\/a><\/span><span lang=\"X-NONE\">\u00a0contra la empresa, por eludir el SEIA.<\/span><\/p>\n<p class=\"v1MsoNormal\" style=\"text-align: justify;\"><span lang=\"X-NONE\">En sentencia del 31 de enero de 2023, el Tribunal Ambiental acogi\u00f3 el reclamo interpuesto por las organizaciones regionales en contra del acto administrativo de la SMA en que rechaz\u00f3 iniciar este procedimiento, requiri\u00e9ndole dictar una nueva resoluci\u00f3n que se haga cargo de la grave infracci\u00f3n cometida por Edelays\u00e9n.<\/span><\/p>\n<p class=\"v1MsoNormal\" style=\"text-align: justify;\"><span lang=\"X-NONE\">Y, por \u00faltimo, pese a que en 2018 se sancion\u00f3 a la\u00a0<b>ex Minera El Toqui<\/b>\u00a0al pago de una multa de m\u00e1s de 1.200 millones de pesos, a la fecha se encuentra incumplida la remediaci\u00f3n ambiental de la zona afectada por la modificaci\u00f3n ilegal de\u00a0<b>dicho proyecto (Confluencia)<\/b> de almacenamiento de relaves mineros. Todo esto, favorecido porque la SMA mantiene sin tramitaci\u00f3n el procedimiento de Requerimiento de Ingreso al SEIA desde febrero del a\u00f1o 2021.<\/span><\/p>\n<p class=\"v1MsoNormal\" style=\"text-align: justify;\"><span lang=\"X-NONE\">\u00ab<i>Todos estos procedimientos que no avanzan, adem\u00e1s de un inaceptable incumplimiento de la superintendencia a sus deberes y funciones, se traducen en la falta de adopci\u00f3n de medidas adecuadas respecto de graves impactos socioambientales que estos proyectos han causado y contin\u00faan generando en los territorios intervenidos<\/i>\u00bb se\u00f1al\u00f3 al respecto Erwin Sandoval Gallardo, presidente de la Corporaci\u00f3n Privada para el Desarrollo de Ays\u00e9n, organizaci\u00f3n regional que ha sido parte de las acciones legales y administrativas.<\/span><\/p>\n<p class=\"v1MsoNormal\" style=\"text-align: justify;\"><span lang=\"X-NONE\">\u00ab<i>Por ejemplo, contin\u00faan sin adoptarse medidas id\u00f3neas para resolver los impactos de m\u00e1s de 18 kil\u00f3metros de caminos al interior de un \u00e1rea bajo protecci\u00f3n oficial, en el caso del proyecto Los Domos y la comunidad de Alto Ma\u00f1ihuales sigue viviendo al lado de un tranque de relaves que ha contaminado suelo, agua y ganado hasta el sector de Lago Norte. La SMA no puede continuar con este negligente actuar que se traduce en deterioro ambiental y afectaci\u00f3n a la calidad de vida y salud de los habitantes de comunidades locales<\/i>\u00bb puntualiz\u00f3 el dirigente.<\/span><\/p>\n<\/div><\/section><\/div><div  style='height:50px' class='hr hr-invisible   avia-builder-el-6  el_after_av_one_full  el_before_av_social_share '><span class='hr-inner ' ><span class='hr-inner-style'><\/span><\/span><\/div><\/p>\n<div  class='av-social-sharing-box  avia-builder-el-7  el_after_av_hr  el_before_av_hr  '><div class='av-share-box'><h5 class='av-share-link-description av-no-toc '>Compartir esta noticia<\/h5><ul class='av-share-box-list noLightbox'><li class='av-share-link av-social-link-facebook' ><a target=\"_blank\" aria-label=\"Compartir en Facebook\" href='https:\/\/www.facebook.com\/sharer.php?u=https:\/\/radiorevelacionfm.cl\/?p=34463&#038;t=En%20Ays%C3%A9n%3A%20Las%20deudas%20de%20la%20Superintendencia%20del%20Medio%20Ambiente%20con%20la%20protecci%C3%B3n%20de%20la%20naturaleza%20y%20las%20comunidades' aria-hidden='false' data-av_icon='\ue8f3' data-av_iconfont='entypo-fontello' title='' data-avia-related-tooltip='Compartir en Facebook' rel=\"noopener\"><span class='avia_hidden_link_text'>Compartir en Facebook<\/span><\/a><\/li><li class='av-share-link av-social-link-twitter' ><a target=\"_blank\" aria-label=\"Compartir en Twitter\" href='https:\/\/twitter.com\/share?text=En%20Ays%C3%A9n%3A%20Las%20deudas%20de%20la%20Superintendencia%20del%20Medio%20Ambiente%20con%20la%20protecci%C3%B3n%20de%20la%20naturaleza%20y%20las%20comunidades&#038;url=https:\/\/radiorevelacionfm.cl\/?p=34463' aria-hidden='false' data-av_icon='\ue8f1' data-av_iconfont='entypo-fontello' title='' data-avia-related-tooltip='Compartir en Twitter' rel=\"noopener\"><span class='avia_hidden_link_text'>Compartir en Twitter<\/span><\/a><\/li><li class='av-share-link av-social-link-whatsapp' ><a target=\"_blank\" aria-label=\"Compartir en Whatsapp\" href='https:\/\/api.whatsapp.com\/send?text=https:\/\/radiorevelacionfm.cl\/?p=34463' aria-hidden='false' data-av_icon='\uf232' data-av_iconfont='entypo-fontello' title='' data-avia-related-tooltip='Compartir en Whatsapp' rel=\"noopener\"><span class='avia_hidden_link_text'>Compartir en Whatsapp<\/span><\/a><\/li><li class='av-share-link av-social-link-linkedin' ><a target=\"_blank\" aria-label=\"Compartir en LinkedIn\" href='https:\/\/linkedin.com\/shareArticle?mini=true&#038;title=En%20Ays%C3%A9n%3A%20Las%20deudas%20de%20la%20Superintendencia%20del%20Medio%20Ambiente%20con%20la%20protecci%C3%B3n%20de%20la%20naturaleza%20y%20las%20comunidades&#038;url=https:\/\/radiorevelacionfm.cl\/?p=34463' aria-hidden='false' data-av_icon='\ue8fc' data-av_iconfont='entypo-fontello' title='' data-avia-related-tooltip='Compartir en LinkedIn' rel=\"noopener\"><span class='avia_hidden_link_text'>Compartir en LinkedIn<\/span><\/a><\/li><li class='av-share-link av-social-link-mail' ><a  aria-label=\"Compartir por correo\" href='mailto:?subject=En%20Ays%C3%A9n%3A%20Las%20deudas%20de%20la%20Superintendencia%20del%20Medio%20Ambiente%20con%20la%20protecci%C3%B3n%20de%20la%20naturaleza%20y%20las%20comunidades&#038;body=https:\/\/radiorevelacionfm.cl\/?p=34463' aria-hidden='false' data-av_icon='\ue805' data-av_iconfont='entypo-fontello' title='' data-avia-related-tooltip='Compartir por correo'><span class='avia_hidden_link_text'>Compartir por correo<\/span><\/a><\/li><\/ul><\/div><\/div>\n<div  style='height:50px' class='hr hr-invisible   avia-builder-el-8  el_after_av_social_share  el_before_av_comments_list '><span class='hr-inner ' ><span class='hr-inner-style'><\/span><\/span><\/div>\n<div  class='av-buildercomment  av-blog-meta-html-info-disabled av-blog-meta-tag-disabled  '><\/div>\n","protected":false},"excerpt":{"rendered":"","protected":false},"author":1,"featured_media":27681,"comment_status":"open","ping_status":"open","sticky":false,"template":"","format":"standard","meta":{"footnotes":""},"categories":[39],"tags":[],"class_list":["post-34463","post","type-post","status-publish","format-standard","has-post-thumbnail","hentry","category-medio-ambiente"],"jetpack_featured_media_url":"https:\/\/radiorevelacionfm.cl\/wp-content\/uploads\/2023\/02\/Los-Domos_1024x683-1-1.jpg","_links":{"self":[{"href":"https:\/\/radiorevelacionfm.cl\/index.php?rest_route=\/wp\/v2\/posts\/34463","targetHints":{"allow":["GET"]}}],"collection":[{"href":"https:\/\/radiorevelacionfm.cl\/index.php?rest_route=\/wp\/v2\/posts"}],"about":[{"href":"https:\/\/radiorevelacionfm.cl\/index.php?rest_route=\/wp\/v2\/types\/post"}],"author":[{"embeddable":true,"href":"https:\/\/radiorevelacionfm.cl\/index.php?rest_route=\/wp\/v2\/users\/1"}],"replies":[{"embeddable":true,"href":"https:\/\/radiorevelacionfm.cl\/index.php?rest_route=%2Fwp%2Fv2%2Fcomments&post=34463"}],"version-history":[{"count":1,"href":"https:\/\/radiorevelacionfm.cl\/index.php?rest_route=\/wp\/v2\/posts\/34463\/revisions"}],"predecessor-version":[{"id":34464,"href":"https:\/\/radiorevelacionfm.cl\/index.php?rest_route=\/wp\/v2\/posts\/34463\/revisions\/34464"}],"wp:featuredmedia":[{"embeddable":true,"href":"https:\/\/radiorevelacionfm.cl\/index.php?rest_route=\/wp\/v2\/media\/27681"}],"wp:attachment":[{"href":"https:\/\/radiorevelacionfm.cl\/index.php?rest_route=%2Fwp%2Fv2%2Fmedia&parent=34463"}],"wp:term":[{"taxonomy":"category","embeddable":true,"href":"https:\/\/radiorevelacionfm.cl\/index.php?rest_route=%2Fwp%2Fv2%2Fcategories&post=34463"},{"taxonomy":"post_tag","embeddable":true,"href":"https:\/\/radiorevelacionfm.cl\/index.php?rest_route=%2Fwp%2Fv2%2Ftags&post=34463"}],"curies":[{"name":"wp","href":"https:\/\/api.w.org\/{rel}","templated":true}]}}