{"id":34457,"date":"2023-08-31T12:43:56","date_gmt":"2023-08-31T15:43:56","guid":{"rendered":"https:\/\/radiorevelacionfm.cl\/?p=34457"},"modified":"2023-08-31T12:43:56","modified_gmt":"2023-08-31T15:43:56","slug":"en-noviembre-llamaran-a-licitacion-de-nueva-nave-complementaria-para-el-lago-general-carrera","status":"publish","type":"post","link":"https:\/\/radiorevelacionfm.cl\/?p=34457","title":{"rendered":"En noviembre llamar\u00e1n a licitaci\u00f3n de nueva nave complementaria para el Lago General Carrera"},"content":{"rendered":"<div class=\"flex_column av_one_full  flex_column_div av-zero-column-padding first  avia-builder-el-0  el_before_av_one_full  avia-builder-el-first  \" style='border-radius:0px; '><div  class='avia-image-container  av-styling-    avia-builder-el-1  avia-builder-el-no-sibling  avia-align-center '  itemprop=\"image\" itemscope=\"itemscope\" itemtype=\"https:\/\/schema.org\/ImageObject\"  ><div class='avia-image-container-inner'><div class='avia-image-overlay-wrap'><img decoding=\"async\" class='wp-image-34458 avia-img-lazy-loading-not-34458 avia_image' src=\"https:\/\/radiorevelacionfm.cl\/wp-content\/uploads\/2023\/08\/cuatro-chilechico-1_optimized-1.jpg\" alt='' title='cuatro-chilechico-(1)_optimized (1)' height=\"600\" width=\"1067\"  itemprop=\"thumbnailUrl\" srcset=\"https:\/\/radiorevelacionfm.cl\/wp-content\/uploads\/2023\/08\/cuatro-chilechico-1_optimized-1.jpg 1067w, https:\/\/radiorevelacionfm.cl\/wp-content\/uploads\/2023\/08\/cuatro-chilechico-1_optimized-1-300x169.jpg 300w, https:\/\/radiorevelacionfm.cl\/wp-content\/uploads\/2023\/08\/cuatro-chilechico-1_optimized-1-1030x579.jpg 1030w, https:\/\/radiorevelacionfm.cl\/wp-content\/uploads\/2023\/08\/cuatro-chilechico-1_optimized-1-768x432.jpg 768w, https:\/\/radiorevelacionfm.cl\/wp-content\/uploads\/2023\/08\/cuatro-chilechico-1_optimized-1-705x396.jpg 705w, https:\/\/radiorevelacionfm.cl\/wp-content\/uploads\/2023\/08\/cuatro-chilechico-1_optimized-1-450x253.jpg 450w, https:\/\/radiorevelacionfm.cl\/wp-content\/uploads\/2023\/08\/cuatro-chilechico-1_optimized-1-600x337.jpg 600w\" sizes=\"(max-width: 1067px) 100vw, 1067px\" \/><\/div><\/div><\/div><\/div><div class=\"flex_column av_one_full  flex_column_div av-zero-column-padding first  avia-builder-el-2  el_after_av_one_full  el_before_av_one_full  column-top-margin\" style='border-radius:0px; '><section class=\"av_textblock_section \"  itemscope=\"itemscope\" itemtype=\"https:\/\/schema.org\/BlogPosting\" itemprop=\"blogPost\" ><div class='avia_textblock  '   itemprop=\"text\" ><p style=\"text-align: center;\"><strong><span style=\"font-size: 18pt;\">En noviembre llamar\u00e1n a licitaci\u00f3n de nueva nave complementaria para el Lago General Carrera<\/span><\/strong><\/p>\n<div id=\"gtx-trans\" style=\"position: absolute; left: -50px; top: 4.31534px;\">\n<div class=\"gtx-trans-icon\"><\/div>\n<\/div>\n<\/div><\/section><\/div><div class=\"flex_column av_one_full  flex_column_div av-zero-column-padding first  avia-builder-el-4  el_after_av_one_full  el_before_av_hr  column-top-margin\" style='border-radius:0px; '><section class=\"av_textblock_section \"  itemscope=\"itemscope\" itemtype=\"https:\/\/schema.org\/BlogPosting\" itemprop=\"blogPost\" ><div class='avia_textblock  '   itemprop=\"text\" ><p style=\"text-align: justify;\"><em>\u201cAdem\u00e1s, en materia vial, son 27 kil\u00f3metros de caminos en los alrededores de Chile Chico a los que se les aplicar\u00e1 soluciones intermedias para mejorar su est\u00e1ndar y transitabilidad, y se invertir\u00e1 del orden de $16 mil millones en la pavimentaci\u00f3n del camino cruce El Mait\u00e9n-Puerto Guadal, todo lo que sumado a la nueva nave para el lago General Carrera son cambios claves que como gobierno de Gabriel Boric estamos impulsando para mejorar el bienestar de la comunidad\u201d, asegur\u00f3 el SEREMI del MOP.<\/em><\/p>\n<p style=\"text-align: justify;\">\u201cMe parece fant\u00e1stico que se produzca esta cercan\u00eda con la comunidad, porque normalmente uno no siempre puede acceder a toda la informaci\u00f3n y ya viniendo a estas instancias se entera de cosas como la pavimentaci\u00f3n que est\u00e1 proyectada para la comuna de Chile Chico, la que va a ser muy grande y sin lugar a dudas va a fomentar la conectividad entre las localidades cercanas como por ejemplo Bah\u00eda Jara. Entonces, a m\u00ed me parece espectacular\u201d, asegur\u00f3 Leonardo Cerda, vecino de Chile Chico.<\/p>\n<p style=\"text-align: justify;\">El Ministerio de Obras P\u00fablicas a trav\u00e9s de sus diversas Direcciones Regionales ha estado trabajando durante el gobierno de Gabriel Boric en el territorio, con la participaci\u00f3n de las vecinas y vecinos y abarcando en forma integral los diversos requerimientos de infraestructura de las comunidades. Esta l\u00ednea de acci\u00f3n participativa, es la que el Secretario Regional Ministerial de Obras P\u00fablicas Patricio Sanhueza Ulloa, junto a los directores regionales de Obras Portuarias MOP \u00c1lvaro D\u00edaz Contreras y de Vialidad MOP Renzo Sanders Cortes conjuntamente con el Delegado Presidencial Provincial de General Carrera Crist\u00f3bal Barcel\u00f3 Veas y equipos, propenden y en raz\u00f3n a ello, se reunieron recientemente con la comunidad de Chile Chico en el marco de la Mesa de Conectividad del lago General Carrera, e hicieron un balance de la gesti\u00f3n en la comuna, iniciativa que fue evaluada positivamente por el vecino Leonardo Cerda, quien destac\u00f3 \u201cparticipando en estas instancias es que nos podemos enterar de los avances que ha tenido este gobierno con respecto a lo que se prometi\u00f3, que es avanzar en infraestructura en la regi\u00f3n\u201d.<\/p>\n<p style=\"text-align: justify;\">En este contexto, el Secretario Regional Ministerial de Obras P\u00fablicas, Patricio Sanhueza, en la reuni\u00f3n detall\u00f3 importantes logros para la comuna y la provincia, indicando al respecto: \u201cPudimos dar cuenta en detalle de los anuncios presidenciales y los informados por la ministra Jessica L\u00f3pez Saffie. Vamos a llamar a licitaci\u00f3n la nave complementaria para el lago General Carrera en noviembre de este a\u00f1o; tambi\u00e9n, en septiembre vamos a conservar la infraestructura portuaria de Puerto Ib\u00e1\u00f1ez y de Chile Chico; en un par de meses m\u00e1s vamos a conservar el muelle y la rampa de Puerto Guadal que son proyectos que nuestro equipo de Obras Portuarias ha desarrollado y sumamos a eso, un proyecto de nueva infraestructura pr\u00f3ximo a licitar que es el Terminal de Pasajeros de Chile Chico en donde hoy estamos terminando el proyecto del Terminal a nivel de ingenier\u00eda de detalle; hemos dado los plazos de la reactivaci\u00f3n de la conservaci\u00f3n mayor del Aer\u00f3dromo de Chile Chico que esperamos tenerlo adjudicado a fin de a\u00f1o; informamos el avance que tenemos en las obras de infraestructura p\u00fablica que realiza nuestra Direcci\u00f3n de Arquitectura en el Parque Patagonia, la que a la fecha alcanzan un 35% de avance y que tenemos proyectado terminar en enero del a\u00f1o 2024. Tambi\u00e9n, destacamos la iniciativa que nos ha pedido impulsar la ministra Jessica L\u00f3pez que son la aplicaci\u00f3n de sellos asf\u00e1lticos en los caminos, como lo haremos en el cruce Ruta 265-acceso al Aer\u00f3dromo de Chile Chico, en los Callejones Falc\u00f3n y Vel\u00e1squez, el camino a Bah\u00eda Jara, en cuatro kil\u00f3metros del camino Pampa La Perra y desde Guadal hasta el puente Los Maquis, los que totalizan alrededor de 27 kil\u00f3metros que van a mejorar sustancialmente la calidad de vida de la poblaci\u00f3n alrededor de los centros poblados, y en donde estamos invirtiendo alrededor de $900 millones para su mejoramiento. Tambi\u00e9n, hemos anunciado el llamado a licitaci\u00f3n de la pavimentaci\u00f3n a fin de a\u00f1o del camino cruce El \u00a0Mait\u00e9n hasta Puerto Guadal con una inversi\u00f3n del orden de los 16 mil millones de pesos, as\u00ed que es una fuerte inversi\u00f3n que se va a realizar en la comuna y en la provincia\u201d.<\/p>\n<\/div><\/section><\/div><div  style='height:50px' class='hr hr-invisible   avia-builder-el-6  el_after_av_one_full  el_before_av_social_share '><span class='hr-inner ' ><span class='hr-inner-style'><\/span><\/span><\/div><\/p>\n<div  class='av-social-sharing-box  avia-builder-el-7  el_after_av_hr  el_before_av_hr  '><div class='av-share-box'><h5 class='av-share-link-description av-no-toc '>Compartir esta noticia<\/h5><ul class='av-share-box-list noLightbox'><li class='av-share-link av-social-link-facebook' ><a target=\"_blank\" aria-label=\"Compartir en Facebook\" href='https:\/\/www.facebook.com\/sharer.php?u=https:\/\/radiorevelacionfm.cl\/?p=34457&#038;t=En%20noviembre%20llamar%C3%A1n%20a%20licitaci%C3%B3n%20de%20nueva%20nave%20complementaria%20para%20el%20Lago%20General%20Carrera' aria-hidden='false' data-av_icon='\ue8f3' data-av_iconfont='entypo-fontello' title='' data-avia-related-tooltip='Compartir en Facebook' rel=\"noopener\"><span class='avia_hidden_link_text'>Compartir en Facebook<\/span><\/a><\/li><li class='av-share-link av-social-link-twitter' ><a target=\"_blank\" aria-label=\"Compartir en Twitter\" href='https:\/\/twitter.com\/share?text=En%20noviembre%20llamar%C3%A1n%20a%20licitaci%C3%B3n%20de%20nueva%20nave%20complementaria%20para%20el%20Lago%20General%20Carrera&#038;url=https:\/\/radiorevelacionfm.cl\/?p=34457' aria-hidden='false' data-av_icon='\ue8f1' data-av_iconfont='entypo-fontello' title='' data-avia-related-tooltip='Compartir en Twitter' rel=\"noopener\"><span class='avia_hidden_link_text'>Compartir en Twitter<\/span><\/a><\/li><li class='av-share-link av-social-link-whatsapp' ><a target=\"_blank\" aria-label=\"Compartir en Whatsapp\" href='https:\/\/api.whatsapp.com\/send?text=https:\/\/radiorevelacionfm.cl\/?p=34457' aria-hidden='false' data-av_icon='\uf232' data-av_iconfont='entypo-fontello' title='' data-avia-related-tooltip='Compartir en Whatsapp' rel=\"noopener\"><span class='avia_hidden_link_text'>Compartir en Whatsapp<\/span><\/a><\/li><li class='av-share-link av-social-link-linkedin' ><a target=\"_blank\" aria-label=\"Compartir en LinkedIn\" href='https:\/\/linkedin.com\/shareArticle?mini=true&#038;title=En%20noviembre%20llamar%C3%A1n%20a%20licitaci%C3%B3n%20de%20nueva%20nave%20complementaria%20para%20el%20Lago%20General%20Carrera&#038;url=https:\/\/radiorevelacionfm.cl\/?p=34457' aria-hidden='false' data-av_icon='\ue8fc' data-av_iconfont='entypo-fontello' title='' data-avia-related-tooltip='Compartir en LinkedIn' rel=\"noopener\"><span class='avia_hidden_link_text'>Compartir en LinkedIn<\/span><\/a><\/li><li class='av-share-link av-social-link-mail' ><a  aria-label=\"Compartir por correo\" href='mailto:?subject=En%20noviembre%20llamar%C3%A1n%20a%20licitaci%C3%B3n%20de%20nueva%20nave%20complementaria%20para%20el%20Lago%20General%20Carrera&#038;body=https:\/\/radiorevelacionfm.cl\/?p=34457' aria-hidden='false' data-av_icon='\ue805' data-av_iconfont='entypo-fontello' title='' data-avia-related-tooltip='Compartir por correo'><span class='avia_hidden_link_text'>Compartir por correo<\/span><\/a><\/li><\/ul><\/div><\/div>\n<div  style='height:50px' class='hr hr-invisible   avia-builder-el-8  el_after_av_social_share  el_before_av_comments_list '><span class='hr-inner ' ><span class='hr-inner-style'><\/span><\/span><\/div>\n<div  class='av-buildercomment  av-blog-meta-html-info-disabled av-blog-meta-tag-disabled  '><\/div>\n","protected":false},"excerpt":{"rendered":"","protected":false},"author":1,"featured_media":34458,"comment_status":"open","ping_status":"open","sticky":false,"template":"","format":"standard","meta":{"footnotes":""},"categories":[38],"tags":[],"class_list":["post-34457","post","type-post","status-publish","format-standard","has-post-thumbnail","hentry","category-regional"],"jetpack_featured_media_url":"https:\/\/radiorevelacionfm.cl\/wp-content\/uploads\/2023\/08\/cuatro-chilechico-1_optimized-1.jpg","_links":{"self":[{"href":"https:\/\/radiorevelacionfm.cl\/index.php?rest_route=\/wp\/v2\/posts\/34457","targetHints":{"allow":["GET"]}}],"collection":[{"href":"https:\/\/radiorevelacionfm.cl\/index.php?rest_route=\/wp\/v2\/posts"}],"about":[{"href":"https:\/\/radiorevelacionfm.cl\/index.php?rest_route=\/wp\/v2\/types\/post"}],"author":[{"embeddable":true,"href":"https:\/\/radiorevelacionfm.cl\/index.php?rest_route=\/wp\/v2\/users\/1"}],"replies":[{"embeddable":true,"href":"https:\/\/radiorevelacionfm.cl\/index.php?rest_route=%2Fwp%2Fv2%2Fcomments&post=34457"}],"version-history":[{"count":1,"href":"https:\/\/radiorevelacionfm.cl\/index.php?rest_route=\/wp\/v2\/posts\/34457\/revisions"}],"predecessor-version":[{"id":34459,"href":"https:\/\/radiorevelacionfm.cl\/index.php?rest_route=\/wp\/v2\/posts\/34457\/revisions\/34459"}],"wp:featuredmedia":[{"embeddable":true,"href":"https:\/\/radiorevelacionfm.cl\/index.php?rest_route=\/wp\/v2\/media\/34458"}],"wp:attachment":[{"href":"https:\/\/radiorevelacionfm.cl\/index.php?rest_route=%2Fwp%2Fv2%2Fmedia&parent=34457"}],"wp:term":[{"taxonomy":"category","embeddable":true,"href":"https:\/\/radiorevelacionfm.cl\/index.php?rest_route=%2Fwp%2Fv2%2Fcategories&post=34457"},{"taxonomy":"post_tag","embeddable":true,"href":"https:\/\/radiorevelacionfm.cl\/index.php?rest_route=%2Fwp%2Fv2%2Ftags&post=34457"}],"curies":[{"name":"wp","href":"https:\/\/api.w.org\/{rel}","templated":true}]}}