{"id":34454,"date":"2023-08-31T11:48:49","date_gmt":"2023-08-31T14:48:49","guid":{"rendered":"https:\/\/radiorevelacionfm.cl\/?p=34454"},"modified":"2023-08-31T11:48:49","modified_gmt":"2023-08-31T14:48:49","slug":"mejoran-las-condiciones-de-habitabilidad-y-eficiencia-energetica-del-jardin-lobito-feroz-de-puerto-aysen","status":"publish","type":"post","link":"https:\/\/radiorevelacionfm.cl\/?p=34454","title":{"rendered":"Mejoran las condiciones de habitabilidad y eficiencia energ\u00e9tica del Jard\u00edn \u201cLobito Feroz\u201d de Puerto Ays\u00e9n"},"content":{"rendered":"<div class=\"flex_column av_one_full  flex_column_div av-zero-column-padding first  avia-builder-el-0  el_before_av_one_full  avia-builder-el-first  \" style='border-radius:0px; '><div  class='avia-image-container  av-styling-    avia-builder-el-1  avia-builder-el-no-sibling  avia-align-center '  itemprop=\"image\" itemscope=\"itemscope\" itemtype=\"https:\/\/schema.org\/ImageObject\"  ><div class='avia-image-container-inner'><div class='avia-image-overlay-wrap'><img decoding=\"async\" class='wp-image-34455 avia-img-lazy-loading-not-34455 avia_image' src=\"https:\/\/radiorevelacionfm.cl\/wp-content\/uploads\/2023\/08\/IMG_5968-1-1.jpg\" alt='' title='IMG_5968 (1) (1)' height=\"600\" width=\"800\"  itemprop=\"thumbnailUrl\" srcset=\"https:\/\/radiorevelacionfm.cl\/wp-content\/uploads\/2023\/08\/IMG_5968-1-1.jpg 800w, https:\/\/radiorevelacionfm.cl\/wp-content\/uploads\/2023\/08\/IMG_5968-1-1-300x225.jpg 300w, https:\/\/radiorevelacionfm.cl\/wp-content\/uploads\/2023\/08\/IMG_5968-1-1-768x576.jpg 768w, https:\/\/radiorevelacionfm.cl\/wp-content\/uploads\/2023\/08\/IMG_5968-1-1-705x529.jpg 705w, https:\/\/radiorevelacionfm.cl\/wp-content\/uploads\/2023\/08\/IMG_5968-1-1-450x338.jpg 450w, https:\/\/radiorevelacionfm.cl\/wp-content\/uploads\/2023\/08\/IMG_5968-1-1-600x450.jpg 600w\" sizes=\"(max-width: 800px) 100vw, 800px\" \/><\/div><\/div><\/div><\/div><div class=\"flex_column av_one_full  flex_column_div av-zero-column-padding first  avia-builder-el-2  el_after_av_one_full  el_before_av_one_full  column-top-margin\" style='border-radius:0px; '><section class=\"av_textblock_section \"  itemscope=\"itemscope\" itemtype=\"https:\/\/schema.org\/BlogPosting\" itemprop=\"blogPost\" ><div class='avia_textblock  '   itemprop=\"text\" ><p style=\"text-align: center;\"><strong><span style=\"font-size: 18pt;\">Mejoran las condiciones de habitabilidad y eficiencia energ\u00e9tica del Jard\u00edn \u201cLobito Feroz\u201d de Puerto Ays\u00e9n<\/span><\/strong><\/p>\n<div id=\"gtx-trans\" style=\"position: absolute; left: -50px; top: 4.31534px;\">\n<div class=\"gtx-trans-icon\"><\/div>\n<\/div>\n<\/div><\/section><\/div><div class=\"flex_column av_one_full  flex_column_div av-zero-column-padding first  avia-builder-el-4  el_after_av_one_full  el_before_av_hr  column-top-margin\" style='border-radius:0px; '><section class=\"av_textblock_section \"  itemscope=\"itemscope\" itemtype=\"https:\/\/schema.org\/BlogPosting\" itemprop=\"blogPost\" ><div class='avia_textblock  '   itemprop=\"text\" ><p style=\"text-align: justify;\">La Unidad Educativa, una de las m\u00e1s antiguas de la comuna, desde ahora cuenta con el perfeccionamiento de su infraestructura que incluye modificaciones que incorporaron un recambio de ventanas, puertas y la instalaci\u00f3n de calefacci\u00f3n central, entre otros. Tanto la comunidad, como las autoridades locales, m\u00e1s la Junta Nacional de Jardines Infantiles (Junji), valoraron las obras que intervinieron 622 metros cuadrados del recinto.<\/p>\n<p style=\"text-align: justify;\">La construcci\u00f3n de eta conservaci\u00f3n necesit\u00f3 de la cooperaci\u00f3n de la toda la comunidad: asistentes, educadores, apoderados y, principalmente, ni\u00f1os y ni\u00f1as, pero hoy ya es una realidad que ha cambiado por completo el recinto, que ahora luce nuevas condiciones de habitabilidad y de eficiencia energ\u00e9tica.<\/p>\n<p style=\"text-align: justify;\">El proyecto consider\u00f3 la superficie interior y exterior de la unidad educativa, con intervenciones que destacan el mejoramiento t\u00e9rmico mediante el cambio de ventanas y puertas termopanel. Adem\u00e1s, se incorpor\u00f3 un sistema de calefacci\u00f3n central, mediante una caldera de producci\u00f3n de agua caliente distribuida por radiadores a todo el edificio. Tambi\u00e9n se consider\u00f3 el replanteo de las salidas de evacuaci\u00f3n alternativa para optimizar las condiciones de seguridad.<\/p>\n<p style=\"text-align: justify;\">Otro aspecto para destacar fue la intervenci\u00f3n en el patio cubierto, que contempl\u00f3 la apertura hacia el exterior para optimizar sustancialmente la iluminaci\u00f3n y vinculaci\u00f3n visual con el entorno, contribuyendo positivamente a los procesos educativos. Finalmente, el cambio de revestimientos interiores y de mobiliario de acero inoxidable junto a modificaciones en las cocinas, que optimizan radicalmente las condiciones de higiene y seguridad en el sistema de alimentaci\u00f3n.<\/p>\n<p style=\"text-align: justify;\">Para Andrea G\u00f3mez, directora del Jard\u00edn Infantil Lobito Feroz, estos trabajos eran \u201cun anhelo de a\u00f1os. Estamos muy contentos porque pudimos finiquitar y finalizar este proyecto y hacer esta linda actividad de ceremonia de cierre, en conjunto con las familias, con todos los invitados que nos acompa\u00f1aron. As\u00ed que vamos a poder seguir entregando aprendizaje de calidad, porque el aprendizaje no es solamente en las experiencias pedag\u00f3gicas o en lo que entregan las educadoras y t\u00e9cnicos d\u00eda a d\u00eda a ni\u00f1os y ni\u00f1as, sino que tambi\u00e9n el bienestar integral y eso significa estar en un lugar calentito, tener sus comidas y todo lo que implica una jornada completa en jard\u00edn infantil y hoy, con estas mejoras, velamos mucho m\u00e1s por el bienestar de los ni\u00f1os y ni\u00f1as desde Junji en el jard\u00edn\u201d, se\u00f1al\u00f3.<\/p>\n<p style=\"text-align: justify;\">Scarlett Garc\u00eda, apoderada, manifest\u00f3 que \u201ca lo que era antes ahora qued\u00f3 muy hermoso. Felicitaciones a las educadoras, la directora de Jard\u00edn Lobito Feroz por todo el apoyo que brindaron y para hacer que el jard\u00edn crezca cada vez m\u00e1s\u201d.<\/p>\n<p style=\"text-align: justify;\">El alcalde de Ays\u00e9n Julio Uribe, afirm\u00f3 que \u201cestas instancias son muy importante para nuestra comuna. El poder mejorar las condiciones de trabajo, tanto para las personas que funcionan ac\u00e1 como para nuestros ni\u00f1os, que puede tener una aislaci\u00f3n t\u00e9rmica, que las personas puedan venir contentas a su trabajo, con buena luminosidad, todo eso lo hace est\u00e1 modernizaci\u00f3n de los espacios y eso, no se hace posible, si es que no hay una voluntad detr\u00e1s de poder mejorar las condiciones\u201d.<\/p>\n<p style=\"text-align: justify;\">Sebasti\u00e1n Vega, delegado provincial (s) de Ays\u00e9n, finaliz\u00f3 advirtiendo que \u201ces fundamental preocuparnos de la primera infancia y como se mencion\u00f3 en la ceremonia, este es el jard\u00edn m\u00e1s antiguo que tiene la comunidad, por tanto, hac\u00eda falta poder mejorar las dependencias de espacio\u201d.<\/p>\n<\/div><\/section><\/div><div  style='height:50px' class='hr hr-invisible   avia-builder-el-6  el_after_av_one_full  el_before_av_social_share '><span class='hr-inner ' ><span class='hr-inner-style'><\/span><\/span><\/div><\/p>\n<div  class='av-social-sharing-box  avia-builder-el-7  el_after_av_hr  el_before_av_hr  '><div class='av-share-box'><h5 class='av-share-link-description av-no-toc '>Compartir esta noticia<\/h5><ul class='av-share-box-list noLightbox'><li class='av-share-link av-social-link-facebook' ><a target=\"_blank\" aria-label=\"Compartir en Facebook\" href='https:\/\/www.facebook.com\/sharer.php?u=https:\/\/radiorevelacionfm.cl\/?p=34454&#038;t=Mejoran%20las%20condiciones%20de%20habitabilidad%20y%20eficiencia%20energ%C3%A9tica%20del%20Jard%C3%ADn%20%E2%80%9CLobito%20Feroz%E2%80%9D%20de%20Puerto%20Ays%C3%A9n' aria-hidden='false' data-av_icon='\ue8f3' data-av_iconfont='entypo-fontello' title='' data-avia-related-tooltip='Compartir en Facebook' rel=\"noopener\"><span class='avia_hidden_link_text'>Compartir en Facebook<\/span><\/a><\/li><li class='av-share-link av-social-link-twitter' ><a target=\"_blank\" aria-label=\"Compartir en Twitter\" href='https:\/\/twitter.com\/share?text=Mejoran%20las%20condiciones%20de%20habitabilidad%20y%20eficiencia%20energ%C3%A9tica%20del%20Jard%C3%ADn%20%E2%80%9CLobito%20Feroz%E2%80%9D%20de%20Puerto%20Ays%C3%A9n&#038;url=https:\/\/radiorevelacionfm.cl\/?p=34454' aria-hidden='false' data-av_icon='\ue8f1' data-av_iconfont='entypo-fontello' title='' data-avia-related-tooltip='Compartir en Twitter' rel=\"noopener\"><span class='avia_hidden_link_text'>Compartir en Twitter<\/span><\/a><\/li><li class='av-share-link av-social-link-whatsapp' ><a target=\"_blank\" aria-label=\"Compartir en Whatsapp\" href='https:\/\/api.whatsapp.com\/send?text=https:\/\/radiorevelacionfm.cl\/?p=34454' aria-hidden='false' data-av_icon='\uf232' data-av_iconfont='entypo-fontello' title='' data-avia-related-tooltip='Compartir en Whatsapp' rel=\"noopener\"><span class='avia_hidden_link_text'>Compartir en Whatsapp<\/span><\/a><\/li><li class='av-share-link av-social-link-linkedin' ><a target=\"_blank\" aria-label=\"Compartir en LinkedIn\" href='https:\/\/linkedin.com\/shareArticle?mini=true&#038;title=Mejoran%20las%20condiciones%20de%20habitabilidad%20y%20eficiencia%20energ%C3%A9tica%20del%20Jard%C3%ADn%20%E2%80%9CLobito%20Feroz%E2%80%9D%20de%20Puerto%20Ays%C3%A9n&#038;url=https:\/\/radiorevelacionfm.cl\/?p=34454' aria-hidden='false' data-av_icon='\ue8fc' data-av_iconfont='entypo-fontello' title='' data-avia-related-tooltip='Compartir en LinkedIn' rel=\"noopener\"><span class='avia_hidden_link_text'>Compartir en LinkedIn<\/span><\/a><\/li><li class='av-share-link av-social-link-mail' ><a  aria-label=\"Compartir por correo\" href='mailto:?subject=Mejoran%20las%20condiciones%20de%20habitabilidad%20y%20eficiencia%20energ%C3%A9tica%20del%20Jard%C3%ADn%20%E2%80%9CLobito%20Feroz%E2%80%9D%20de%20Puerto%20Ays%C3%A9n&#038;body=https:\/\/radiorevelacionfm.cl\/?p=34454' aria-hidden='false' data-av_icon='\ue805' data-av_iconfont='entypo-fontello' title='' data-avia-related-tooltip='Compartir por correo'><span class='avia_hidden_link_text'>Compartir por correo<\/span><\/a><\/li><\/ul><\/div><\/div>\n<div  style='height:50px' class='hr hr-invisible   avia-builder-el-8  el_after_av_social_share  el_before_av_comments_list '><span class='hr-inner ' ><span class='hr-inner-style'><\/span><\/span><\/div>\n<div  class='av-buildercomment  av-blog-meta-html-info-disabled av-blog-meta-tag-disabled  '><\/div>\n","protected":false},"excerpt":{"rendered":"","protected":false},"author":1,"featured_media":34455,"comment_status":"open","ping_status":"open","sticky":false,"template":"","format":"standard","meta":{"footnotes":""},"categories":[49],"tags":[],"class_list":["post-34454","post","type-post","status-publish","format-standard","has-post-thumbnail","hentry","category-educacion"],"jetpack_featured_media_url":"https:\/\/radiorevelacionfm.cl\/wp-content\/uploads\/2023\/08\/IMG_5968-1-1.jpg","_links":{"self":[{"href":"https:\/\/radiorevelacionfm.cl\/index.php?rest_route=\/wp\/v2\/posts\/34454","targetHints":{"allow":["GET"]}}],"collection":[{"href":"https:\/\/radiorevelacionfm.cl\/index.php?rest_route=\/wp\/v2\/posts"}],"about":[{"href":"https:\/\/radiorevelacionfm.cl\/index.php?rest_route=\/wp\/v2\/types\/post"}],"author":[{"embeddable":true,"href":"https:\/\/radiorevelacionfm.cl\/index.php?rest_route=\/wp\/v2\/users\/1"}],"replies":[{"embeddable":true,"href":"https:\/\/radiorevelacionfm.cl\/index.php?rest_route=%2Fwp%2Fv2%2Fcomments&post=34454"}],"version-history":[{"count":1,"href":"https:\/\/radiorevelacionfm.cl\/index.php?rest_route=\/wp\/v2\/posts\/34454\/revisions"}],"predecessor-version":[{"id":34456,"href":"https:\/\/radiorevelacionfm.cl\/index.php?rest_route=\/wp\/v2\/posts\/34454\/revisions\/34456"}],"wp:featuredmedia":[{"embeddable":true,"href":"https:\/\/radiorevelacionfm.cl\/index.php?rest_route=\/wp\/v2\/media\/34455"}],"wp:attachment":[{"href":"https:\/\/radiorevelacionfm.cl\/index.php?rest_route=%2Fwp%2Fv2%2Fmedia&parent=34454"}],"wp:term":[{"taxonomy":"category","embeddable":true,"href":"https:\/\/radiorevelacionfm.cl\/index.php?rest_route=%2Fwp%2Fv2%2Fcategories&post=34454"},{"taxonomy":"post_tag","embeddable":true,"href":"https:\/\/radiorevelacionfm.cl\/index.php?rest_route=%2Fwp%2Fv2%2Ftags&post=34454"}],"curies":[{"name":"wp","href":"https:\/\/api.w.org\/{rel}","templated":true}]}}