{"id":3445,"date":"2021-04-23T15:20:28","date_gmt":"2021-04-23T18:20:28","guid":{"rendered":"https:\/\/radiorevelacionfm.cl\/?p=3445"},"modified":"2021-04-23T18:21:27","modified_gmt":"2021-04-23T21:21:27","slug":"en-plena-pandemia-melinka-quedaria-sin-energia-electrica","status":"publish","type":"post","link":"https:\/\/radiorevelacionfm.cl\/?p=3445","title":{"rendered":"En plena pandemia Melinka quedar\u00eda sin energ\u00eda el\u00e9ctrica"},"content":{"rendered":"<div class=\"flex_column av_one_full  flex_column_div av-zero-column-padding first  avia-builder-el-0  el_before_av_one_full  avia-builder-el-first  \" style='border-radius:0px; '><div  class='avia-image-container  av-styling-    avia-builder-el-1  avia-builder-el-no-sibling  avia-align-center '  itemprop=\"image\" itemscope=\"itemscope\" itemtype=\"https:\/\/schema.org\/ImageObject\"  ><div class='avia-image-container-inner'><div class='avia-image-overlay-wrap'><img decoding=\"async\" class='wp-image-0 avia-img-lazy-loading-not-0 avia_image' src=\"https:\/\/radiorevelacionfm.cl\/wp-content\/uploads\/2021\/04\/melinka-2_optimized.jpg\" alt='' title=''   itemprop=\"thumbnailUrl\"  \/><\/div><\/div><\/div><\/div>\n<div class=\"flex_column av_one_full  flex_column_div av-zero-column-padding first  avia-builder-el-2  el_after_av_one_full  el_before_av_one_full  column-top-margin\" style='border-radius:0px; '><section class=\"av_textblock_section \"  itemscope=\"itemscope\" itemtype=\"https:\/\/schema.org\/BlogPosting\" itemprop=\"blogPost\" ><div class='avia_textblock  '   itemprop=\"text\" ><p style=\"text-align: center;\"><span style=\"font-size: 18pt;\"><strong>En plena pandemia Melinka quedar\u00eda sin energ\u00eda el\u00e9ctrica <\/strong><\/span><\/p>\n<div id=\"gtx-trans\" style=\"position: absolute; left: -50px; top: 4.31534px;\">\n<div class=\"gtx-trans-icon\"><\/div>\n<\/div>\n<\/div><\/section><\/div>\n<div class=\"flex_column av_one_full  flex_column_div av-zero-column-padding first  avia-builder-el-4  el_after_av_one_full  el_before_av_hr  column-top-margin\" style='border-radius:0px; '><section class=\"av_textblock_section \"  itemscope=\"itemscope\" itemtype=\"https:\/\/schema.org\/BlogPosting\" itemprop=\"blogPost\" ><div class='avia_textblock  '   itemprop=\"text\" ><p style=\"text-align: justify;\">Piden al Gobierno Regional apurar con urgencia la entrega de la subvenci\u00f3n del combustible que permite el funcionamiento de la planta el\u00e9ctrica municipal.<\/p>\n<p style=\"text-align: justify;\">Una preocupante situaci\u00f3n es la que se vive por estos d\u00edas en Melinka, ya que, al reciente aumento de casos Covid-19, ahora y en medio de la pandemia podr\u00edan quedarse sin energ\u00eda el\u00e9ctrica. Esta situaci\u00f3n fue advertida por quienes administran la planta generadora municipal, ya que, se est\u00e1n quedando sin combustible y el Gobierno Regional no ha entregado la subvenci\u00f3n para aquello.<\/p>\n<p style=\"text-align: justify;\">Incluso esto afectar\u00eda el pago de las remuneraciones de los operadores del recinto, tal como lo dio a conocer el Alcalde (s) de la comuna de Guaitecas, Enrique Higuera.<\/p>\n<p style=\"text-align: justify;\">\u201cRespecto a la situaci\u00f3n que estamos viviendo con el subsidio de combustible de la comuna. Esto se est\u00e1 demorando y ya nos est\u00e1 generando problemas de abastecimiento y tambi\u00e9n nos est\u00e1 generando problemas eventualmente con el pago de sueldos de nuestro personal. Enti\u00e9ndase que la pr\u00f3xima semana podr\u00edamos quedar sin combustible y estamos en una situaci\u00f3n cr\u00edtica de pandemia, en donde, las vacunas, tenemos todo un sistema de salud que tambi\u00e9n depende del servicio el\u00e9ctrico y que hoy est\u00e1 siendo vulnerado, porque no ha llegado el subsidio de combustible\u201d.<\/p>\n<p style=\"text-align: justify;\">Es urgente encontrar una soluci\u00f3n, por eso, el Alcalde (s) de Guaitecas, Enrique Higuera, hace un llamado a las autoridades regionales a intervenir para que llegue la subvenci\u00f3n que permite la continuidad de la planta el\u00e9ctrica de Melinka.<\/p>\n<p style=\"text-align: justify;\">\u201cNo tenemos otra forma para poder apurar que esto llegue a un buen t\u00e9rmino, esto es de suma urgencia, ya la empresa nos indic\u00f3 que no tendr\u00edamos combustible desde la pr\u00f3xima semana y esa es una situaci\u00f3n muy grave que se repite cada vez que se acaba el subsidio, que nos tiene a la merced de la voluntad de la empresa. As\u00ed es que, hacemos un llamado p\u00fablico para las autoridades intercedan ante esta urgente situaci\u00f3n\u201d, puntualiz\u00f3 el Alcalde (s) de Guaitecas.<\/p>\n<\/div><\/section><\/div><div  style='height:50px' class='hr hr-invisible   avia-builder-el-6  el_after_av_one_full  el_before_av_social_share '><span class='hr-inner ' ><span class='hr-inner-style'><\/span><\/span><\/div><\/p>\n<div  class='av-social-sharing-box  avia-builder-el-7  el_after_av_hr  el_before_av_hr  '><div class='av-share-box'><h5 class='av-share-link-description av-no-toc '>Compartir esta noticia<\/h5><ul class='av-share-box-list noLightbox'><li class='av-share-link av-social-link-facebook' ><a target=\"_blank\" aria-label=\"Compartir en Facebook\" href='https:\/\/www.facebook.com\/sharer.php?u=https:\/\/radiorevelacionfm.cl\/?p=3445&#038;t=En%20plena%20pandemia%20Melinka%20quedar%C3%ADa%20sin%20energ%C3%ADa%20el%C3%A9ctrica' aria-hidden='false' data-av_icon='\ue8f3' data-av_iconfont='entypo-fontello' title='' data-avia-related-tooltip='Compartir en Facebook' rel=\"noopener\"><span class='avia_hidden_link_text'>Compartir en Facebook<\/span><\/a><\/li><li class='av-share-link av-social-link-twitter' ><a target=\"_blank\" aria-label=\"Compartir en Twitter\" href='https:\/\/twitter.com\/share?text=En%20plena%20pandemia%20Melinka%20quedar%C3%ADa%20sin%20energ%C3%ADa%20el%C3%A9ctrica&#038;url=https:\/\/radiorevelacionfm.cl\/?p=3445' aria-hidden='false' data-av_icon='\ue8f1' data-av_iconfont='entypo-fontello' title='' data-avia-related-tooltip='Compartir en Twitter' rel=\"noopener\"><span class='avia_hidden_link_text'>Compartir en Twitter<\/span><\/a><\/li><li class='av-share-link av-social-link-whatsapp' ><a target=\"_blank\" aria-label=\"Compartir en Whatsapp\" href='https:\/\/api.whatsapp.com\/send?text=https:\/\/radiorevelacionfm.cl\/?p=3445' aria-hidden='false' data-av_icon='\uf232' data-av_iconfont='entypo-fontello' title='' data-avia-related-tooltip='Compartir en Whatsapp' rel=\"noopener\"><span class='avia_hidden_link_text'>Compartir en Whatsapp<\/span><\/a><\/li><li class='av-share-link av-social-link-linkedin' ><a target=\"_blank\" aria-label=\"Compartir en LinkedIn\" href='https:\/\/linkedin.com\/shareArticle?mini=true&#038;title=En%20plena%20pandemia%20Melinka%20quedar%C3%ADa%20sin%20energ%C3%ADa%20el%C3%A9ctrica&#038;url=https:\/\/radiorevelacionfm.cl\/?p=3445' aria-hidden='false' data-av_icon='\ue8fc' data-av_iconfont='entypo-fontello' title='' data-avia-related-tooltip='Compartir en LinkedIn' rel=\"noopener\"><span class='avia_hidden_link_text'>Compartir en LinkedIn<\/span><\/a><\/li><li class='av-share-link av-social-link-mail' ><a  aria-label=\"Compartir por correo\" href='mailto:?subject=En%20plena%20pandemia%20Melinka%20quedar%C3%ADa%20sin%20energ%C3%ADa%20el%C3%A9ctrica&#038;body=https:\/\/radiorevelacionfm.cl\/?p=3445' aria-hidden='false' data-av_icon='\ue805' data-av_iconfont='entypo-fontello' title='' data-avia-related-tooltip='Compartir por correo'><span class='avia_hidden_link_text'>Compartir por correo<\/span><\/a><\/li><\/ul><\/div><\/div>\n<div  style='height:50px' class='hr hr-invisible   avia-builder-el-8  el_after_av_social_share  el_before_av_comments_list '><span class='hr-inner ' ><span class='hr-inner-style'><\/span><\/span><\/div>\n<div  class='av-buildercomment  av-blog-meta-html-info-disabled av-blog-meta-tag-disabled  '><\/div>\n","protected":false},"excerpt":{"rendered":"","protected":false},"author":1,"featured_media":0,"comment_status":"open","ping_status":"open","sticky":false,"template":"","format":"standard","meta":{"footnotes":""},"categories":[38],"tags":[],"class_list":["post-3445","post","type-post","status-publish","format-standard","hentry","category-regional"],"jetpack_featured_media_url":"","_links":{"self":[{"href":"https:\/\/radiorevelacionfm.cl\/index.php?rest_route=\/wp\/v2\/posts\/3445","targetHints":{"allow":["GET"]}}],"collection":[{"href":"https:\/\/radiorevelacionfm.cl\/index.php?rest_route=\/wp\/v2\/posts"}],"about":[{"href":"https:\/\/radiorevelacionfm.cl\/index.php?rest_route=\/wp\/v2\/types\/post"}],"author":[{"embeddable":true,"href":"https:\/\/radiorevelacionfm.cl\/index.php?rest_route=\/wp\/v2\/users\/1"}],"replies":[{"embeddable":true,"href":"https:\/\/radiorevelacionfm.cl\/index.php?rest_route=%2Fwp%2Fv2%2Fcomments&post=3445"}],"version-history":[{"count":1,"href":"https:\/\/radiorevelacionfm.cl\/index.php?rest_route=\/wp\/v2\/posts\/3445\/revisions"}],"predecessor-version":[{"id":3453,"href":"https:\/\/radiorevelacionfm.cl\/index.php?rest_route=\/wp\/v2\/posts\/3445\/revisions\/3453"}],"wp:attachment":[{"href":"https:\/\/radiorevelacionfm.cl\/index.php?rest_route=%2Fwp%2Fv2%2Fmedia&parent=3445"}],"wp:term":[{"taxonomy":"category","embeddable":true,"href":"https:\/\/radiorevelacionfm.cl\/index.php?rest_route=%2Fwp%2Fv2%2Fcategories&post=3445"},{"taxonomy":"post_tag","embeddable":true,"href":"https:\/\/radiorevelacionfm.cl\/index.php?rest_route=%2Fwp%2Fv2%2Ftags&post=3445"}],"curies":[{"name":"wp","href":"https:\/\/api.w.org\/{rel}","templated":true}]}}