{"id":34432,"date":"2023-08-31T11:16:26","date_gmt":"2023-08-31T14:16:26","guid":{"rendered":"https:\/\/radiorevelacionfm.cl\/?p=34432"},"modified":"2023-08-31T11:16:26","modified_gmt":"2023-08-31T14:16:26","slug":"calisto-le-pide-a-ministro-del-deporte-concretar-anhelado-polideportivo-para-coyhaique","status":"publish","type":"post","link":"https:\/\/radiorevelacionfm.cl\/?p=34432","title":{"rendered":"Calisto le pide a Ministro del Deporte concretar anhelado polideportivo para Coyhaique"},"content":{"rendered":"<div class=\"flex_column av_one_full  flex_column_div av-zero-column-padding first  avia-builder-el-0  el_before_av_one_full  avia-builder-el-first  \" style='border-radius:0px; '><div  class='avia-image-container  av-styling-    avia-builder-el-1  avia-builder-el-no-sibling  avia-align-center '  itemprop=\"image\" itemscope=\"itemscope\" itemtype=\"https:\/\/schema.org\/ImageObject\"  ><div class='avia-image-container-inner'><div class='avia-image-overlay-wrap'><img decoding=\"async\" class='wp-image-34433 avia-img-lazy-loading-not-34433 avia_image' src=\"https:\/\/radiorevelacionfm.cl\/wp-content\/uploads\/2023\/08\/FOTO-REU-MINISTRO-DEPORTE-1-1.jpg\" alt='' title='FOTO REU MINISTRO DEPORTE (1) (1)' height=\"600\" width=\"900\"  itemprop=\"thumbnailUrl\" srcset=\"https:\/\/radiorevelacionfm.cl\/wp-content\/uploads\/2023\/08\/FOTO-REU-MINISTRO-DEPORTE-1-1.jpg 900w, https:\/\/radiorevelacionfm.cl\/wp-content\/uploads\/2023\/08\/FOTO-REU-MINISTRO-DEPORTE-1-1-300x200.jpg 300w, https:\/\/radiorevelacionfm.cl\/wp-content\/uploads\/2023\/08\/FOTO-REU-MINISTRO-DEPORTE-1-1-768x512.jpg 768w, https:\/\/radiorevelacionfm.cl\/wp-content\/uploads\/2023\/08\/FOTO-REU-MINISTRO-DEPORTE-1-1-705x470.jpg 705w, https:\/\/radiorevelacionfm.cl\/wp-content\/uploads\/2023\/08\/FOTO-REU-MINISTRO-DEPORTE-1-1-450x300.jpg 450w, https:\/\/radiorevelacionfm.cl\/wp-content\/uploads\/2023\/08\/FOTO-REU-MINISTRO-DEPORTE-1-1-600x400.jpg 600w\" sizes=\"(max-width: 900px) 100vw, 900px\" \/><\/div><\/div><\/div><\/div><div class=\"flex_column av_one_full  flex_column_div av-zero-column-padding first  avia-builder-el-2  el_after_av_one_full  el_before_av_one_full  column-top-margin\" style='border-radius:0px; '><section class=\"av_textblock_section \"  itemscope=\"itemscope\" itemtype=\"https:\/\/schema.org\/BlogPosting\" itemprop=\"blogPost\" ><div class='avia_textblock  '   itemprop=\"text\" ><p style=\"text-align: center;\"><strong><span style=\"font-size: 18pt;\">Calisto le pide a Ministro del Deporte concretar anhelado polideportivo para Coyhaique<\/span><\/strong><\/p>\n<div id=\"gtx-trans\" style=\"position: absolute; left: -50px; top: 4.31534px;\">\n<div class=\"gtx-trans-icon\"><\/div>\n<\/div>\n<\/div><\/section><\/div><div class=\"flex_column av_one_full  flex_column_div av-zero-column-padding first  avia-builder-el-4  el_after_av_one_full  el_before_av_hr  column-top-margin\" style='border-radius:0px; '><section class=\"av_textblock_section \"  itemscope=\"itemscope\" itemtype=\"https:\/\/schema.org\/BlogPosting\" itemprop=\"blogPost\" ><div class='avia_textblock  '   itemprop=\"text\" ><p style=\"font-weight: 400; text-align: justify;\">El diputado Miguel \u00c1ngel Calisto se reuni\u00f3 en el Congreso con el Ministro del Deporte, Jaime Pizarro, instancia en que pudieron conversar sobre distintos temas regionales, como el mejoramiento de la infraestructura de gimnasios y recintos deportivos de Ays\u00e9n, pero principalmente sobre el proyecto para que Coyhaique pueda contar con un polideportivo.<\/p>\n<p style=\"font-weight: 400; text-align: justify;\">Seg\u00fan el legislador, \u201clas iniciativas que se est\u00e1n llevando adelante en materia deportiva en la regi\u00f3n de Ays\u00e9n son importante, son 20 iniciativas que hemos conocido de mejoramiento e infraestructura de gimnasios y recintos deportivos en Ays\u00e9n, y eso demuestra el compromiso que est\u00e1 teniendo el Gobierno en temas deportivos, algo tan necesario en una regi\u00f3n como la nuestra donde las actividades generalmente se hacen en recintos cerrados\u201d.<\/p>\n<p style=\"font-weight: 400; text-align: justify;\">\u201cLe planteamos particularmente la necesidad de darle prioridad al proyecto de un polideportivo para Coyhaique. Tenemos uno en la comuna de Ays\u00e9n, que en el marco de un contexto particular se concret\u00f3 y\u00a0ha generado buenos resultados para Ays\u00e9n. Lo mismo queremos para Coyhaique, porque lamentablemente ha quedado atr\u00e1s en esta materia\u201d, afirm\u00f3.<\/p>\n<p style=\"font-weight: 400; text-align: justify;\">Es fundamental que la capital regional, la ciudad que alberga a la mayor cantidad de habitantes en la regi\u00f3n, tenga un polideportivo que reciba competencias nacionales e internacionales, pero por sobre todo, que sea un espacio para realizar deportes a nuestras familias, a nuestros ni\u00f1os, con distintas disciplinas\u201d.<\/p>\n<p style=\"font-weight: 400; text-align: justify;\">\u201cQuiero agradecer la disposici\u00f3n, porque estamos en el inicio de esta propuesta, por lo que esperamos partir con los recursos para el dise\u00f1o de este nuevo poliderpotivo que esperamos que queden plasmados en esta nueva ley de presupuesto, y ojal\u00e1 tambi\u00e9n con un convenio de programaci\u00f3n con el Gobierno Regional\u201d, indic\u00f3.<\/p>\n<p style=\"font-weight: 400; text-align: justify;\">Por su parte, el titular de la cartera, asegur\u00f3 que esta reuni\u00f3n es una muy buena instancia para poder intercambiar experiencias y las realidades que suceden en la regi\u00f3n. El instituto Nacional de Deportes administra una cantidad importante de recintos, son cerca de 20 que albergan distintos espacios. Algunos de ellos van a recibir mejoras durante el pr\u00f3ximo a\u00f1o\u201d.<\/p>\n<p style=\"font-weight: 400; text-align: justify;\">Finalmente, y con respecto al polideportivo, Jaime Pizarro se\u00f1al\u00f3 que \u201csi hay nuevos desaf\u00edos, nuevas tareas que poder desarrollar e implementar, con gusto las analizaremos, creemos que desarrollar el deporte en las regiones es algo muy importante. En ese sentido, toda la labor colaborativa por parte nuestra estar\u00e1 en absoluta disposici\u00f3n\u201d.<\/p>\n<\/div><\/section><\/div><div  style='height:50px' class='hr hr-invisible   avia-builder-el-6  el_after_av_one_full  el_before_av_social_share '><span class='hr-inner ' ><span class='hr-inner-style'><\/span><\/span><\/div><\/p>\n<div  class='av-social-sharing-box  avia-builder-el-7  el_after_av_hr  el_before_av_hr  '><div class='av-share-box'><h5 class='av-share-link-description av-no-toc '>Compartir esta noticia<\/h5><ul class='av-share-box-list noLightbox'><li class='av-share-link av-social-link-facebook' ><a target=\"_blank\" aria-label=\"Compartir en Facebook\" href='https:\/\/www.facebook.com\/sharer.php?u=https:\/\/radiorevelacionfm.cl\/?p=34432&#038;t=Calisto%20le%20pide%20a%20Ministro%20del%20Deporte%20concretar%20anhelado%20polideportivo%20para%20Coyhaique' aria-hidden='false' data-av_icon='\ue8f3' data-av_iconfont='entypo-fontello' title='' data-avia-related-tooltip='Compartir en Facebook' rel=\"noopener\"><span class='avia_hidden_link_text'>Compartir en Facebook<\/span><\/a><\/li><li class='av-share-link av-social-link-twitter' ><a target=\"_blank\" aria-label=\"Compartir en Twitter\" href='https:\/\/twitter.com\/share?text=Calisto%20le%20pide%20a%20Ministro%20del%20Deporte%20concretar%20anhelado%20polideportivo%20para%20Coyhaique&#038;url=https:\/\/radiorevelacionfm.cl\/?p=34432' aria-hidden='false' data-av_icon='\ue8f1' data-av_iconfont='entypo-fontello' title='' data-avia-related-tooltip='Compartir en Twitter' rel=\"noopener\"><span class='avia_hidden_link_text'>Compartir en Twitter<\/span><\/a><\/li><li class='av-share-link av-social-link-whatsapp' ><a target=\"_blank\" aria-label=\"Compartir en Whatsapp\" href='https:\/\/api.whatsapp.com\/send?text=https:\/\/radiorevelacionfm.cl\/?p=34432' aria-hidden='false' data-av_icon='\uf232' data-av_iconfont='entypo-fontello' title='' data-avia-related-tooltip='Compartir en Whatsapp' rel=\"noopener\"><span class='avia_hidden_link_text'>Compartir en Whatsapp<\/span><\/a><\/li><li class='av-share-link av-social-link-linkedin' ><a target=\"_blank\" aria-label=\"Compartir en LinkedIn\" href='https:\/\/linkedin.com\/shareArticle?mini=true&#038;title=Calisto%20le%20pide%20a%20Ministro%20del%20Deporte%20concretar%20anhelado%20polideportivo%20para%20Coyhaique&#038;url=https:\/\/radiorevelacionfm.cl\/?p=34432' aria-hidden='false' data-av_icon='\ue8fc' data-av_iconfont='entypo-fontello' title='' data-avia-related-tooltip='Compartir en LinkedIn' rel=\"noopener\"><span class='avia_hidden_link_text'>Compartir en LinkedIn<\/span><\/a><\/li><li class='av-share-link av-social-link-mail' ><a  aria-label=\"Compartir por correo\" href='mailto:?subject=Calisto%20le%20pide%20a%20Ministro%20del%20Deporte%20concretar%20anhelado%20polideportivo%20para%20Coyhaique&#038;body=https:\/\/radiorevelacionfm.cl\/?p=34432' aria-hidden='false' data-av_icon='\ue805' data-av_iconfont='entypo-fontello' title='' data-avia-related-tooltip='Compartir por correo'><span class='avia_hidden_link_text'>Compartir por correo<\/span><\/a><\/li><\/ul><\/div><\/div>\n<div  style='height:50px' class='hr hr-invisible   avia-builder-el-8  el_after_av_social_share  el_before_av_comments_list '><span class='hr-inner ' ><span class='hr-inner-style'><\/span><\/span><\/div>\n<div  class='av-buildercomment  av-blog-meta-html-info-disabled av-blog-meta-tag-disabled  '><\/div>\n","protected":false},"excerpt":{"rendered":"","protected":false},"author":1,"featured_media":34433,"comment_status":"open","ping_status":"open","sticky":false,"template":"","format":"standard","meta":{"footnotes":""},"categories":[35],"tags":[],"class_list":["post-34432","post","type-post","status-publish","format-standard","has-post-thumbnail","hentry","category-politica"],"jetpack_featured_media_url":"https:\/\/radiorevelacionfm.cl\/wp-content\/uploads\/2023\/08\/FOTO-REU-MINISTRO-DEPORTE-1-1.jpg","_links":{"self":[{"href":"https:\/\/radiorevelacionfm.cl\/index.php?rest_route=\/wp\/v2\/posts\/34432","targetHints":{"allow":["GET"]}}],"collection":[{"href":"https:\/\/radiorevelacionfm.cl\/index.php?rest_route=\/wp\/v2\/posts"}],"about":[{"href":"https:\/\/radiorevelacionfm.cl\/index.php?rest_route=\/wp\/v2\/types\/post"}],"author":[{"embeddable":true,"href":"https:\/\/radiorevelacionfm.cl\/index.php?rest_route=\/wp\/v2\/users\/1"}],"replies":[{"embeddable":true,"href":"https:\/\/radiorevelacionfm.cl\/index.php?rest_route=%2Fwp%2Fv2%2Fcomments&post=34432"}],"version-history":[{"count":1,"href":"https:\/\/radiorevelacionfm.cl\/index.php?rest_route=\/wp\/v2\/posts\/34432\/revisions"}],"predecessor-version":[{"id":34434,"href":"https:\/\/radiorevelacionfm.cl\/index.php?rest_route=\/wp\/v2\/posts\/34432\/revisions\/34434"}],"wp:featuredmedia":[{"embeddable":true,"href":"https:\/\/radiorevelacionfm.cl\/index.php?rest_route=\/wp\/v2\/media\/34433"}],"wp:attachment":[{"href":"https:\/\/radiorevelacionfm.cl\/index.php?rest_route=%2Fwp%2Fv2%2Fmedia&parent=34432"}],"wp:term":[{"taxonomy":"category","embeddable":true,"href":"https:\/\/radiorevelacionfm.cl\/index.php?rest_route=%2Fwp%2Fv2%2Fcategories&post=34432"},{"taxonomy":"post_tag","embeddable":true,"href":"https:\/\/radiorevelacionfm.cl\/index.php?rest_route=%2Fwp%2Fv2%2Ftags&post=34432"}],"curies":[{"name":"wp","href":"https:\/\/api.w.org\/{rel}","templated":true}]}}