{"id":34429,"date":"2023-08-30T19:38:32","date_gmt":"2023-08-30T22:38:32","guid":{"rendered":"https:\/\/radiorevelacionfm.cl\/?p=34429"},"modified":"2023-08-30T19:57:22","modified_gmt":"2023-08-30T22:57:22","slug":"pesebreras-y-banos-publicos-en-cochrane-firman-convenio-de-dos-proyectos-por-mas-de-360-millones","status":"publish","type":"post","link":"https:\/\/radiorevelacionfm.cl\/?p=34429","title":{"rendered":"En Cochrane firman convenio para construcci\u00f3n de pesebreras en el Club H\u00edpico y la instalaci\u00f3n de ba\u00f1os p\u00fablicos en la Plaza"},"content":{"rendered":"<div class=\"flex_column av_one_full  flex_column_div av-zero-column-padding first  avia-builder-el-0  el_before_av_one_full  avia-builder-el-first  \" style='border-radius:0px; '><div  class='avia-image-container  av-styling-    avia-builder-el-1  avia-builder-el-no-sibling  avia-align-center '  itemprop=\"image\" itemscope=\"itemscope\" itemtype=\"https:\/\/schema.org\/ImageObject\"  ><div class='avia-image-container-inner'><div class='avia-image-overlay-wrap'><img decoding=\"async\" class='wp-image-34430 avia-img-lazy-loading-not-34430 avia_image' src=\"https:\/\/radiorevelacionfm.cl\/wp-content\/uploads\/2023\/08\/fril-cochrane-4-1_optimized.jpeg\" alt='' title='fril-cochrane-4-(1)_optimized' height=\"600\" width=\"900\"  itemprop=\"thumbnailUrl\" srcset=\"https:\/\/radiorevelacionfm.cl\/wp-content\/uploads\/2023\/08\/fril-cochrane-4-1_optimized.jpeg 900w, https:\/\/radiorevelacionfm.cl\/wp-content\/uploads\/2023\/08\/fril-cochrane-4-1_optimized-300x200.jpeg 300w, https:\/\/radiorevelacionfm.cl\/wp-content\/uploads\/2023\/08\/fril-cochrane-4-1_optimized-768x512.jpeg 768w, https:\/\/radiorevelacionfm.cl\/wp-content\/uploads\/2023\/08\/fril-cochrane-4-1_optimized-705x470.jpeg 705w, https:\/\/radiorevelacionfm.cl\/wp-content\/uploads\/2023\/08\/fril-cochrane-4-1_optimized-450x300.jpeg 450w, https:\/\/radiorevelacionfm.cl\/wp-content\/uploads\/2023\/08\/fril-cochrane-4-1_optimized-600x400.jpeg 600w\" sizes=\"(max-width: 900px) 100vw, 900px\" \/><\/div><\/div><\/div><\/div>\n<div class=\"flex_column av_one_full  flex_column_div av-zero-column-padding first  avia-builder-el-2  el_after_av_one_full  el_before_av_one_full  column-top-margin\" style='border-radius:0px; '><section class=\"av_textblock_section \"  itemscope=\"itemscope\" itemtype=\"https:\/\/schema.org\/BlogPosting\" itemprop=\"blogPost\" ><div class='avia_textblock  '   itemprop=\"text\" ><p style=\"text-align: center;\"><strong><span style=\"font-size: 18pt;\"> En Cochrane firman convenio para construcci\u00f3n de pesebreras en el Club H\u00edpico y la instalaci\u00f3n de ba\u00f1os p\u00fablicos en la Plaza<\/span><\/strong><\/p>\n<div id=\"gtx-trans\" style=\"position: absolute; left: -50px; top: 4.31534px;\">\n<div class=\"gtx-trans-icon\"><\/div>\n<\/div>\n<\/div><\/section><\/div><div class=\"flex_column av_one_full  flex_column_div av-zero-column-padding first  avia-builder-el-4  el_after_av_one_full  el_before_av_hr  column-top-margin\" style='border-radius:0px; '><section class=\"av_textblock_section \"  itemscope=\"itemscope\" itemtype=\"https:\/\/schema.org\/BlogPosting\" itemprop=\"blogPost\" ><div class='avia_textblock  '   itemprop=\"text\" ><p dir=\"ltr\" style=\"text-align: justify;\">Durante las jornadas de trabajo territorial de la Gobernadora Regional, Andrea Mac\u00edas Palma, esta semana en la Provincia de Capit\u00e1n Prat, la m\u00e1xima autoridad de Ays\u00e9n lleg\u00f3 hasta la localidad de Cochrane para firmar un convenio con el municipio, liderado por el Alcalde Jorge Calder\u00f3n, para llevar a cabo dos proyectos muy esperados por la comunidad, por un monto total de m\u00e1s de 360 millones de pesos.<\/p>\n<p dir=\"ltr\" style=\"text-align: justify;\">Se trata de la construcci\u00f3n de pesebreras para el Club H\u00edpico de la comuna, con el objetivo de mejorar la infraestructura disponible para realizar diversas actividades, y la instalaci\u00f3n de ba\u00f1os p\u00fablicos en el sector de la Plaza de Armas de Cochrane. Ambas iniciativas ser\u00e1n financiadas bajo el marco del Fondo Regional de Iniciativa Local (FRIL).<\/p>\n<p dir=\"ltr\" style=\"text-align: justify;\">Tras la firma del convenio, la Gobernadora Andrea Mac\u00edas Palma afirm\u00f3 que el llamado es \u00aba seguir trabajando de manera conjunta con el municipio, pues en la medida que logramos ir formulando iniciativas y teniendo carteras de inversi\u00f3n, para nosotros como Gobierno Regional es mucho m\u00e1s f\u00e1cil poder trabajar y finalmente llegar a generar este mayor bienestar a toda la comunidad de nuestra regi\u00f3n.<\/p>\n<p dir=\"ltr\" style=\"text-align: justify;\">Por su parte, el alcalde Jorge Calder\u00f3n destac\u00f3 que \u00abson 360 millones de pesos que nos van a permitir invertir en mejorar infraestructura, nos van a permitir generar aportes est\u00e9ticos, para el desarrollo del turismo, pero tambi\u00e9n del espect\u00e1culo, y al mismo tiempo generar empleabilidad y dinamismo econ\u00f3mico, que siempre es necesario y nos permite ir armonizando el desarrollo de nuestra comuna de Cochrane\u00bb.<\/p>\n<p dir=\"ltr\" style=\"text-align: justify;\">Adem\u00e1s de firmar el compromiso para desarrollar estos proyectos, la Gobernadora Regional suscribi\u00f3 tambi\u00e9n el convenio para el despliegue de fibra \u00f3ptica entre Tortel y O&#8217;Higgins, y culmin\u00f3 su recorrido por Capit\u00e1n Prat con la primera de cuatro Cuentas P\u00fablicas Participativas, que realizar\u00e1 en cada una de las cuatro provincias de la regi\u00f3n.<\/p>\n<\/div><\/section><\/div><\/p>\n<div  style='height:50px' class='hr hr-invisible   avia-builder-el-6  el_after_av_one_full  el_before_av_social_share '><span class='hr-inner ' ><span class='hr-inner-style'><\/span><\/span><\/div>\n<div  class='av-social-sharing-box  avia-builder-el-7  el_after_av_hr  el_before_av_hr  '><div class='av-share-box'><h5 class='av-share-link-description av-no-toc '>Compartir esta noticia<\/h5><ul class='av-share-box-list noLightbox'><li class='av-share-link av-social-link-facebook' ><a target=\"_blank\" aria-label=\"Compartir en Facebook\" href='https:\/\/www.facebook.com\/sharer.php?u=https:\/\/radiorevelacionfm.cl\/?p=34429&#038;t=En%20Cochrane%20firman%20convenio%20para%20construcci%C3%B3n%20de%20pesebreras%20en%20el%20Club%20H%C3%ADpico%20y%20la%20instalaci%C3%B3n%20de%20ba%C3%B1os%20p%C3%BAblicos%20en%20la%20Plaza' aria-hidden='false' data-av_icon='\ue8f3' data-av_iconfont='entypo-fontello' title='' data-avia-related-tooltip='Compartir en Facebook' rel=\"noopener\"><span class='avia_hidden_link_text'>Compartir en Facebook<\/span><\/a><\/li><li class='av-share-link av-social-link-twitter' ><a target=\"_blank\" aria-label=\"Compartir en Twitter\" href='https:\/\/twitter.com\/share?text=En%20Cochrane%20firman%20convenio%20para%20construcci%C3%B3n%20de%20pesebreras%20en%20el%20Club%20H%C3%ADpico%20y%20la%20instalaci%C3%B3n%20de%20ba%C3%B1os%20p%C3%BAblicos%20en%20la%20Plaza&#038;url=https:\/\/radiorevelacionfm.cl\/?p=34429' aria-hidden='false' data-av_icon='\ue8f1' data-av_iconfont='entypo-fontello' title='' data-avia-related-tooltip='Compartir en Twitter' rel=\"noopener\"><span class='avia_hidden_link_text'>Compartir en Twitter<\/span><\/a><\/li><li class='av-share-link av-social-link-whatsapp' ><a target=\"_blank\" aria-label=\"Compartir en Whatsapp\" href='https:\/\/api.whatsapp.com\/send?text=https:\/\/radiorevelacionfm.cl\/?p=34429' aria-hidden='false' data-av_icon='\uf232' data-av_iconfont='entypo-fontello' title='' data-avia-related-tooltip='Compartir en Whatsapp' rel=\"noopener\"><span class='avia_hidden_link_text'>Compartir en Whatsapp<\/span><\/a><\/li><li class='av-share-link av-social-link-linkedin' ><a target=\"_blank\" aria-label=\"Compartir en LinkedIn\" href='https:\/\/linkedin.com\/shareArticle?mini=true&#038;title=En%20Cochrane%20firman%20convenio%20para%20construcci%C3%B3n%20de%20pesebreras%20en%20el%20Club%20H%C3%ADpico%20y%20la%20instalaci%C3%B3n%20de%20ba%C3%B1os%20p%C3%BAblicos%20en%20la%20Plaza&#038;url=https:\/\/radiorevelacionfm.cl\/?p=34429' aria-hidden='false' data-av_icon='\ue8fc' data-av_iconfont='entypo-fontello' title='' data-avia-related-tooltip='Compartir en LinkedIn' rel=\"noopener\"><span class='avia_hidden_link_text'>Compartir en LinkedIn<\/span><\/a><\/li><li class='av-share-link av-social-link-mail' ><a  aria-label=\"Compartir por correo\" href='mailto:?subject=En%20Cochrane%20firman%20convenio%20para%20construcci%C3%B3n%20de%20pesebreras%20en%20el%20Club%20H%C3%ADpico%20y%20la%20instalaci%C3%B3n%20de%20ba%C3%B1os%20p%C3%BAblicos%20en%20la%20Plaza&#038;body=https:\/\/radiorevelacionfm.cl\/?p=34429' aria-hidden='false' data-av_icon='\ue805' data-av_iconfont='entypo-fontello' title='' data-avia-related-tooltip='Compartir por correo'><span class='avia_hidden_link_text'>Compartir por correo<\/span><\/a><\/li><\/ul><\/div><\/div>\n<div  style='height:50px' class='hr hr-invisible   avia-builder-el-8  el_after_av_social_share  el_before_av_comments_list '><span class='hr-inner ' ><span class='hr-inner-style'><\/span><\/span><\/div>\n<div  class='av-buildercomment  av-blog-meta-html-info-disabled av-blog-meta-tag-disabled  '><\/div>\n","protected":false},"excerpt":{"rendered":"","protected":false},"author":1,"featured_media":34430,"comment_status":"open","ping_status":"open","sticky":false,"template":"","format":"standard","meta":{"footnotes":""},"categories":[38],"tags":[],"class_list":["post-34429","post","type-post","status-publish","format-standard","has-post-thumbnail","hentry","category-regional"],"jetpack_featured_media_url":"https:\/\/radiorevelacionfm.cl\/wp-content\/uploads\/2023\/08\/fril-cochrane-4-1_optimized.jpeg","_links":{"self":[{"href":"https:\/\/radiorevelacionfm.cl\/index.php?rest_route=\/wp\/v2\/posts\/34429","targetHints":{"allow":["GET"]}}],"collection":[{"href":"https:\/\/radiorevelacionfm.cl\/index.php?rest_route=\/wp\/v2\/posts"}],"about":[{"href":"https:\/\/radiorevelacionfm.cl\/index.php?rest_route=\/wp\/v2\/types\/post"}],"author":[{"embeddable":true,"href":"https:\/\/radiorevelacionfm.cl\/index.php?rest_route=\/wp\/v2\/users\/1"}],"replies":[{"embeddable":true,"href":"https:\/\/radiorevelacionfm.cl\/index.php?rest_route=%2Fwp%2Fv2%2Fcomments&post=34429"}],"version-history":[{"count":3,"href":"https:\/\/radiorevelacionfm.cl\/index.php?rest_route=\/wp\/v2\/posts\/34429\/revisions"}],"predecessor-version":[{"id":34446,"href":"https:\/\/radiorevelacionfm.cl\/index.php?rest_route=\/wp\/v2\/posts\/34429\/revisions\/34446"}],"wp:featuredmedia":[{"embeddable":true,"href":"https:\/\/radiorevelacionfm.cl\/index.php?rest_route=\/wp\/v2\/media\/34430"}],"wp:attachment":[{"href":"https:\/\/radiorevelacionfm.cl\/index.php?rest_route=%2Fwp%2Fv2%2Fmedia&parent=34429"}],"wp:term":[{"taxonomy":"category","embeddable":true,"href":"https:\/\/radiorevelacionfm.cl\/index.php?rest_route=%2Fwp%2Fv2%2Fcategories&post=34429"},{"taxonomy":"post_tag","embeddable":true,"href":"https:\/\/radiorevelacionfm.cl\/index.php?rest_route=%2Fwp%2Fv2%2Ftags&post=34429"}],"curies":[{"name":"wp","href":"https:\/\/api.w.org\/{rel}","templated":true}]}}