{"id":34405,"date":"2023-08-30T11:36:50","date_gmt":"2023-08-30T14:36:50","guid":{"rendered":"https:\/\/radiorevelacionfm.cl\/?p=34405"},"modified":"2023-08-30T16:35:00","modified_gmt":"2023-08-30T19:35:00","slug":"la-agrupacion-newen-ayun-celebra-su-primer-aniversario-en-villa-cerro-castillo","status":"publish","type":"post","link":"https:\/\/radiorevelacionfm.cl\/?p=34405","title":{"rendered":"La Agrupaci\u00f3n \u201cNewen Ayun\u201d celebra su primer aniversario en Villa Cerro Castillo"},"content":{"rendered":"<div class=\"flex_column av_one_full  flex_column_div av-zero-column-padding first  avia-builder-el-0  el_before_av_one_full  avia-builder-el-first  \" style='border-radius:0px; '><div  class='avia-image-container  av-styling-    avia-builder-el-1  avia-builder-el-no-sibling  avia-align-center '  itemprop=\"image\" itemscope=\"itemscope\" itemtype=\"https:\/\/schema.org\/ImageObject\"  ><div class='avia-image-container-inner'><div class='avia-image-overlay-wrap'><img decoding=\"async\" class='wp-image-34421 avia-img-lazy-loading-not-34421 avia_image' src=\"https:\/\/radiorevelacionfm.cl\/wp-content\/uploads\/2023\/08\/IMG-20230830-WA0003-1-1.jpg\" alt='' title='IMG-20230830-WA0003 (1) (1)' height=\"600\" width=\"1068\"  itemprop=\"thumbnailUrl\" srcset=\"https:\/\/radiorevelacionfm.cl\/wp-content\/uploads\/2023\/08\/IMG-20230830-WA0003-1-1.jpg 1068w, https:\/\/radiorevelacionfm.cl\/wp-content\/uploads\/2023\/08\/IMG-20230830-WA0003-1-1-300x169.jpg 300w, https:\/\/radiorevelacionfm.cl\/wp-content\/uploads\/2023\/08\/IMG-20230830-WA0003-1-1-1030x579.jpg 1030w, https:\/\/radiorevelacionfm.cl\/wp-content\/uploads\/2023\/08\/IMG-20230830-WA0003-1-1-768x431.jpg 768w, https:\/\/radiorevelacionfm.cl\/wp-content\/uploads\/2023\/08\/IMG-20230830-WA0003-1-1-705x396.jpg 705w, https:\/\/radiorevelacionfm.cl\/wp-content\/uploads\/2023\/08\/IMG-20230830-WA0003-1-1-450x253.jpg 450w, https:\/\/radiorevelacionfm.cl\/wp-content\/uploads\/2023\/08\/IMG-20230830-WA0003-1-1-600x337.jpg 600w\" sizes=\"(max-width: 1068px) 100vw, 1068px\" \/><\/div><\/div><\/div><\/div><div class=\"flex_column av_one_full  flex_column_div av-zero-column-padding first  avia-builder-el-2  el_after_av_one_full  el_before_av_one_full  column-top-margin\" style='border-radius:0px; '><section class=\"av_textblock_section \"  itemscope=\"itemscope\" itemtype=\"https:\/\/schema.org\/BlogPosting\" itemprop=\"blogPost\" ><div class='avia_textblock  '   itemprop=\"text\" ><p style=\"text-align: center;\"><strong><span style=\"font-size: 18pt;\">La Agrupaci\u00f3n \u201cNewen Ayun\u201d celebra su primer aniversario en Villa Cerro Castillo<\/span><\/strong><\/p>\n<div id=\"gtx-trans\" style=\"position: absolute; left: -50px; top: 4.31534px;\">\n<div class=\"gtx-trans-icon\"><\/div>\n<\/div>\n<\/div><\/section><\/div><\/p>\n<div class=\"flex_column av_one_full  flex_column_div av-zero-column-padding first  avia-builder-el-4  el_after_av_one_full  el_before_av_hr  column-top-margin\" style='border-radius:0px; '><section class=\"av_textblock_section \"  itemscope=\"itemscope\" itemtype=\"https:\/\/schema.org\/BlogPosting\" itemprop=\"blogPost\" ><div class='avia_textblock  '   itemprop=\"text\" ><p style=\"text-align: justify;\">Diversas autoridades, m\u00fasica, comida, exposici\u00f3n de productos y cerca de 100 asistentes, se dieron cita en esta\u00a0 feria que reuni\u00f3 a mujeres emprendedoras y que permiti\u00f3 dar el vamos a la temporada de ferias en la localidad.<\/p>\n<p style=\"text-align: justify;\">Con la presencia de la seremi de la Mujer y la Equidad de G\u00e9nero, Andrea M\u00e9ndez, el alcalde de Puerto Ib\u00e1\u00f1ez Marcelo Santana, las Concejalas Marcia \u00c1lvarez, Claudia Fuentes y el concejal Juan Saldivia y con la participaci\u00f3n de dirigentas y dirigentes de Cerro Castillo, turistas, vecinos y vecinas de la localidad, se desarroll\u00f3 en una feria local, la que cont\u00f3 con la presencia de 20 mujeres emprendedoras de la agrupaci\u00f3n y feriantes de Villa Cerro Castillo.<\/p>\n<p style=\"text-align: justify;\">La actividad se realiz\u00f3 en el contexto de celebraci\u00f3n del primer aniversario de la agrupaci\u00f3n, y cont\u00f3 con una exposici\u00f3n de los emprendimientos, m\u00fasica en vivo de artistas locales, baile, torta, sopaipillas con pebre que los asistentes compartieron junto al popular \u201cnavegado\u201d. Entre los productos que se expusieron en los stands, destacaron las artesan\u00edas, pinturas, grabados, tejidos, hilados, ropa, pasteler\u00eda, gastronom\u00eda, chocolater\u00eda, cosm\u00e9tica natural, equipamiento outdoor, cer\u00e1mica, entre muchos otros.<\/p>\n<p style=\"text-align: justify;\">Al respecto la seremi de la Mujer y la Equidad de G\u00e9nero, Andrea M\u00e9ndez destac\u00f3, \u00abEn primera instancia agradecemos la invitaci\u00f3n y el reconocimiento de que para nuestro gobierno y nuestro ministerio el acercamiento con la diversidad de mujeres es fundamental. Por otro lado, hemos aprovechado la oportunidad de visibilizar que detr\u00e1s de los productos realizados por las mujeres se inscriben conmovedoras historias de superaci\u00f3n, creatividad y solidaridad\u00bb<\/p>\n<p style=\"text-align: justify;\">La agrupaci\u00f3n se encuentra formalizada desde junio 2022, pero ya hab\u00edan comenzado a organizar ferias en plena pandemia, producto de la necesidad, ya que no ten\u00edan otra forma de vender sus productos. Con el transcurso del tiempo se dieron cuenta que las ferias lograban convocar a los vecinos y vecinas, pero tambi\u00e9n a turistas, gener\u00e1ndose as\u00ed una instancia de gran valor para la comunidad, al mismo tiempo que les permit\u00edan generar ingresos para sacar adelante a sus familias.<\/p>\n<p style=\"text-align: justify;\">Una de las participantes de la feria, Gabriela Haro Hueitra se\u00f1al\u00f3, \u201cestoy muy contenta y agradecida de nuestra agrupaci\u00f3n Newen Ay\u00fcn, porque somos un equipo unido, y como dice el dicho, la uni\u00f3n hace la fuerza. Agradecida de nuestra directiva porque el aniversario sali\u00f3 muy bien y bonito. Agradecida de las visitas de nuestra Seremi y de todas las autoridades que nos apoyaron. Tambi\u00e9n a los m\u00fasicos. Esto nos insta a seguir adelante\u201d.<\/p>\n<p style=\"text-align: justify;\">En tanto Marcela Quesada, artesana de Newen Ay\u00fcn, agreg\u00f3, \u201cesto nos hace sentir importantes de que estamos siendo escuchadas, que nos est\u00e1n viendo, y decir tambi\u00e9n que no somos solamente artesanas, tambi\u00e9n somos emprendedoras, somos jefas de hogar, due\u00f1as de casa, mam\u00e1s, y necesitamos ingresos, y en base a esto nos reunimos y nos organizamos para poder crear Newen Ay\u00fcn y darle vida a esta organizaci\u00f3n y este proyecto tan lindo que tenemos entre mujeres\u201d.<\/p>\n<p style=\"text-align: justify;\">Desde que se formalizaron han recibido donaciones y han realizado rifas para recaudar fondos, recursos que sirvieron para la compra de toldos, mesas, manteles, banderines y otras cosas que les han permitido la instalaci\u00f3n de ferias como \u00e9sta y que en la oportunidad, permiti\u00f3 adem\u00e1s dar por inaugurada la temporada de ferias en la localidad, la que se extiende desde septiembre a marzo.<\/p>\n<\/div><\/section><\/div>\n<div  style='height:50px' class='hr hr-invisible   avia-builder-el-6  el_after_av_one_full  el_before_av_social_share '><span class='hr-inner ' ><span class='hr-inner-style'><\/span><\/span><\/div>\n<div  class='av-social-sharing-box  avia-builder-el-7  el_after_av_hr  el_before_av_hr  '><div class='av-share-box'><h5 class='av-share-link-description av-no-toc '>Compartir esta noticia<\/h5><ul class='av-share-box-list noLightbox'><li class='av-share-link av-social-link-facebook' ><a target=\"_blank\" aria-label=\"Compartir en Facebook\" href='https:\/\/www.facebook.com\/sharer.php?u=https:\/\/radiorevelacionfm.cl\/?p=34405&#038;t=La%20Agrupaci%C3%B3n%20%E2%80%9CNewen%20Ayun%E2%80%9D%20celebra%20su%20primer%20aniversario%20en%20Villa%20Cerro%20Castillo' aria-hidden='false' data-av_icon='\ue8f3' data-av_iconfont='entypo-fontello' title='' data-avia-related-tooltip='Compartir en Facebook' rel=\"noopener\"><span class='avia_hidden_link_text'>Compartir en Facebook<\/span><\/a><\/li><li class='av-share-link av-social-link-twitter' ><a target=\"_blank\" aria-label=\"Compartir en Twitter\" href='https:\/\/twitter.com\/share?text=La%20Agrupaci%C3%B3n%20%E2%80%9CNewen%20Ayun%E2%80%9D%20celebra%20su%20primer%20aniversario%20en%20Villa%20Cerro%20Castillo&#038;url=https:\/\/radiorevelacionfm.cl\/?p=34405' aria-hidden='false' data-av_icon='\ue8f1' data-av_iconfont='entypo-fontello' title='' data-avia-related-tooltip='Compartir en Twitter' rel=\"noopener\"><span class='avia_hidden_link_text'>Compartir en Twitter<\/span><\/a><\/li><li class='av-share-link av-social-link-whatsapp' ><a target=\"_blank\" aria-label=\"Compartir en Whatsapp\" href='https:\/\/api.whatsapp.com\/send?text=https:\/\/radiorevelacionfm.cl\/?p=34405' aria-hidden='false' data-av_icon='\uf232' data-av_iconfont='entypo-fontello' title='' data-avia-related-tooltip='Compartir en Whatsapp' rel=\"noopener\"><span class='avia_hidden_link_text'>Compartir en Whatsapp<\/span><\/a><\/li><li class='av-share-link av-social-link-linkedin' ><a target=\"_blank\" aria-label=\"Compartir en LinkedIn\" href='https:\/\/linkedin.com\/shareArticle?mini=true&#038;title=La%20Agrupaci%C3%B3n%20%E2%80%9CNewen%20Ayun%E2%80%9D%20celebra%20su%20primer%20aniversario%20en%20Villa%20Cerro%20Castillo&#038;url=https:\/\/radiorevelacionfm.cl\/?p=34405' aria-hidden='false' data-av_icon='\ue8fc' data-av_iconfont='entypo-fontello' title='' data-avia-related-tooltip='Compartir en LinkedIn' rel=\"noopener\"><span class='avia_hidden_link_text'>Compartir en LinkedIn<\/span><\/a><\/li><li class='av-share-link av-social-link-mail' ><a  aria-label=\"Compartir por correo\" href='mailto:?subject=La%20Agrupaci%C3%B3n%20%E2%80%9CNewen%20Ayun%E2%80%9D%20celebra%20su%20primer%20aniversario%20en%20Villa%20Cerro%20Castillo&#038;body=https:\/\/radiorevelacionfm.cl\/?p=34405' aria-hidden='false' data-av_icon='\ue805' data-av_iconfont='entypo-fontello' title='' data-avia-related-tooltip='Compartir por correo'><span class='avia_hidden_link_text'>Compartir por correo<\/span><\/a><\/li><\/ul><\/div><\/div>\n<div  style='height:50px' class='hr hr-invisible   avia-builder-el-8  el_after_av_social_share  el_before_av_comments_list '><span class='hr-inner ' ><span class='hr-inner-style'><\/span><\/span><\/div>\n<div  class='av-buildercomment  av-blog-meta-html-info-disabled av-blog-meta-tag-disabled  '><\/div>\n","protected":false},"excerpt":{"rendered":"","protected":false},"author":1,"featured_media":34421,"comment_status":"open","ping_status":"open","sticky":false,"template":"","format":"standard","meta":{"footnotes":""},"categories":[38],"tags":[],"class_list":["post-34405","post","type-post","status-publish","format-standard","has-post-thumbnail","hentry","category-regional"],"jetpack_featured_media_url":"https:\/\/radiorevelacionfm.cl\/wp-content\/uploads\/2023\/08\/IMG-20230830-WA0003-1-1.jpg","_links":{"self":[{"href":"https:\/\/radiorevelacionfm.cl\/index.php?rest_route=\/wp\/v2\/posts\/34405","targetHints":{"allow":["GET"]}}],"collection":[{"href":"https:\/\/radiorevelacionfm.cl\/index.php?rest_route=\/wp\/v2\/posts"}],"about":[{"href":"https:\/\/radiorevelacionfm.cl\/index.php?rest_route=\/wp\/v2\/types\/post"}],"author":[{"embeddable":true,"href":"https:\/\/radiorevelacionfm.cl\/index.php?rest_route=\/wp\/v2\/users\/1"}],"replies":[{"embeddable":true,"href":"https:\/\/radiorevelacionfm.cl\/index.php?rest_route=%2Fwp%2Fv2%2Fcomments&post=34405"}],"version-history":[{"count":2,"href":"https:\/\/radiorevelacionfm.cl\/index.php?rest_route=\/wp\/v2\/posts\/34405\/revisions"}],"predecessor-version":[{"id":34422,"href":"https:\/\/radiorevelacionfm.cl\/index.php?rest_route=\/wp\/v2\/posts\/34405\/revisions\/34422"}],"wp:featuredmedia":[{"embeddable":true,"href":"https:\/\/radiorevelacionfm.cl\/index.php?rest_route=\/wp\/v2\/media\/34421"}],"wp:attachment":[{"href":"https:\/\/radiorevelacionfm.cl\/index.php?rest_route=%2Fwp%2Fv2%2Fmedia&parent=34405"}],"wp:term":[{"taxonomy":"category","embeddable":true,"href":"https:\/\/radiorevelacionfm.cl\/index.php?rest_route=%2Fwp%2Fv2%2Fcategories&post=34405"},{"taxonomy":"post_tag","embeddable":true,"href":"https:\/\/radiorevelacionfm.cl\/index.php?rest_route=%2Fwp%2Fv2%2Ftags&post=34405"}],"curies":[{"name":"wp","href":"https:\/\/api.w.org\/{rel}","templated":true}]}}