{"id":34400,"date":"2023-08-29T22:31:32","date_gmt":"2023-08-30T01:31:32","guid":{"rendered":"https:\/\/radiorevelacionfm.cl\/?p=34400"},"modified":"2023-08-29T22:31:32","modified_gmt":"2023-08-30T01:31:32","slug":"comerciantes-de-guaitecas-piden-mayor-atencion-de-autoridades-centrales-y-regionales-por-los-problemas-en-el-suministro-electrico","status":"publish","type":"post","link":"https:\/\/radiorevelacionfm.cl\/?p=34400","title":{"rendered":"Comerciantes de Guaitecas piden mayor atenci\u00f3n de autoridades centrales y regionales por los problemas en el suministro el\u00e9ctrico"},"content":{"rendered":"<div class=\"flex_column av_one_full  flex_column_div av-zero-column-padding first  avia-builder-el-0  el_before_av_one_full  avia-builder-el-first  \" style='border-radius:0px; '><div  class='avia-image-container  av-styling-    avia-builder-el-1  avia-builder-el-no-sibling  avia-align-center '  itemprop=\"image\" itemscope=\"itemscope\" itemtype=\"https:\/\/schema.org\/ImageObject\"  ><div class='avia-image-container-inner'><div class='avia-image-overlay-wrap'><img decoding=\"async\" class='wp-image-34401 avia-img-lazy-loading-not-34401 avia_image' src=\"https:\/\/radiorevelacionfm.cl\/wp-content\/uploads\/2023\/08\/Comerciantes-Melinka-1-1.jpg\" alt='' title='Comerciantes-Melinka (1) (1)' height=\"600\" width=\"960\"  itemprop=\"thumbnailUrl\" srcset=\"https:\/\/radiorevelacionfm.cl\/wp-content\/uploads\/2023\/08\/Comerciantes-Melinka-1-1.jpg 960w, https:\/\/radiorevelacionfm.cl\/wp-content\/uploads\/2023\/08\/Comerciantes-Melinka-1-1-300x188.jpg 300w, https:\/\/radiorevelacionfm.cl\/wp-content\/uploads\/2023\/08\/Comerciantes-Melinka-1-1-768x480.jpg 768w, https:\/\/radiorevelacionfm.cl\/wp-content\/uploads\/2023\/08\/Comerciantes-Melinka-1-1-705x441.jpg 705w, https:\/\/radiorevelacionfm.cl\/wp-content\/uploads\/2023\/08\/Comerciantes-Melinka-1-1-450x281.jpg 450w, https:\/\/radiorevelacionfm.cl\/wp-content\/uploads\/2023\/08\/Comerciantes-Melinka-1-1-600x375.jpg 600w\" sizes=\"(max-width: 960px) 100vw, 960px\" \/><\/div><\/div><\/div><\/div><div class=\"flex_column av_one_full  flex_column_div av-zero-column-padding first  avia-builder-el-2  el_after_av_one_full  el_before_av_one_full  column-top-margin\" style='border-radius:0px; '><section class=\"av_textblock_section \"  itemscope=\"itemscope\" itemtype=\"https:\/\/schema.org\/BlogPosting\" itemprop=\"blogPost\" ><div class='avia_textblock  '   itemprop=\"text\" ><p style=\"text-align: center;\"><strong><span style=\"font-size: 18pt;\">Comerciantes de Guaitecas piden mayor atenci\u00f3n de autoridades centrales y regionales por los problemas en el suministro el\u00e9ctrico<\/span><\/strong><\/p>\n<div id=\"gtx-trans\" style=\"position: absolute; left: -50px; top: 4.31534px;\">\n<div class=\"gtx-trans-icon\"><\/div>\n<\/div>\n<\/div><\/section><\/div><div class=\"flex_column av_one_full  flex_column_div av-zero-column-padding first  avia-builder-el-4  el_after_av_one_full  el_before_av_hr  column-top-margin\" style='border-radius:0px; '><section class=\"av_textblock_section \"  itemscope=\"itemscope\" itemtype=\"https:\/\/schema.org\/BlogPosting\" itemprop=\"blogPost\" ><div class='avia_textblock  '   itemprop=\"text\" ><p style=\"text-align: justify;\">A pesar de que desde la noche del viernes pasado se normaliz\u00f3 el suministro el\u00e9ctrico en Guaitecas, gracias a la transferencia de recursos de emergencia desde el Ministerio del Interior, comerciantes y peque\u00f1os empresarios de la comuna manifestaron su molestia por los cortes, que, as\u00ed como toda la comunidad, debieron soportar durante varios d\u00edas producto de la falta de combustible para generar electricidad durante las 24 horas en la planta el\u00e9ctrica de Melinka.<\/p>\n<p style=\"text-align: justify;\">Los comerciantes acusan p\u00e9rdidas econ\u00f3micas, patrimoniales y de puestos de trabajo, entre otras, que a su juicio las autoridades a nivel regional como nacional debiesen sopesar al momento de mirar a Guaitecas y sus habitantes, que est\u00e1n viviendo sin las garant\u00edas de contar con servicios b\u00e1sicos, como lo merece cualquier comunidad.<\/p>\n<p style=\"text-align: justify;\">Este es el caso de Cecilia Rain, propietaria de un supermercado en Melinka, quien ha perdido mercader\u00eda y maquinaria producto de los cortes y demanda un trato distinto de las autoridades ante esta dificultad comunal.<\/p>\n<p style=\"text-align: justify;\">\u201cNos afecta mucho como comerciantes, pues en este momento yo tengo problemas con las carnes, con m\u00e1quinas que se me han echado a perder con los cortes de luz. Llegan las 12 de la noche y tenemos que correr a acostarnos pues quedamos a oscuras, en pleno siglo 21. En qu\u00e9 cabeza cabe que tengamos que estar a oscuras. Nos tienen muy olvidados y yo llam\u00e9 al alcalde pues esto me hasti\u00f3, me aburri\u00f3 y dan ganas de irse a otro lado. Lo que pedimos a las autoridades es que se acuerden de nosotros, que necesitamos tener luz, como la tiene Coyhaique, como la tiene Quell\u00f3n o Castro y adem\u00e1s vivimos en una isla\u201d, dijo la comerciante de Melinka, quien a\u00f1adi\u00f3 que cualquier emergencia que una familia deba enfrentar en las noches se hace mucho m\u00e1s compleja si se hace a oscuras y sin electricidad.<\/p>\n<p style=\"text-align: justify;\">Por su parte Pablo Soto, due\u00f1o de un local nocturno y de una residencial, explic\u00f3 el complejo escenario que su local nocturno ha sufrido producto de los cortes en el suministro el\u00e9ctrico y puso el acento en los empleos que se han perdido producto de esta situaci\u00f3n.<\/p>\n<p style=\"text-align: justify;\">\u201cNosotros funcionamos desde la seis de la tarde en adelante, por lo tanto, el corte de luz a la medianoche no nos ha permitido trabajar correctamente, pues tenemos que sacar a las 11 de la noche a los clientes, que se van molestos y redujimos nuestras ventas en un 70%. Tengo contratadas a 8 personas para hacer funcionar el negocio y he me visto en la obligaci\u00f3n de reducir el personal, pues no da para poder solventarlo y esto ha sido muy perjudicial para nosotros. Somos una isla y el Gobierno Regional debiera darnos un trato distinto, por las condiciones clim\u00e1tica y geogr\u00e1ficas que tenemos, no estamos conectados al continente, entonces poder generar negocios y tener emprendimientos cuesta tres veces m\u00e1s que en la ciudad y esto ha sido para nosotros un retroceso tremendo, mucho estr\u00e9s y una desilusi\u00f3n\u201d, indic\u00f3.<\/p>\n<p style=\"text-align: justify;\">En tanto Jos\u00e9 Luis Del Valle, propietario de un hospedaje y un local de venta de frutas y verduras, indic\u00f3 que se requieren de parte de las autoridades soluciones que vayan m\u00e1s all\u00e1 de los dos meses en los que el servicio el\u00e9ctrico estar\u00e1 garantizado producto de la inyecci\u00f3n de recursos de emergencia.<\/p>\n<p style=\"text-align: justify;\">\u201cNecesitamos que adem\u00e1s de venir y decir est\u00e1n con nosotros pues estamos en crisis, necesitamos algo real, con hechos. Qu\u00e9 sacamos que nos digan que vamos a tener luz por 60 d\u00edas; qu\u00e9 hago yo con los pasajeros; no puedo encender un generador pues molesto a los vecinos del lado. Antiguamente el pueblo ten\u00eda cortes de luz y era lo normal, pero estamos en el 2023 y no podemos volver a eso y hemos tenido muchas p\u00e9rdidas, entonces m\u00e1s que hacerle el reclamo al alcalde o a los concejales, nosotros necesitamos que el Gobierno Regional y central tome cartas en el asunto\u201d, dijo el comerciante de Melinka, quien record\u00f3 que a este problema adem\u00e1s hay que sumar el del suministro de agua, que tambi\u00e9n ha tenido problemas durante el \u00faltimo tiempo.<\/p>\n<p style=\"text-align: justify;\">Finalmente, Domingo Puinao, tambi\u00e9n comerciante de la comuna, indic\u00f3 que \u00e9l espera que la comunidad de una ante estas demandas, como se hizo cuando se consigui\u00f3 el subsidio hace varios a\u00f1os atr\u00e1s, como lo record\u00f3.<\/p>\n<p style=\"text-align: justify;\">\u201cNosotros fuimos como cuerpo colegiado a Coyhaique, fue el Concejo Municipal en pleno m\u00e1s la agrupaci\u00f3n de pescadores a solicitar esta subvenci\u00f3n que nos lleg\u00f3, pues antes ten\u00edamos luz de las 7 de la tarde a las 12 de la noche y creo que aqu\u00ed debiesen estar todos los actores, pues se habla de participaci\u00f3n ciudadana y aqu\u00ed no he visto participaci\u00f3n ciudadana y yo creo que poco les importe la gente que vive aqu\u00ed en Melinka\u201d, indic\u00f3.<\/p>\n<p style=\"text-align: justify;\">Los comerciantes de Guaitecas si bien valoraron la inyecci\u00f3n de recursos de emergencia para la comuna, indicaron que es insuficiente tener garantizado el suministro el\u00e9ctrico por un par de meses y reiteraron la necesidad de que desde el nivel central y regional se dispongan de los recursos que sean necesarios para contar con electricidad las 24 horas del d\u00eda, como en cualquier otra comuna de la regi\u00f3n y del pa\u00eds.<\/p>\n<\/div><\/section><\/div><div  style='height:50px' class='hr hr-invisible   avia-builder-el-6  el_after_av_one_full  el_before_av_social_share '><span class='hr-inner ' ><span class='hr-inner-style'><\/span><\/span><\/div><\/p>\n<div  class='av-social-sharing-box  avia-builder-el-7  el_after_av_hr  el_before_av_hr  '><div class='av-share-box'><h5 class='av-share-link-description av-no-toc '>Compartir esta noticia<\/h5><ul class='av-share-box-list noLightbox'><li class='av-share-link av-social-link-facebook' ><a target=\"_blank\" aria-label=\"Compartir en Facebook\" href='https:\/\/www.facebook.com\/sharer.php?u=https:\/\/radiorevelacionfm.cl\/?p=34400&#038;t=Comerciantes%20de%20Guaitecas%20piden%20mayor%20atenci%C3%B3n%20de%20autoridades%20centrales%20y%20regionales%20por%20los%20problemas%20en%20el%20suministro%20el%C3%A9ctrico' aria-hidden='false' data-av_icon='\ue8f3' data-av_iconfont='entypo-fontello' title='' data-avia-related-tooltip='Compartir en Facebook' rel=\"noopener\"><span class='avia_hidden_link_text'>Compartir en Facebook<\/span><\/a><\/li><li class='av-share-link av-social-link-twitter' ><a target=\"_blank\" aria-label=\"Compartir en Twitter\" href='https:\/\/twitter.com\/share?text=Comerciantes%20de%20Guaitecas%20piden%20mayor%20atenci%C3%B3n%20de%20autoridades%20centrales%20y%20regionales%20por%20los%20problemas%20en%20el%20suministro%20el%C3%A9ctrico&#038;url=https:\/\/radiorevelacionfm.cl\/?p=34400' aria-hidden='false' data-av_icon='\ue8f1' data-av_iconfont='entypo-fontello' title='' data-avia-related-tooltip='Compartir en Twitter' rel=\"noopener\"><span class='avia_hidden_link_text'>Compartir en Twitter<\/span><\/a><\/li><li class='av-share-link av-social-link-whatsapp' ><a target=\"_blank\" aria-label=\"Compartir en Whatsapp\" href='https:\/\/api.whatsapp.com\/send?text=https:\/\/radiorevelacionfm.cl\/?p=34400' aria-hidden='false' data-av_icon='\uf232' data-av_iconfont='entypo-fontello' title='' data-avia-related-tooltip='Compartir en Whatsapp' rel=\"noopener\"><span class='avia_hidden_link_text'>Compartir en Whatsapp<\/span><\/a><\/li><li class='av-share-link av-social-link-linkedin' ><a target=\"_blank\" aria-label=\"Compartir en LinkedIn\" href='https:\/\/linkedin.com\/shareArticle?mini=true&#038;title=Comerciantes%20de%20Guaitecas%20piden%20mayor%20atenci%C3%B3n%20de%20autoridades%20centrales%20y%20regionales%20por%20los%20problemas%20en%20el%20suministro%20el%C3%A9ctrico&#038;url=https:\/\/radiorevelacionfm.cl\/?p=34400' aria-hidden='false' data-av_icon='\ue8fc' data-av_iconfont='entypo-fontello' title='' data-avia-related-tooltip='Compartir en LinkedIn' rel=\"noopener\"><span class='avia_hidden_link_text'>Compartir en LinkedIn<\/span><\/a><\/li><li class='av-share-link av-social-link-mail' ><a  aria-label=\"Compartir por correo\" href='mailto:?subject=Comerciantes%20de%20Guaitecas%20piden%20mayor%20atenci%C3%B3n%20de%20autoridades%20centrales%20y%20regionales%20por%20los%20problemas%20en%20el%20suministro%20el%C3%A9ctrico&#038;body=https:\/\/radiorevelacionfm.cl\/?p=34400' aria-hidden='false' data-av_icon='\ue805' data-av_iconfont='entypo-fontello' title='' data-avia-related-tooltip='Compartir por correo'><span class='avia_hidden_link_text'>Compartir por correo<\/span><\/a><\/li><\/ul><\/div><\/div>\n<div  style='height:50px' class='hr hr-invisible   avia-builder-el-8  el_after_av_social_share  el_before_av_comments_list '><span class='hr-inner ' ><span class='hr-inner-style'><\/span><\/span><\/div>\n<div  class='av-buildercomment  av-blog-meta-html-info-disabled av-blog-meta-tag-disabled  '><\/div>\n","protected":false},"excerpt":{"rendered":"","protected":false},"author":1,"featured_media":34401,"comment_status":"open","ping_status":"open","sticky":false,"template":"","format":"standard","meta":{"footnotes":""},"categories":[38],"tags":[],"class_list":["post-34400","post","type-post","status-publish","format-standard","has-post-thumbnail","hentry","category-regional"],"jetpack_featured_media_url":"https:\/\/radiorevelacionfm.cl\/wp-content\/uploads\/2023\/08\/Comerciantes-Melinka-1-1.jpg","_links":{"self":[{"href":"https:\/\/radiorevelacionfm.cl\/index.php?rest_route=\/wp\/v2\/posts\/34400","targetHints":{"allow":["GET"]}}],"collection":[{"href":"https:\/\/radiorevelacionfm.cl\/index.php?rest_route=\/wp\/v2\/posts"}],"about":[{"href":"https:\/\/radiorevelacionfm.cl\/index.php?rest_route=\/wp\/v2\/types\/post"}],"author":[{"embeddable":true,"href":"https:\/\/radiorevelacionfm.cl\/index.php?rest_route=\/wp\/v2\/users\/1"}],"replies":[{"embeddable":true,"href":"https:\/\/radiorevelacionfm.cl\/index.php?rest_route=%2Fwp%2Fv2%2Fcomments&post=34400"}],"version-history":[{"count":1,"href":"https:\/\/radiorevelacionfm.cl\/index.php?rest_route=\/wp\/v2\/posts\/34400\/revisions"}],"predecessor-version":[{"id":34402,"href":"https:\/\/radiorevelacionfm.cl\/index.php?rest_route=\/wp\/v2\/posts\/34400\/revisions\/34402"}],"wp:featuredmedia":[{"embeddable":true,"href":"https:\/\/radiorevelacionfm.cl\/index.php?rest_route=\/wp\/v2\/media\/34401"}],"wp:attachment":[{"href":"https:\/\/radiorevelacionfm.cl\/index.php?rest_route=%2Fwp%2Fv2%2Fmedia&parent=34400"}],"wp:term":[{"taxonomy":"category","embeddable":true,"href":"https:\/\/radiorevelacionfm.cl\/index.php?rest_route=%2Fwp%2Fv2%2Fcategories&post=34400"},{"taxonomy":"post_tag","embeddable":true,"href":"https:\/\/radiorevelacionfm.cl\/index.php?rest_route=%2Fwp%2Fv2%2Ftags&post=34400"}],"curies":[{"name":"wp","href":"https:\/\/api.w.org\/{rel}","templated":true}]}}