{"id":34397,"date":"2023-08-30T11:45:58","date_gmt":"2023-08-30T14:45:58","guid":{"rendered":"https:\/\/radiorevelacionfm.cl\/?p=34397"},"modified":"2023-08-30T13:06:24","modified_gmt":"2023-08-30T16:06:24","slug":"constatan-avances-en-reparaciones-del-liceo-de-melinka-tras-la-movilizacion-de-los-alumnos","status":"publish","type":"post","link":"https:\/\/radiorevelacionfm.cl\/?p=34397","title":{"rendered":"Constatan avances en reparaciones del Liceo Melinka tras la movilizaci\u00f3n de los alumnos"},"content":{"rendered":"<div class=\"flex_column av_one_full  flex_column_div av-zero-column-padding first  avia-builder-el-0  el_before_av_one_full  avia-builder-el-first  \" style='border-radius:0px; '><div  class='avia-image-container  av-styling-    avia-builder-el-1  avia-builder-el-no-sibling  avia-align-center '  itemprop=\"image\" itemscope=\"itemscope\" itemtype=\"https:\/\/schema.org\/ImageObject\"  ><div class='avia-image-container-inner'><div class='avia-image-overlay-wrap'><img decoding=\"async\" class='wp-image-34398 avia-img-lazy-loading-not-34398 avia_image' src=\"https:\/\/radiorevelacionfm.cl\/wp-content\/uploads\/2023\/08\/estudiantes-melinka-1_optimized.jpg\" alt='' title='estudiantes-melinka-(1)_optimized' height=\"600\" width=\"979\"  itemprop=\"thumbnailUrl\" srcset=\"https:\/\/radiorevelacionfm.cl\/wp-content\/uploads\/2023\/08\/estudiantes-melinka-1_optimized.jpg 979w, https:\/\/radiorevelacionfm.cl\/wp-content\/uploads\/2023\/08\/estudiantes-melinka-1_optimized-300x184.jpg 300w, https:\/\/radiorevelacionfm.cl\/wp-content\/uploads\/2023\/08\/estudiantes-melinka-1_optimized-768x471.jpg 768w, https:\/\/radiorevelacionfm.cl\/wp-content\/uploads\/2023\/08\/estudiantes-melinka-1_optimized-705x432.jpg 705w, https:\/\/radiorevelacionfm.cl\/wp-content\/uploads\/2023\/08\/estudiantes-melinka-1_optimized-450x276.jpg 450w, https:\/\/radiorevelacionfm.cl\/wp-content\/uploads\/2023\/08\/estudiantes-melinka-1_optimized-600x368.jpg 600w\" sizes=\"(max-width: 979px) 100vw, 979px\" \/><\/div><\/div><\/div><\/div>\n<div class=\"flex_column av_one_full  flex_column_div av-zero-column-padding first  avia-builder-el-2  el_after_av_one_full  el_before_av_one_full  column-top-margin\" style='border-radius:0px; '><section class=\"av_textblock_section \"  itemscope=\"itemscope\" itemtype=\"https:\/\/schema.org\/BlogPosting\" itemprop=\"blogPost\" ><div class='avia_textblock  '   itemprop=\"text\" ><p style=\"text-align: center;\"><strong><span style=\"font-size: 18pt;\">Constatan avances en reparaciones del Liceo Melinka tras la movilizaci\u00f3n de los alumnos<\/span><\/strong><\/p>\n<div id=\"gtx-trans\" style=\"position: absolute; left: -50px; top: 4.31534px;\">\n<div class=\"gtx-trans-icon\"><\/div>\n<\/div>\n<\/div><\/section><\/div><div class=\"flex_column av_one_full  flex_column_div av-zero-column-padding first  avia-builder-el-4  el_after_av_one_full  el_before_av_hr  column-top-margin\" style='border-radius:0px; '><section class=\"av_textblock_section \"  itemscope=\"itemscope\" itemtype=\"https:\/\/schema.org\/BlogPosting\" itemprop=\"blogPost\" ><div class='avia_textblock  '   itemprop=\"text\" ><p style=\"text-align: justify;\">Representantes de los estudiantes del Liceo Melinka se reunieron con representantes de la Municipalidad de Guaitecas, ente sostenedor del establecimiento educacional, para pasar revista a una serie de arreglos que se comprometieron desarrollar en el liceo tras una movilizaci\u00f3n que los alumnos realizaron hace unos d\u00edas.<\/p>\n<p style=\"text-align: justify;\">Tras constatar que efectivamente se est\u00e1n cumpliendo los compromisos, los estudiantes se manifestaron satisfechos en la reuni\u00f3n, pues se ha estado resolviendo una serie de problemas en la infraestructura del establecimiento, que fue una de las razones que motiv\u00f3 a los escolares a movilizarse.<\/p>\n<p style=\"text-align: justify;\">Felipe Barr\u00eda, uno de los voceros de los estudiantes, indic\u00f3 que durante varios d\u00edas han estado trabajando maestros en el establecimiento, mejorando aquellos aspectos m\u00e1s urgentes a resolver.<\/p>\n<p style=\"text-align: justify;\">\u201cDimos un plazo de diez d\u00edas en los cuales se deb\u00edan arreglar algunas cosas como las goteras, electricidad y luminarias y ya se cumpli\u00f3 uno de los puntos que es luminarias. Nos entregaron un informe de lo que se ha hecho y lo que se ha arreglado y quedaron las goteras, que es un problema de infraestructura y lo otro eran los ba\u00f1os que tambi\u00e9n se pidi\u00f3 arreglar lo antes posible, que eran las cosas b\u00e1sicas que exig\u00edamos nosotros\u201d, dijo el estudiante.<\/p>\n<p style=\"text-align: justify;\">En tanto Felipe Mar\u00edo, tambi\u00e9n vocero de los escolares, dijo que lo m\u00e1s complejo son las goteras que persisten en algunos sectores del Liceo Melinka.<\/p>\n<p style=\"text-align: justify;\">\u201cNo se pudieron arreglar algunas goteras porque el tiempo no lo permiti\u00f3, hab\u00eda lluvia y era peligroso subirse al techo. Por lo que dec\u00edan los apoderados, en su \u00e9poca, cuando ellos estudiaban ac\u00e1, tambi\u00e9n hab\u00edan goteras y ten\u00edan problemas con las luminarias y los apoderados nos apoyaron porque nunca se hab\u00eda hecho algo para arreglarlos, una carta, nada\u201d, indic\u00f3.<\/p>\n<p style=\"text-align: justify;\">Finalmente, Rosa Orellana, dirigente del Centro de Alumnos del liceo Melinka se\u00f1al\u00f3 que desde el Departamento de Educaci\u00f3n de la Municipalidad de Guaitecas se les entreg\u00f3 un informe detallado con los trabajos que se han estado realizando en el establecimiento y valor\u00f3 los avances alcanzados tras su movilizaci\u00f3n.<\/p>\n<p style=\"text-align: justify;\">\u201cNos entregaron un informe; hablamos de lo que faltaba y espero que las futuras generaciones, si se echa a perder algo, que protesten para que lo vuelvan a arreglar, que lo cuiden, pues para nosotros fue bueno hacer la protesta, pues nos ayud\u00f3 mucho\u201d, dijo la dirigente estudiantil de la comuna.<\/p>\n<p style=\"text-align: justify;\">En el encuentro entre los representantes de los estudiantes, la direcci\u00f3n del liceo y el ente sostenedor, es decir la Municipalidad de Guaitecas, se firm\u00f3 un acta en la que se estableci\u00f3 el estado de avance en torno al petitorio de los alumnos.<\/p>\n<\/div><\/section><\/div><\/p>\n<div  style='height:50px' class='hr hr-invisible   avia-builder-el-6  el_after_av_one_full  el_before_av_social_share '><span class='hr-inner ' ><span class='hr-inner-style'><\/span><\/span><\/div>\n<div  class='av-social-sharing-box  avia-builder-el-7  el_after_av_hr  el_before_av_hr  '><div class='av-share-box'><h5 class='av-share-link-description av-no-toc '>Compartir esta noticia<\/h5><ul class='av-share-box-list noLightbox'><li class='av-share-link av-social-link-facebook' ><a target=\"_blank\" aria-label=\"Compartir en Facebook\" href='https:\/\/www.facebook.com\/sharer.php?u=https:\/\/radiorevelacionfm.cl\/?p=34397&#038;t=Constatan%20avances%20en%20reparaciones%20del%20Liceo%20Melinka%20tras%20la%20movilizaci%C3%B3n%20de%20los%20alumnos' aria-hidden='false' data-av_icon='\ue8f3' data-av_iconfont='entypo-fontello' title='' data-avia-related-tooltip='Compartir en Facebook' rel=\"noopener\"><span class='avia_hidden_link_text'>Compartir en Facebook<\/span><\/a><\/li><li class='av-share-link av-social-link-twitter' ><a target=\"_blank\" aria-label=\"Compartir en Twitter\" href='https:\/\/twitter.com\/share?text=Constatan%20avances%20en%20reparaciones%20del%20Liceo%20Melinka%20tras%20la%20movilizaci%C3%B3n%20de%20los%20alumnos&#038;url=https:\/\/radiorevelacionfm.cl\/?p=34397' aria-hidden='false' data-av_icon='\ue8f1' data-av_iconfont='entypo-fontello' title='' data-avia-related-tooltip='Compartir en Twitter' rel=\"noopener\"><span class='avia_hidden_link_text'>Compartir en Twitter<\/span><\/a><\/li><li class='av-share-link av-social-link-whatsapp' ><a target=\"_blank\" aria-label=\"Compartir en Whatsapp\" href='https:\/\/api.whatsapp.com\/send?text=https:\/\/radiorevelacionfm.cl\/?p=34397' aria-hidden='false' data-av_icon='\uf232' data-av_iconfont='entypo-fontello' title='' data-avia-related-tooltip='Compartir en Whatsapp' rel=\"noopener\"><span class='avia_hidden_link_text'>Compartir en Whatsapp<\/span><\/a><\/li><li class='av-share-link av-social-link-linkedin' ><a target=\"_blank\" aria-label=\"Compartir en LinkedIn\" href='https:\/\/linkedin.com\/shareArticle?mini=true&#038;title=Constatan%20avances%20en%20reparaciones%20del%20Liceo%20Melinka%20tras%20la%20movilizaci%C3%B3n%20de%20los%20alumnos&#038;url=https:\/\/radiorevelacionfm.cl\/?p=34397' aria-hidden='false' data-av_icon='\ue8fc' data-av_iconfont='entypo-fontello' title='' data-avia-related-tooltip='Compartir en LinkedIn' rel=\"noopener\"><span class='avia_hidden_link_text'>Compartir en LinkedIn<\/span><\/a><\/li><li class='av-share-link av-social-link-mail' ><a  aria-label=\"Compartir por correo\" href='mailto:?subject=Constatan%20avances%20en%20reparaciones%20del%20Liceo%20Melinka%20tras%20la%20movilizaci%C3%B3n%20de%20los%20alumnos&#038;body=https:\/\/radiorevelacionfm.cl\/?p=34397' aria-hidden='false' data-av_icon='\ue805' data-av_iconfont='entypo-fontello' title='' data-avia-related-tooltip='Compartir por correo'><span class='avia_hidden_link_text'>Compartir por correo<\/span><\/a><\/li><\/ul><\/div><\/div>\n<div  style='height:50px' class='hr hr-invisible   avia-builder-el-8  el_after_av_social_share  el_before_av_comments_list '><span class='hr-inner ' ><span class='hr-inner-style'><\/span><\/span><\/div>\n<div  class='av-buildercomment  av-blog-meta-html-info-disabled av-blog-meta-tag-disabled  '><\/div>\n","protected":false},"excerpt":{"rendered":"","protected":false},"author":1,"featured_media":34398,"comment_status":"open","ping_status":"open","sticky":false,"template":"","format":"standard","meta":{"footnotes":""},"categories":[38],"tags":[],"class_list":["post-34397","post","type-post","status-publish","format-standard","has-post-thumbnail","hentry","category-regional"],"jetpack_featured_media_url":"https:\/\/radiorevelacionfm.cl\/wp-content\/uploads\/2023\/08\/estudiantes-melinka-1_optimized.jpg","_links":{"self":[{"href":"https:\/\/radiorevelacionfm.cl\/index.php?rest_route=\/wp\/v2\/posts\/34397","targetHints":{"allow":["GET"]}}],"collection":[{"href":"https:\/\/radiorevelacionfm.cl\/index.php?rest_route=\/wp\/v2\/posts"}],"about":[{"href":"https:\/\/radiorevelacionfm.cl\/index.php?rest_route=\/wp\/v2\/types\/post"}],"author":[{"embeddable":true,"href":"https:\/\/radiorevelacionfm.cl\/index.php?rest_route=\/wp\/v2\/users\/1"}],"replies":[{"embeddable":true,"href":"https:\/\/radiorevelacionfm.cl\/index.php?rest_route=%2Fwp%2Fv2%2Fcomments&post=34397"}],"version-history":[{"count":2,"href":"https:\/\/radiorevelacionfm.cl\/index.php?rest_route=\/wp\/v2\/posts\/34397\/revisions"}],"predecessor-version":[{"id":34408,"href":"https:\/\/radiorevelacionfm.cl\/index.php?rest_route=\/wp\/v2\/posts\/34397\/revisions\/34408"}],"wp:featuredmedia":[{"embeddable":true,"href":"https:\/\/radiorevelacionfm.cl\/index.php?rest_route=\/wp\/v2\/media\/34398"}],"wp:attachment":[{"href":"https:\/\/radiorevelacionfm.cl\/index.php?rest_route=%2Fwp%2Fv2%2Fmedia&parent=34397"}],"wp:term":[{"taxonomy":"category","embeddable":true,"href":"https:\/\/radiorevelacionfm.cl\/index.php?rest_route=%2Fwp%2Fv2%2Fcategories&post=34397"},{"taxonomy":"post_tag","embeddable":true,"href":"https:\/\/radiorevelacionfm.cl\/index.php?rest_route=%2Fwp%2Fv2%2Ftags&post=34397"}],"curies":[{"name":"wp","href":"https:\/\/api.w.org\/{rel}","templated":true}]}}