{"id":34391,"date":"2023-08-30T10:58:22","date_gmt":"2023-08-30T13:58:22","guid":{"rendered":"https:\/\/radiorevelacionfm.cl\/?p=34391"},"modified":"2023-08-30T10:58:22","modified_gmt":"2023-08-30T13:58:22","slug":"senadora-ordenes-mostro-preocupacion-por-inminente-despido-de-funcionarios-contratados-en-pandemia-el-hospital-regional-funciona-con-mas-del-60-de-honorarios-covid","status":"publish","type":"post","link":"https:\/\/radiorevelacionfm.cl\/?p=34391","title":{"rendered":"Senadora Ordenes mostr\u00f3 preocupaci\u00f3n por inminente despido de funcionarios contratados en pandemia, el Hospital Regional funciona con m\u00e1s del 60% de honorarios Covid"},"content":{"rendered":"<div class=\"flex_column av_one_full  flex_column_div av-zero-column-padding first  avia-builder-el-0  el_before_av_one_full  avia-builder-el-first  \" style='border-radius:0px; '><div  class='avia-image-container  av-styling-    avia-builder-el-1  avia-builder-el-no-sibling  avia-align-center '  itemprop=\"image\" itemscope=\"itemscope\" itemtype=\"https:\/\/schema.org\/ImageObject\"  ><div class='avia-image-container-inner'><div class='avia-image-overlay-wrap'><img decoding=\"async\" class='wp-image-34403 avia-img-lazy-loading-not-34403 avia_image' src=\"https:\/\/radiorevelacionfm.cl\/wp-content\/uploads\/2023\/08\/Foto-4-2-1.jpeg\" alt='' title='Foto #4 (2) (1)' height=\"600\" width=\"1058\"  itemprop=\"thumbnailUrl\" srcset=\"https:\/\/radiorevelacionfm.cl\/wp-content\/uploads\/2023\/08\/Foto-4-2-1.jpeg 1058w, https:\/\/radiorevelacionfm.cl\/wp-content\/uploads\/2023\/08\/Foto-4-2-1-300x170.jpeg 300w, https:\/\/radiorevelacionfm.cl\/wp-content\/uploads\/2023\/08\/Foto-4-2-1-1030x584.jpeg 1030w, https:\/\/radiorevelacionfm.cl\/wp-content\/uploads\/2023\/08\/Foto-4-2-1-768x436.jpeg 768w, https:\/\/radiorevelacionfm.cl\/wp-content\/uploads\/2023\/08\/Foto-4-2-1-705x400.jpeg 705w, https:\/\/radiorevelacionfm.cl\/wp-content\/uploads\/2023\/08\/Foto-4-2-1-450x255.jpeg 450w, https:\/\/radiorevelacionfm.cl\/wp-content\/uploads\/2023\/08\/Foto-4-2-1-600x340.jpeg 600w\" sizes=\"(max-width: 1058px) 100vw, 1058px\" \/><\/div><\/div><\/div><\/div><div class=\"flex_column av_one_full  flex_column_div av-zero-column-padding first  avia-builder-el-2  el_after_av_one_full  el_before_av_one_full  column-top-margin\" style='border-radius:0px; '><section class=\"av_textblock_section \"  itemscope=\"itemscope\" itemtype=\"https:\/\/schema.org\/BlogPosting\" itemprop=\"blogPost\" ><div class='avia_textblock  '   itemprop=\"text\" ><p style=\"text-align: center;\"><strong><span style=\"font-size: 18pt;\">Senadora Ordenes mostr\u00f3 preocupaci\u00f3n por inminente despido de funcionarios contratados en pandemia, el Hospital Regional funciona con m\u00e1s del 60% de honorarios Covid<\/span><\/strong><\/p>\n<div id=\"gtx-trans\" style=\"position: absolute; left: -50px; top: 4.31534px;\">\n<div class=\"gtx-trans-icon\"><\/div>\n<\/div>\n<\/div><\/section><\/div><\/p>\n<div class=\"flex_column av_one_full  flex_column_div av-zero-column-padding first  avia-builder-el-4  el_after_av_one_full  el_before_av_hr  column-top-margin\" style='border-radius:0px; '><section class=\"av_textblock_section \"  itemscope=\"itemscope\" itemtype=\"https:\/\/schema.org\/BlogPosting\" itemprop=\"blogPost\" ><div class='avia_textblock  '   itemprop=\"text\" ><p style=\"text-align: justify;\"><em>La senadora por la regi\u00f3n de Ays\u00e9n, Ximena Ordenes, mostr\u00f3 preocupaci\u00f3n en la sesi\u00f3n de la Comisi\u00f3n de Salud de este lunes por el inminente despido de 6 mil 800 funcionarios que fueron contratados durante la alerta sanitaria levantada producto de la pandemia por el Covid-19.<\/em><\/p>\n<p style=\"text-align: justify;\">Al igual que Ordenes, la Comisi\u00f3n se manifest\u00f3 molesta por la ausencia de representantes de Hacienda en la sesi\u00f3n y coincidieron en indicarle al gobierno y la autoridad econ\u00f3mica que la comisi\u00f3n no aceptar\u00e1 estas desvinculaciones.<\/p>\n<p style=\"text-align: justify;\">\u201cHoy, claramente, con los funcionarios y funcionarias que se integraron a la red asistencial de salud se fueron cerrando brechas hist\u00f3ricas que tiene el sistema\u201d, sostuvo la senadora, indicando que \u201cen la regi\u00f3n de Ays\u00e9n las urgencias diferenciadas del Hospital Regional de Coyhaique funcionan con m\u00e1s de un 60 por ciento de honorarios Covid. En otras palabras, el t\u00e9rmino de la alerta sanitaria va a implicar que ya no haya urgencias diferenciadas en la zona y eso tiene un gran impacto en los pacientes\u201d.<\/p>\n<p style=\"text-align: justify;\">\u201cHay un impacto directo en los trabajadores y trabajadoras que se incorporaron a la Red en el marco de la pandemia por Covid-19, pero creo que era importante hablar de las brechas que se logr\u00f3 cerrar con estos funcionarios y del efecto que se est\u00e1 teniendo en los trabajadores y tambi\u00e9n en la atenci\u00f3n, porque habr\u00e1 un enorme retroceso\u201d, concluy\u00f3 la parlamentaria.<\/p>\n<p style=\"text-align: justify;\">Luego de que la ministra de Salud, Ximena Aguilera, confirmara que reducci\u00f3n programada por el Ministerio implicar\u00eda la desvinculaci\u00f3n del 50 por ciento del personal por contratos de honorarios Covid en la Red Asistencial y tambi\u00e9n de un tercio de los contratos por C\u00f3digo del Trabajo en la autoridad sanitaria, la Comisi\u00f3n se mostr\u00f3 preocupada, ya que esto significar\u00eda el despido de 6 mil 800 personas desde septiembre hasta final de a\u00f1o.<\/p>\n<p style=\"text-align: justify;\">La senadora Ordenes nuevamente intervino para indicar que hoy son m\u00e1s de 12 mil 400 funcionarios y funcionarias que est\u00e1n sosteniendo el sistema de salud, cubriendo brechas hist\u00f3ricas en el sistema. \u201cPara nosotros es un retroceso. Creo que hay que hacer todos los esfuerzos para mantener la dotaci\u00f3n existente porque se va a notar en los servicios, se va a notar en las seremis la falta de este personal\u201d.<\/p>\n<p style=\"text-align: justify;\">De este modo, de forma un\u00e1nime, los integrantes de la Comisi\u00f3n acordaron enviar una nota al gobierno para alertar sobre su desacuerdo y la mala se\u00f1al enviada al senado ante la ausencia del titular de la cartera de Hacienda o alg\u00fan representante. Y pidieron que se informe qu\u00e9 pasar\u00e1<em> despu\u00e9s y qu\u00e9 efectos tendr\u00e1 esta importante reducci\u00f3n de personal.<\/em><\/p>\n<\/div><\/section><\/div>\n<div  style='height:50px' class='hr hr-invisible   avia-builder-el-6  el_after_av_one_full  el_before_av_social_share '><span class='hr-inner ' ><span class='hr-inner-style'><\/span><\/span><\/div>\n<div  class='av-social-sharing-box  avia-builder-el-7  el_after_av_hr  el_before_av_hr  '><div class='av-share-box'><h5 class='av-share-link-description av-no-toc '>Compartir esta noticia<\/h5><ul class='av-share-box-list noLightbox'><li class='av-share-link av-social-link-facebook' ><a target=\"_blank\" aria-label=\"Compartir en Facebook\" href='https:\/\/www.facebook.com\/sharer.php?u=https:\/\/radiorevelacionfm.cl\/?p=34391&#038;t=Senadora%20Ordenes%20mostr%C3%B3%20preocupaci%C3%B3n%20por%20inminente%20despido%20de%20funcionarios%20contratados%20en%20pandemia%2C%20el%20Hospital%20Regional%20funciona%20con%20m%C3%A1s%20del%2060%25%20de%20honorarios%20Covid' aria-hidden='false' data-av_icon='\ue8f3' data-av_iconfont='entypo-fontello' title='' data-avia-related-tooltip='Compartir en Facebook' rel=\"noopener\"><span class='avia_hidden_link_text'>Compartir en Facebook<\/span><\/a><\/li><li class='av-share-link av-social-link-twitter' ><a target=\"_blank\" aria-label=\"Compartir en Twitter\" href='https:\/\/twitter.com\/share?text=Senadora%20Ordenes%20mostr%C3%B3%20preocupaci%C3%B3n%20por%20inminente%20despido%20de%20funcionarios%20contratados%20en%20pandemia%2C%20el%20Hospital%20Regional%20funciona%20con%20m%C3%A1s%20del%2060%25%20de%20honorarios%20Covid&#038;url=https:\/\/radiorevelacionfm.cl\/?p=34391' aria-hidden='false' data-av_icon='\ue8f1' data-av_iconfont='entypo-fontello' title='' data-avia-related-tooltip='Compartir en Twitter' rel=\"noopener\"><span class='avia_hidden_link_text'>Compartir en Twitter<\/span><\/a><\/li><li class='av-share-link av-social-link-whatsapp' ><a target=\"_blank\" aria-label=\"Compartir en Whatsapp\" href='https:\/\/api.whatsapp.com\/send?text=https:\/\/radiorevelacionfm.cl\/?p=34391' aria-hidden='false' data-av_icon='\uf232' data-av_iconfont='entypo-fontello' title='' data-avia-related-tooltip='Compartir en Whatsapp' rel=\"noopener\"><span class='avia_hidden_link_text'>Compartir en Whatsapp<\/span><\/a><\/li><li class='av-share-link av-social-link-linkedin' ><a target=\"_blank\" aria-label=\"Compartir en LinkedIn\" href='https:\/\/linkedin.com\/shareArticle?mini=true&#038;title=Senadora%20Ordenes%20mostr%C3%B3%20preocupaci%C3%B3n%20por%20inminente%20despido%20de%20funcionarios%20contratados%20en%20pandemia%2C%20el%20Hospital%20Regional%20funciona%20con%20m%C3%A1s%20del%2060%25%20de%20honorarios%20Covid&#038;url=https:\/\/radiorevelacionfm.cl\/?p=34391' aria-hidden='false' data-av_icon='\ue8fc' data-av_iconfont='entypo-fontello' title='' data-avia-related-tooltip='Compartir en LinkedIn' rel=\"noopener\"><span class='avia_hidden_link_text'>Compartir en LinkedIn<\/span><\/a><\/li><li class='av-share-link av-social-link-mail' ><a  aria-label=\"Compartir por correo\" href='mailto:?subject=Senadora%20Ordenes%20mostr%C3%B3%20preocupaci%C3%B3n%20por%20inminente%20despido%20de%20funcionarios%20contratados%20en%20pandemia%2C%20el%20Hospital%20Regional%20funciona%20con%20m%C3%A1s%20del%2060%25%20de%20honorarios%20Covid&#038;body=https:\/\/radiorevelacionfm.cl\/?p=34391' aria-hidden='false' data-av_icon='\ue805' data-av_iconfont='entypo-fontello' title='' data-avia-related-tooltip='Compartir por correo'><span class='avia_hidden_link_text'>Compartir por correo<\/span><\/a><\/li><\/ul><\/div><\/div>\n<div  style='height:50px' class='hr hr-invisible   avia-builder-el-8  el_after_av_social_share  el_before_av_comments_list '><span class='hr-inner ' ><span class='hr-inner-style'><\/span><\/span><\/div>\n<div  class='av-buildercomment  av-blog-meta-html-info-disabled av-blog-meta-tag-disabled  '><\/div>\n","protected":false},"excerpt":{"rendered":"","protected":false},"author":1,"featured_media":34403,"comment_status":"open","ping_status":"open","sticky":false,"template":"","format":"standard","meta":{"footnotes":""},"categories":[35],"tags":[],"class_list":["post-34391","post","type-post","status-publish","format-standard","has-post-thumbnail","hentry","category-politica"],"jetpack_featured_media_url":"https:\/\/radiorevelacionfm.cl\/wp-content\/uploads\/2023\/08\/Foto-4-2-1.jpeg","_links":{"self":[{"href":"https:\/\/radiorevelacionfm.cl\/index.php?rest_route=\/wp\/v2\/posts\/34391","targetHints":{"allow":["GET"]}}],"collection":[{"href":"https:\/\/radiorevelacionfm.cl\/index.php?rest_route=\/wp\/v2\/posts"}],"about":[{"href":"https:\/\/radiorevelacionfm.cl\/index.php?rest_route=\/wp\/v2\/types\/post"}],"author":[{"embeddable":true,"href":"https:\/\/radiorevelacionfm.cl\/index.php?rest_route=\/wp\/v2\/users\/1"}],"replies":[{"embeddable":true,"href":"https:\/\/radiorevelacionfm.cl\/index.php?rest_route=%2Fwp%2Fv2%2Fcomments&post=34391"}],"version-history":[{"count":2,"href":"https:\/\/radiorevelacionfm.cl\/index.php?rest_route=\/wp\/v2\/posts\/34391\/revisions"}],"predecessor-version":[{"id":34404,"href":"https:\/\/radiorevelacionfm.cl\/index.php?rest_route=\/wp\/v2\/posts\/34391\/revisions\/34404"}],"wp:featuredmedia":[{"embeddable":true,"href":"https:\/\/radiorevelacionfm.cl\/index.php?rest_route=\/wp\/v2\/media\/34403"}],"wp:attachment":[{"href":"https:\/\/radiorevelacionfm.cl\/index.php?rest_route=%2Fwp%2Fv2%2Fmedia&parent=34391"}],"wp:term":[{"taxonomy":"category","embeddable":true,"href":"https:\/\/radiorevelacionfm.cl\/index.php?rest_route=%2Fwp%2Fv2%2Fcategories&post=34391"},{"taxonomy":"post_tag","embeddable":true,"href":"https:\/\/radiorevelacionfm.cl\/index.php?rest_route=%2Fwp%2Fv2%2Ftags&post=34391"}],"curies":[{"name":"wp","href":"https:\/\/api.w.org\/{rel}","templated":true}]}}