{"id":3439,"date":"2021-04-23T13:56:46","date_gmt":"2021-04-23T16:56:46","guid":{"rendered":"https:\/\/radiorevelacionfm.cl\/?p=3439"},"modified":"2021-04-23T18:23:03","modified_gmt":"2021-04-23T21:23:03","slug":"de-15-pacientes-hospitalizados-por-covid-19-existen-13-que-no-cuentan-con-ninguna-dosis-estando-en-grupos-de-riesgo","status":"publish","type":"post","link":"https:\/\/radiorevelacionfm.cl\/?p=3439","title":{"rendered":"De 15 pacientes hospitalizados por Covid-19, existen 13 que no cuentan con ninguna dosis de vacuna estando en grupos de riesgo"},"content":{"rendered":"<div class=\"flex_column av_one_full  flex_column_div av-zero-column-padding first  avia-builder-el-0  el_before_av_one_full  avia-builder-el-first  \" style='border-radius:0px; '><div  class='avia-image-container  av-styling-    avia-builder-el-1  avia-builder-el-no-sibling  avia-align-center '  itemprop=\"image\" itemscope=\"itemscope\" itemtype=\"https:\/\/schema.org\/ImageObject\"  ><div class='avia-image-container-inner'><div class='avia-image-overlay-wrap'><img decoding=\"async\" class='wp-image-0 avia-img-lazy-loading-not-0 avia_image' src=\"https:\/\/radiorevelacionfm.cl\/wp-content\/uploads\/2021\/04\/equipo-salud-UCI-1.jpg\" alt='' title=''   itemprop=\"thumbnailUrl\"  \/><\/div><\/div><\/div><\/div>\n<div class=\"flex_column av_one_full  flex_column_div av-zero-column-padding first  avia-builder-el-2  el_after_av_one_full  el_before_av_one_full  column-top-margin\" style='border-radius:0px; '><section class=\"av_textblock_section \"  itemscope=\"itemscope\" itemtype=\"https:\/\/schema.org\/BlogPosting\" itemprop=\"blogPost\" ><div class='avia_textblock  '   itemprop=\"text\" ><p style=\"text-align: center;\"><span style=\"font-size: 18pt;\"><strong>De 15 pacientes hospitalizados por Covid-19 existen 13 que no cuentan con ninguna dosis de vacuna estando en grupos de riesgo<\/strong><\/span><\/p>\n<div id=\"gtx-trans\" style=\"position: absolute; left: -50px; top: 4.31534px;\">\n<div class=\"gtx-trans-icon\"><\/div>\n<\/div>\n<\/div><\/section><\/div><div class=\"flex_column av_one_full  flex_column_div av-zero-column-padding first  avia-builder-el-4  el_after_av_one_full  el_before_av_hr  column-top-margin\" style='border-radius:0px; '><section class=\"av_textblock_section \"  itemscope=\"itemscope\" itemtype=\"https:\/\/schema.org\/BlogPosting\" itemprop=\"blogPost\" ><div class='avia_textblock  '   itemprop=\"text\" ><p style=\"text-align: justify;\">Durante el a\u00f1o 2020 y 2021, los equipos de salud se han visto exigidos al l\u00edmite con el prop\u00f3sito de resguardar la salud de quienes han debido enfrentar la realidad m\u00e1s dif\u00edcil de esta pandemia, como la hospitalizaci\u00f3n por COVID-19, con casos tan extremos como la internaci\u00f3n en la Unidad de Cuidados Intensivos (UCI), donde hubo personas que incluso permanecieron conectados a ventilaci\u00f3n mec\u00e1nica invasiva por espacio de 88 d\u00edas, paciente que logr\u00f3 recuperarse gracias al cuidado y atenciones recibidas por los equipos del Hospital Regional Coyhaique.<\/p>\n<p style=\"text-align: justify;\">Sin embargo, en los per\u00edodos de hospitalizaci\u00f3n ha existido una constante entre las personas que han requerido una atenci\u00f3n m\u00e9dica m\u00e1s especializada, y es que actualmente de las 15 pacientes hospitalizados por COVID-19, 13 de ellos no cuentan con ninguna dosis de vacunaci\u00f3n contra el COVID-19, mientras que solo 02 de ellos presentan una sola dosis.\u00a0 Un hecho al que debe prestarse atenci\u00f3n en esta pandemia, como lo explic\u00f3 la Seremi de Salud Ays\u00e9n, Alejandra Valdebenito Torres.\u00a0 \u201cJunto a los esfuerzos que desarrollan los centros de atenci\u00f3n m\u00e9dica, y las acciones que impulsa el Ministerio de Salud, como la aplicaci\u00f3n de la estrategia de Testeo, Trazabilidad y Aislamiento (TTA), la habilitaci\u00f3n de Residencias Sanitarias y el Proceso de Vacunaci\u00f3n contra el COVID-19, se requiere que la ciudadan\u00eda comprenda la importancia de la vacunaci\u00f3n porque nos permitir\u00e1n salvar vidas en este per\u00edodo de pandemia. Hoy en el Hospital Regional Coyhaique contamos con 15 casos positivos por COVID-19 hospitalizados, de los cuales tan solo 02 tienen una dosis de vacunaci\u00f3n, esto es importante de mencionar porque pese a que nuestros pacientes estaban dentro de los grupos objetivos de vacunaci\u00f3n, por causas que desconocemos, no contaban con sus vacunas, lo que podr\u00eda haber incidido enormemente en que al haberse contagiado por COVID 19, hubieran tenido una defensa inmunol\u00f3gica mayor a este virus\u201d.<\/p>\n<p style=\"text-align: justify;\">Por su parte, el Epidemi\u00f3logo de la UTTA, Miguel Oyarzo Altamirano, recalc\u00f3 que el proceso de vacunaci\u00f3n \u2013 junto al autocuidado- sigue siendo la principal acci\u00f3n frente al COVID-19 que hoy no solo afecta a los grupos de riesgo.\u00a0 \u201cHoy el proceso de vacunaci\u00f3n, junto a las medidas de autocuidado, es la principal herramienta para prevenir que un contagio por COVID-19 termine con una persona hospitalizada de gravedad a consecuencia de este virus. M\u00e1s a\u00fan cuando estamos en presencia de casos que no solo afectan a personas de la tercera edad, al contrario, hoy en el Hospital Regional Coyhaique existen pacientes desde 30 a 76 a\u00f1os que est\u00e1n conectados a ventilaci\u00f3n mec\u00e1nica, por lo tanto es importante que la comunidad entienda los alcances e importancia de vacunarse contra el COVID-19\u201d.<\/p>\n<p style=\"text-align: justify;\">A la fecha, en la regi\u00f3n de Ays\u00e9n existe una cobertura general de vacunaci\u00f3n cercana al 54,24% (Primera dosis) con 43.473 dosis administradas.\u00a0 Y 42,42% (segunda dosis) de cobertura con 33.999 dosis a nivel regional de la campa\u00f1a #YoMeVacuno, con una poblaci\u00f3n objetivo de 80.150 personas.\u00a0 Raz\u00f3n por la cual, se requiere que la comunidad se acerque a los puntos de vacunaci\u00f3n con el prop\u00f3sito de seguir avanzando en este proceso que busca mejorar la respuesta inmunol\u00f3gica de toda la poblaci\u00f3n frente al COVID-19.<\/p>\n<\/div><\/section><\/div><\/p>\n<div  style='height:50px' class='hr hr-invisible   avia-builder-el-6  el_after_av_one_full  el_before_av_social_share '><span class='hr-inner ' ><span class='hr-inner-style'><\/span><\/span><\/div>\n<div  class='av-social-sharing-box  avia-builder-el-7  el_after_av_hr  el_before_av_hr  '><div class='av-share-box'><h5 class='av-share-link-description av-no-toc '>Compartir esta noticia<\/h5><ul class='av-share-box-list noLightbox'><li class='av-share-link av-social-link-facebook' ><a target=\"_blank\" aria-label=\"Compartir en Facebook\" href='https:\/\/www.facebook.com\/sharer.php?u=https:\/\/radiorevelacionfm.cl\/?p=3439&#038;t=De%2015%20pacientes%20hospitalizados%20por%20Covid-19%2C%20existen%2013%20que%20no%20cuentan%20con%20ninguna%20dosis%20de%20vacuna%20estando%20en%20grupos%20de%20riesgo' aria-hidden='false' data-av_icon='\ue8f3' data-av_iconfont='entypo-fontello' title='' data-avia-related-tooltip='Compartir en Facebook' rel=\"noopener\"><span class='avia_hidden_link_text'>Compartir en Facebook<\/span><\/a><\/li><li class='av-share-link av-social-link-twitter' ><a target=\"_blank\" aria-label=\"Compartir en Twitter\" href='https:\/\/twitter.com\/share?text=De%2015%20pacientes%20hospitalizados%20por%20Covid-19%2C%20existen%2013%20que%20no%20cuentan%20con%20ninguna%20dosis%20de%20vacuna%20estando%20en%20grupos%20de%20riesgo&#038;url=https:\/\/radiorevelacionfm.cl\/?p=3439' aria-hidden='false' data-av_icon='\ue8f1' data-av_iconfont='entypo-fontello' title='' data-avia-related-tooltip='Compartir en Twitter' rel=\"noopener\"><span class='avia_hidden_link_text'>Compartir en Twitter<\/span><\/a><\/li><li class='av-share-link av-social-link-whatsapp' ><a target=\"_blank\" aria-label=\"Compartir en Whatsapp\" href='https:\/\/api.whatsapp.com\/send?text=https:\/\/radiorevelacionfm.cl\/?p=3439' aria-hidden='false' data-av_icon='\uf232' data-av_iconfont='entypo-fontello' title='' data-avia-related-tooltip='Compartir en Whatsapp' rel=\"noopener\"><span class='avia_hidden_link_text'>Compartir en Whatsapp<\/span><\/a><\/li><li class='av-share-link av-social-link-linkedin' ><a target=\"_blank\" aria-label=\"Compartir en LinkedIn\" href='https:\/\/linkedin.com\/shareArticle?mini=true&#038;title=De%2015%20pacientes%20hospitalizados%20por%20Covid-19%2C%20existen%2013%20que%20no%20cuentan%20con%20ninguna%20dosis%20de%20vacuna%20estando%20en%20grupos%20de%20riesgo&#038;url=https:\/\/radiorevelacionfm.cl\/?p=3439' aria-hidden='false' data-av_icon='\ue8fc' data-av_iconfont='entypo-fontello' title='' data-avia-related-tooltip='Compartir en LinkedIn' rel=\"noopener\"><span class='avia_hidden_link_text'>Compartir en LinkedIn<\/span><\/a><\/li><li class='av-share-link av-social-link-mail' ><a  aria-label=\"Compartir por correo\" href='mailto:?subject=De%2015%20pacientes%20hospitalizados%20por%20Covid-19%2C%20existen%2013%20que%20no%20cuentan%20con%20ninguna%20dosis%20de%20vacuna%20estando%20en%20grupos%20de%20riesgo&#038;body=https:\/\/radiorevelacionfm.cl\/?p=3439' aria-hidden='false' data-av_icon='\ue805' data-av_iconfont='entypo-fontello' title='' data-avia-related-tooltip='Compartir por correo'><span class='avia_hidden_link_text'>Compartir por correo<\/span><\/a><\/li><\/ul><\/div><\/div>\n<div  style='height:50px' class='hr hr-invisible   avia-builder-el-8  el_after_av_social_share  el_before_av_comments_list '><span class='hr-inner ' ><span class='hr-inner-style'><\/span><\/span><\/div>\n<div  class='av-buildercomment  av-blog-meta-html-info-disabled av-blog-meta-tag-disabled  '><\/div>\n","protected":false},"excerpt":{"rendered":"","protected":false},"author":1,"featured_media":0,"comment_status":"open","ping_status":"open","sticky":false,"template":"","format":"standard","meta":{"footnotes":""},"categories":[46],"tags":[],"class_list":["post-3439","post","type-post","status-publish","format-standard","hentry","category-salud"],"jetpack_featured_media_url":"","_links":{"self":[{"href":"https:\/\/radiorevelacionfm.cl\/index.php?rest_route=\/wp\/v2\/posts\/3439","targetHints":{"allow":["GET"]}}],"collection":[{"href":"https:\/\/radiorevelacionfm.cl\/index.php?rest_route=\/wp\/v2\/posts"}],"about":[{"href":"https:\/\/radiorevelacionfm.cl\/index.php?rest_route=\/wp\/v2\/types\/post"}],"author":[{"embeddable":true,"href":"https:\/\/radiorevelacionfm.cl\/index.php?rest_route=\/wp\/v2\/users\/1"}],"replies":[{"embeddable":true,"href":"https:\/\/radiorevelacionfm.cl\/index.php?rest_route=%2Fwp%2Fv2%2Fcomments&post=3439"}],"version-history":[{"count":2,"href":"https:\/\/radiorevelacionfm.cl\/index.php?rest_route=\/wp\/v2\/posts\/3439\/revisions"}],"predecessor-version":[{"id":3454,"href":"https:\/\/radiorevelacionfm.cl\/index.php?rest_route=\/wp\/v2\/posts\/3439\/revisions\/3454"}],"wp:attachment":[{"href":"https:\/\/radiorevelacionfm.cl\/index.php?rest_route=%2Fwp%2Fv2%2Fmedia&parent=3439"}],"wp:term":[{"taxonomy":"category","embeddable":true,"href":"https:\/\/radiorevelacionfm.cl\/index.php?rest_route=%2Fwp%2Fv2%2Fcategories&post=3439"},{"taxonomy":"post_tag","embeddable":true,"href":"https:\/\/radiorevelacionfm.cl\/index.php?rest_route=%2Fwp%2Fv2%2Ftags&post=3439"}],"curies":[{"name":"wp","href":"https:\/\/api.w.org\/{rel}","templated":true}]}}