{"id":34388,"date":"2023-08-29T20:04:09","date_gmt":"2023-08-29T23:04:09","guid":{"rendered":"https:\/\/radiorevelacionfm.cl\/?p=34388"},"modified":"2023-08-29T20:04:09","modified_gmt":"2023-08-29T23:04:09","slug":"carabineros-de-puerto-aysen-allano-tres-domicilios-y-detuvo-a-tres-sujetos-por-robo-con-violencia","status":"publish","type":"post","link":"https:\/\/radiorevelacionfm.cl\/?p=34388","title":{"rendered":"Carabineros de Puerto Ays\u00e9n allan\u00f3 tres domicilios y detuvo a tres sujetos por robo con violencia"},"content":{"rendered":"<div class=\"flex_column av_one_full  flex_column_div av-zero-column-padding first  avia-builder-el-0  el_before_av_one_full  avia-builder-el-first  \" style='border-radius:0px; '><div  class='avia-image-container  av-styling-    avia-builder-el-1  avia-builder-el-no-sibling  avia-align-center '  itemprop=\"image\" itemscope=\"itemscope\" itemtype=\"https:\/\/schema.org\/ImageObject\"  ><div class='avia-image-container-inner'><div class='avia-image-overlay-wrap'><img decoding=\"async\" class='wp-image-34389 avia-img-lazy-loading-not-34389 avia_image' src=\"https:\/\/radiorevelacionfm.cl\/wp-content\/uploads\/2023\/08\/0726ad2b-6e38-455c-8f5b-b2f7b124b2f5-1-1.jpg\" alt='' title='0726ad2b-6e38-455c-8f5b-b2f7b124b2f5 (1) (1)' height=\"600\" width=\"719\"  itemprop=\"thumbnailUrl\" srcset=\"https:\/\/radiorevelacionfm.cl\/wp-content\/uploads\/2023\/08\/0726ad2b-6e38-455c-8f5b-b2f7b124b2f5-1-1.jpg 719w, https:\/\/radiorevelacionfm.cl\/wp-content\/uploads\/2023\/08\/0726ad2b-6e38-455c-8f5b-b2f7b124b2f5-1-1-300x250.jpg 300w, https:\/\/radiorevelacionfm.cl\/wp-content\/uploads\/2023\/08\/0726ad2b-6e38-455c-8f5b-b2f7b124b2f5-1-1-705x588.jpg 705w, https:\/\/radiorevelacionfm.cl\/wp-content\/uploads\/2023\/08\/0726ad2b-6e38-455c-8f5b-b2f7b124b2f5-1-1-450x376.jpg 450w, https:\/\/radiorevelacionfm.cl\/wp-content\/uploads\/2023\/08\/0726ad2b-6e38-455c-8f5b-b2f7b124b2f5-1-1-600x501.jpg 600w\" sizes=\"(max-width: 719px) 100vw, 719px\" \/><\/div><\/div><\/div><\/div><div class=\"flex_column av_one_full  flex_column_div av-zero-column-padding first  avia-builder-el-2  el_after_av_one_full  el_before_av_one_full  column-top-margin\" style='border-radius:0px; '><section class=\"av_textblock_section \"  itemscope=\"itemscope\" itemtype=\"https:\/\/schema.org\/BlogPosting\" itemprop=\"blogPost\" ><div class='avia_textblock  '   itemprop=\"text\" ><p style=\"text-align: center;\"><strong><span style=\"font-size: 18pt;\">Carabineros de Puerto Ays\u00e9n allan\u00f3 tres domicilios y detuvo a tres sujetos por robo con violencia<\/span><\/strong><\/p>\n<div id=\"gtx-trans\" style=\"position: absolute; left: -50px; top: 4.31534px;\">\n<div class=\"gtx-trans-icon\"><\/div>\n<\/div>\n<\/div><\/section><\/div><div class=\"flex_column av_one_full  flex_column_div av-zero-column-padding first  avia-builder-el-4  el_after_av_one_full  el_before_av_hr  column-top-margin\" style='border-radius:0px; '><section class=\"av_textblock_section \"  itemscope=\"itemscope\" itemtype=\"https:\/\/schema.org\/BlogPosting\" itemprop=\"blogPost\" ><div class='avia_textblock  '   itemprop=\"text\" ><p style=\"text-align: justify;\">Los sujetos habr\u00edan interceptado a la v\u00edctima, la cual result\u00f3 con lesiones de gravedad tras la agresi\u00f3n.<\/p>\n<p class=\"v1MsoNormal\" style=\"text-align: justify;\">Exhaustivas diligencias desarrolladas por Carabineros de la 2da Comisar\u00eda de Puerto Ays\u00e9n a trav\u00e9s de la Secci\u00f3n de Investigaci\u00f3n Policial (SIP) y con apoyo del Grupo de Operaciones Policiales Especiales (GOPE) -en contexto del plan calles sin violencia- culmin\u00f3 con la detenci\u00f3n de tres personas por robo con violencia y lesiones graves, hecho registrado en la localidad de Puerto Chacabuco.<\/p>\n<p class=\"v1MsoNormal\" style=\"text-align: justify;\">Al respecto el Oficial de Servicio de la 2da. Comisar\u00eda de Puerto Ays\u00e9n, Subteniente Nicol\u00e1s Novoa Salgado, indic\u00f3 que tras una oportuna denuncia a trav\u00e9s del nivel de emergencias 133, Carabineros concurri\u00f3 al lugar y toma contacto con la v\u00edctima, quien relat\u00f3 que alrededor de las 22:00 horas del lunes fue interceptado por tres individuos en el sector Ensenada Alta, a la altura del Estadio Municipal, quienes sin mediar provocaci\u00f3n lo golpearon causando lesiones graves, sustrayendo un tel\u00e9fono celular, para acto seguido huir del lugar en direcci\u00f3n desconocida.<\/p>\n<p class=\"v1MsoNormal\" style=\"text-align: justify;\"><b>Primeras diligencias y allanamientos<\/b><\/p>\n<p class=\"v1MsoNormal\" style=\"text-align: justify;\">En virtud de dicha informaci\u00f3n preliminar, Carabineros se aboc\u00f3 al desarrollo de las primeras diligencias orientadas a dar con el paradero de los tres antisociales.<\/p>\n<p class=\"v1MsoNormal\" style=\"text-align: justify;\">\u00abSe efectu\u00f3 un patrullaje preventivo por las inmediaciones del sector, con la finalidad de poder dar con el paradero los autores de este hecho (&#8230;) la v\u00edctima entreg\u00f3 nombres y apodos de estos sujetos, se realizaron las primeras diligencias para saber qui\u00e9nes eran estas personas, las cuales fueron identificadas\u00bb, indic\u00f3 el Oficial.<\/p>\n<p class=\"v1MsoNormal\" style=\"text-align: justify;\">Los antecedentes fueron informados al Fiscal de turno, quien encomend\u00f3 las diligencias investigativas a la SIP con la finalidad de esclarecer y establecer las circunstancias del hecho denunciado.<\/p>\n<p class=\"v1MsoNormal\" style=\"text-align: justify;\">\u00abEn virtud de una autorizaci\u00f3n judicial, Carabineros de Puerto Ays\u00e9n con apoyo del GOPE allan\u00f3 durante esta madrugada tres domicilios en la localidad, logrando encontrar en cada uno de los inmuebles a los individuos que hab\u00edan sido sindicados por la v\u00edctima, siendo detenidos tres sujetos, dos de ellos con un amplio prontuario policial\u00bb, expres\u00f3 el Subteniente Novoa.<\/p>\n<p class=\"v1MsoNormal\" style=\"text-align: justify;\">Dos de los tres aprehendidos suman 26 detenciones previas por diversos delitos, siendo puestos a disposici\u00f3n de la justicia y derivados a la audiencia de control de detenci\u00f3n por este hecho.<\/p>\n<p class=\"v1MsoNormal\" style=\"text-align: justify;\"><b>Delitos de robo<\/b><\/p>\n<p class=\"v1MsoNormal\" style=\"text-align: justify;\">Cabe dable mencionar que desde el mes de enero al 27 de agosto del presente a\u00f1o, Carabineros ha detenido a 3.268 personas en la regi\u00f3n de Ays\u00e9n (un 32% m\u00e1s que el a\u00f1o pasado).<\/p>\n<p class=\"v1MsoNormal\" style=\"text-align: justify;\">Del total de detenidos, 85 corresponden a delitos de robo (un 113% m\u00e1s que en 2022) de los cuales un 53% registra detenciones previas por parte de Carabineros.<\/p>\n<p class=\"v1MsoNormal\" style=\"text-align: justify;\">De las personas detenidas por robo, 27 corresponden a la provincia de Ays\u00e9n, 10 a Capit\u00e1n Prat, 44 a Coyhaique y 4 General Carrera.<\/p>\n<p class=\"v1MsoNormal\" style=\"text-align: justify;\">Desde comienzos de a\u00f1o a la fecha, Carabineros ha efectuado 49 allanamientos en la regi\u00f3n.<\/p>\n<\/div><\/section><\/div><div  style='height:50px' class='hr hr-invisible   avia-builder-el-6  el_after_av_one_full  el_before_av_social_share '><span class='hr-inner ' ><span class='hr-inner-style'><\/span><\/span><\/div><\/p>\n<div  class='av-social-sharing-box  avia-builder-el-7  el_after_av_hr  el_before_av_hr  '><div class='av-share-box'><h5 class='av-share-link-description av-no-toc '>Compartir esta noticia<\/h5><ul class='av-share-box-list noLightbox'><li class='av-share-link av-social-link-facebook' ><a target=\"_blank\" aria-label=\"Compartir en Facebook\" href='https:\/\/www.facebook.com\/sharer.php?u=https:\/\/radiorevelacionfm.cl\/?p=34388&#038;t=Carabineros%20de%20Puerto%20Ays%C3%A9n%20allan%C3%B3%20tres%20domicilios%20y%20detuvo%20a%20tres%20sujetos%20por%20robo%20con%20violencia' aria-hidden='false' data-av_icon='\ue8f3' data-av_iconfont='entypo-fontello' title='' data-avia-related-tooltip='Compartir en Facebook' rel=\"noopener\"><span class='avia_hidden_link_text'>Compartir en Facebook<\/span><\/a><\/li><li class='av-share-link av-social-link-twitter' ><a target=\"_blank\" aria-label=\"Compartir en Twitter\" href='https:\/\/twitter.com\/share?text=Carabineros%20de%20Puerto%20Ays%C3%A9n%20allan%C3%B3%20tres%20domicilios%20y%20detuvo%20a%20tres%20sujetos%20por%20robo%20con%20violencia&#038;url=https:\/\/radiorevelacionfm.cl\/?p=34388' aria-hidden='false' data-av_icon='\ue8f1' data-av_iconfont='entypo-fontello' title='' data-avia-related-tooltip='Compartir en Twitter' rel=\"noopener\"><span class='avia_hidden_link_text'>Compartir en Twitter<\/span><\/a><\/li><li class='av-share-link av-social-link-whatsapp' ><a target=\"_blank\" aria-label=\"Compartir en Whatsapp\" href='https:\/\/api.whatsapp.com\/send?text=https:\/\/radiorevelacionfm.cl\/?p=34388' aria-hidden='false' data-av_icon='\uf232' data-av_iconfont='entypo-fontello' title='' data-avia-related-tooltip='Compartir en Whatsapp' rel=\"noopener\"><span class='avia_hidden_link_text'>Compartir en Whatsapp<\/span><\/a><\/li><li class='av-share-link av-social-link-linkedin' ><a target=\"_blank\" aria-label=\"Compartir en LinkedIn\" href='https:\/\/linkedin.com\/shareArticle?mini=true&#038;title=Carabineros%20de%20Puerto%20Ays%C3%A9n%20allan%C3%B3%20tres%20domicilios%20y%20detuvo%20a%20tres%20sujetos%20por%20robo%20con%20violencia&#038;url=https:\/\/radiorevelacionfm.cl\/?p=34388' aria-hidden='false' data-av_icon='\ue8fc' data-av_iconfont='entypo-fontello' title='' data-avia-related-tooltip='Compartir en LinkedIn' rel=\"noopener\"><span class='avia_hidden_link_text'>Compartir en LinkedIn<\/span><\/a><\/li><li class='av-share-link av-social-link-mail' ><a  aria-label=\"Compartir por correo\" href='mailto:?subject=Carabineros%20de%20Puerto%20Ays%C3%A9n%20allan%C3%B3%20tres%20domicilios%20y%20detuvo%20a%20tres%20sujetos%20por%20robo%20con%20violencia&#038;body=https:\/\/radiorevelacionfm.cl\/?p=34388' aria-hidden='false' data-av_icon='\ue805' data-av_iconfont='entypo-fontello' title='' data-avia-related-tooltip='Compartir por correo'><span class='avia_hidden_link_text'>Compartir por correo<\/span><\/a><\/li><\/ul><\/div><\/div>\n<div  style='height:50px' class='hr hr-invisible   avia-builder-el-8  el_after_av_social_share  el_before_av_comments_list '><span class='hr-inner ' ><span class='hr-inner-style'><\/span><\/span><\/div>\n<div  class='av-buildercomment  av-blog-meta-html-info-disabled av-blog-meta-tag-disabled  '><\/div>\n","protected":false},"excerpt":{"rendered":"","protected":false},"author":1,"featured_media":34389,"comment_status":"open","ping_status":"open","sticky":false,"template":"","format":"standard","meta":{"footnotes":""},"categories":[36],"tags":[],"class_list":["post-34388","post","type-post","status-publish","format-standard","has-post-thumbnail","hentry","category-policial"],"jetpack_featured_media_url":"https:\/\/radiorevelacionfm.cl\/wp-content\/uploads\/2023\/08\/0726ad2b-6e38-455c-8f5b-b2f7b124b2f5-1-1.jpg","_links":{"self":[{"href":"https:\/\/radiorevelacionfm.cl\/index.php?rest_route=\/wp\/v2\/posts\/34388","targetHints":{"allow":["GET"]}}],"collection":[{"href":"https:\/\/radiorevelacionfm.cl\/index.php?rest_route=\/wp\/v2\/posts"}],"about":[{"href":"https:\/\/radiorevelacionfm.cl\/index.php?rest_route=\/wp\/v2\/types\/post"}],"author":[{"embeddable":true,"href":"https:\/\/radiorevelacionfm.cl\/index.php?rest_route=\/wp\/v2\/users\/1"}],"replies":[{"embeddable":true,"href":"https:\/\/radiorevelacionfm.cl\/index.php?rest_route=%2Fwp%2Fv2%2Fcomments&post=34388"}],"version-history":[{"count":1,"href":"https:\/\/radiorevelacionfm.cl\/index.php?rest_route=\/wp\/v2\/posts\/34388\/revisions"}],"predecessor-version":[{"id":34390,"href":"https:\/\/radiorevelacionfm.cl\/index.php?rest_route=\/wp\/v2\/posts\/34388\/revisions\/34390"}],"wp:featuredmedia":[{"embeddable":true,"href":"https:\/\/radiorevelacionfm.cl\/index.php?rest_route=\/wp\/v2\/media\/34389"}],"wp:attachment":[{"href":"https:\/\/radiorevelacionfm.cl\/index.php?rest_route=%2Fwp%2Fv2%2Fmedia&parent=34388"}],"wp:term":[{"taxonomy":"category","embeddable":true,"href":"https:\/\/radiorevelacionfm.cl\/index.php?rest_route=%2Fwp%2Fv2%2Fcategories&post=34388"},{"taxonomy":"post_tag","embeddable":true,"href":"https:\/\/radiorevelacionfm.cl\/index.php?rest_route=%2Fwp%2Fv2%2Ftags&post=34388"}],"curies":[{"name":"wp","href":"https:\/\/api.w.org\/{rel}","templated":true}]}}