{"id":34385,"date":"2023-08-29T21:35:39","date_gmt":"2023-08-30T00:35:39","guid":{"rendered":"https:\/\/radiorevelacionfm.cl\/?p=34385"},"modified":"2023-08-29T21:35:39","modified_gmt":"2023-08-30T00:35:39","slug":"gobierno-comprometio-presupuesto-para-nuevas-barcazas-destinadas-a-villa-ohiggins-y-lago-general-carrera","status":"publish","type":"post","link":"https:\/\/radiorevelacionfm.cl\/?p=34385","title":{"rendered":"Gobierno comprometi\u00f3 presupuesto para nuevas barcazas destinadas a Villa O\u00b4Higgins y Lago General Carrera"},"content":{"rendered":"<div class=\"flex_column av_one_full  flex_column_div av-zero-column-padding first  avia-builder-el-0  el_before_av_one_full  avia-builder-el-first  \" style='border-radius:0px; '><div  class='avia-image-container  av-styling-    avia-builder-el-1  avia-builder-el-no-sibling  avia-align-center '  itemprop=\"image\" itemscope=\"itemscope\" itemtype=\"https:\/\/schema.org\/ImageObject\"  ><div class='avia-image-container-inner'><div class='avia-image-overlay-wrap'><img decoding=\"async\" class='wp-image-34386 avia-img-lazy-loading-not-34386 avia_image' src=\"https:\/\/radiorevelacionfm.cl\/wp-content\/uploads\/2023\/08\/WhatsApp-Image-2023-08-29-at-17.40.34-1-1-1.jpeg\" alt='' title='WhatsApp Image 2023-08-29 at 17.40.34 (1) (1) (1)' height=\"600\" width=\"1067\"  itemprop=\"thumbnailUrl\" srcset=\"https:\/\/radiorevelacionfm.cl\/wp-content\/uploads\/2023\/08\/WhatsApp-Image-2023-08-29-at-17.40.34-1-1-1.jpeg 1067w, https:\/\/radiorevelacionfm.cl\/wp-content\/uploads\/2023\/08\/WhatsApp-Image-2023-08-29-at-17.40.34-1-1-1-300x169.jpeg 300w, https:\/\/radiorevelacionfm.cl\/wp-content\/uploads\/2023\/08\/WhatsApp-Image-2023-08-29-at-17.40.34-1-1-1-1030x579.jpeg 1030w, https:\/\/radiorevelacionfm.cl\/wp-content\/uploads\/2023\/08\/WhatsApp-Image-2023-08-29-at-17.40.34-1-1-1-768x432.jpeg 768w, https:\/\/radiorevelacionfm.cl\/wp-content\/uploads\/2023\/08\/WhatsApp-Image-2023-08-29-at-17.40.34-1-1-1-705x396.jpeg 705w, https:\/\/radiorevelacionfm.cl\/wp-content\/uploads\/2023\/08\/WhatsApp-Image-2023-08-29-at-17.40.34-1-1-1-450x253.jpeg 450w, https:\/\/radiorevelacionfm.cl\/wp-content\/uploads\/2023\/08\/WhatsApp-Image-2023-08-29-at-17.40.34-1-1-1-600x337.jpeg 600w\" sizes=\"(max-width: 1067px) 100vw, 1067px\" \/><\/div><\/div><\/div><\/div><div class=\"flex_column av_one_full  flex_column_div av-zero-column-padding first  avia-builder-el-2  el_after_av_one_full  el_before_av_one_full  column-top-margin\" style='border-radius:0px; '><section class=\"av_textblock_section \"  itemscope=\"itemscope\" itemtype=\"https:\/\/schema.org\/BlogPosting\" itemprop=\"blogPost\" ><div class='avia_textblock  '   itemprop=\"text\" ><p style=\"text-align: center;\"><strong><span style=\"font-size: 18pt;\">Gobierno comprometi\u00f3 presupuesto para nuevas barcazas destinadas a Villa O\u00b4Higgins y Lago General Carrera<\/span><\/strong><\/p>\n<div id=\"gtx-trans\" style=\"position: absolute; left: -50px; top: 4.31534px;\">\n<div class=\"gtx-trans-icon\"><\/div>\n<\/div>\n<\/div><\/section><\/div><div class=\"flex_column av_one_full  flex_column_div av-zero-column-padding first  avia-builder-el-4  el_after_av_one_full  el_before_av_hr  column-top-margin\" style='border-radius:0px; '><section class=\"av_textblock_section \"  itemscope=\"itemscope\" itemtype=\"https:\/\/schema.org\/BlogPosting\" itemprop=\"blogPost\" ><div class='avia_textblock  '   itemprop=\"text\" ><p style=\"font-weight: 400; text-align: justify;\">\u201cTenemos una muy buena noticia. Hemos recibido la confirmaci\u00f3n de que nuestro Gobierno ya cuenta con el financiamiento para la construcci\u00f3n de la barcaza comprometida para el lago O&#8217;Higgins y la tercera nave para el lago General Carrera\u201d. As\u00ed lo inform\u00f3 este martes el delegado presidencial Rodrigo Araya, durante una reuni\u00f3n ampliada con la comunidad de Villa O\u00b4Higgins que forma parte de un programa de actividades que se desarrolla en Cochrane, O&#8217;Higgins y Tortel.<\/p>\n<p style=\"font-weight: 400; text-align: justify;\">En el encuentro particip\u00f3 el alcalde de la comuna, Claudio Fica, as\u00ed como dirigentes sociales, la delegada presidencial de la provincia Capit\u00e1n Prat, Marta Montiel y concejales.<\/p>\n<p style=\"font-weight: 400; text-align: justify;\">El representante del Gobierno se\u00f1al\u00f3 que esta noticia fue recibida desde la Direcci\u00f3n de Presupuesto (DIPRES) del Ministerio de Hacienda y representa un importante avance en el proceso de mejorar la conectividad en estos territorios, cumpliendo as\u00ed el compromiso que asumi\u00f3 con la regi\u00f3n el presidente Gabriel Boric, durante su visita del mes de enero de este a\u00f1o.<\/p>\n<p style=\"font-weight: 400; text-align: justify;\">Asimismo, el delegado Rodrigo Araya se\u00f1al\u00f3 que para la comunidad de Villa O&#8217;Higgins es de mucha importancia lograr una mejor comunicaci\u00f3n a trav\u00e9s del lago, empleando una embarcaci\u00f3n m\u00e1s moderna. \u201cSabemos que la Municipalidad est\u00e1 trabajando en poner en servicio nuevamente la barcaza Integraci\u00f3n, pero se necesita una barcaza con mayor capacidad y eso es lo que vamos a concretar con este financiamiento que permitir\u00eda licitar su construcci\u00f3n el pr\u00f3ximo a\u00f1o\u201d, coment\u00f3.<\/p>\n<p style=\"font-weight: 400; text-align: justify;\">Las y los vecinos presentes en la instancia plantearon sus inquietudes a las autoridades, entra las que sobresalieron las relacionadas a conectividad y calidad de vida.<\/p>\n<p style=\"font-weight: 400; text-align: justify;\">Al t\u00e9rmino de la reuni\u00f3n, el presidente de la C\u00e1mara de Comercio local, Cristian Fica, agradeci\u00f3 las gestiones realizadas por la autoridad, con miras a la reapertura del paso fronterizo R\u00edo Mayer para veh\u00edculos 4&#215;4, a lo que a\u00f1adi\u00f3, \u201cqueremos agradecer la visita y quedamos conforme con las solicitudes que se le hicieron al delegado y esperamos tener pronta respuesta de lo que planteamos el d\u00eda de hoy\u201d, puntualiz\u00f3 el dirigente.<\/p>\n<p style=\"font-weight: 400; text-align: justify;\">El alcalde Claudio Fica, por su parte, indic\u00f3 que en el encuentro con el delegado regional \u201cse pudieron abordar varios temas del \u00e1rea de la vivienda, electrificaci\u00f3n rural, subsidios de electricidad y ronda m\u00e9dica\u201d, mencionando tambi\u00e9n que desde el municipio esperan realizar un seguimiento a las consultas de la ciudadan\u00eda para darles soluci\u00f3n.<\/p>\n<\/div><\/section><\/div><div  style='height:50px' class='hr hr-invisible   avia-builder-el-6  el_after_av_one_full  el_before_av_social_share '><span class='hr-inner ' ><span class='hr-inner-style'><\/span><\/span><\/div><\/p>\n<div  class='av-social-sharing-box  avia-builder-el-7  el_after_av_hr  el_before_av_hr  '><div class='av-share-box'><h5 class='av-share-link-description av-no-toc '>Compartir esta noticia<\/h5><ul class='av-share-box-list noLightbox'><li class='av-share-link av-social-link-facebook' ><a target=\"_blank\" aria-label=\"Compartir en Facebook\" href='https:\/\/www.facebook.com\/sharer.php?u=https:\/\/radiorevelacionfm.cl\/?p=34385&#038;t=Gobierno%20comprometi%C3%B3%20presupuesto%20para%20nuevas%20barcazas%20destinadas%20a%20Villa%20O%C2%B4Higgins%20y%20Lago%20General%20Carrera' aria-hidden='false' data-av_icon='\ue8f3' data-av_iconfont='entypo-fontello' title='' data-avia-related-tooltip='Compartir en Facebook' rel=\"noopener\"><span class='avia_hidden_link_text'>Compartir en Facebook<\/span><\/a><\/li><li class='av-share-link av-social-link-twitter' ><a target=\"_blank\" aria-label=\"Compartir en Twitter\" href='https:\/\/twitter.com\/share?text=Gobierno%20comprometi%C3%B3%20presupuesto%20para%20nuevas%20barcazas%20destinadas%20a%20Villa%20O%C2%B4Higgins%20y%20Lago%20General%20Carrera&#038;url=https:\/\/radiorevelacionfm.cl\/?p=34385' aria-hidden='false' data-av_icon='\ue8f1' data-av_iconfont='entypo-fontello' title='' data-avia-related-tooltip='Compartir en Twitter' rel=\"noopener\"><span class='avia_hidden_link_text'>Compartir en Twitter<\/span><\/a><\/li><li class='av-share-link av-social-link-whatsapp' ><a target=\"_blank\" aria-label=\"Compartir en Whatsapp\" href='https:\/\/api.whatsapp.com\/send?text=https:\/\/radiorevelacionfm.cl\/?p=34385' aria-hidden='false' data-av_icon='\uf232' data-av_iconfont='entypo-fontello' title='' data-avia-related-tooltip='Compartir en Whatsapp' rel=\"noopener\"><span class='avia_hidden_link_text'>Compartir en Whatsapp<\/span><\/a><\/li><li class='av-share-link av-social-link-linkedin' ><a target=\"_blank\" aria-label=\"Compartir en LinkedIn\" href='https:\/\/linkedin.com\/shareArticle?mini=true&#038;title=Gobierno%20comprometi%C3%B3%20presupuesto%20para%20nuevas%20barcazas%20destinadas%20a%20Villa%20O%C2%B4Higgins%20y%20Lago%20General%20Carrera&#038;url=https:\/\/radiorevelacionfm.cl\/?p=34385' aria-hidden='false' data-av_icon='\ue8fc' data-av_iconfont='entypo-fontello' title='' data-avia-related-tooltip='Compartir en LinkedIn' rel=\"noopener\"><span class='avia_hidden_link_text'>Compartir en LinkedIn<\/span><\/a><\/li><li class='av-share-link av-social-link-mail' ><a  aria-label=\"Compartir por correo\" href='mailto:?subject=Gobierno%20comprometi%C3%B3%20presupuesto%20para%20nuevas%20barcazas%20destinadas%20a%20Villa%20O%C2%B4Higgins%20y%20Lago%20General%20Carrera&#038;body=https:\/\/radiorevelacionfm.cl\/?p=34385' aria-hidden='false' data-av_icon='\ue805' data-av_iconfont='entypo-fontello' title='' data-avia-related-tooltip='Compartir por correo'><span class='avia_hidden_link_text'>Compartir por correo<\/span><\/a><\/li><\/ul><\/div><\/div>\n<div  style='height:50px' class='hr hr-invisible   avia-builder-el-8  el_after_av_social_share  el_before_av_comments_list '><span class='hr-inner ' ><span class='hr-inner-style'><\/span><\/span><\/div>\n<div  class='av-buildercomment  av-blog-meta-html-info-disabled av-blog-meta-tag-disabled  '><\/div>\n","protected":false},"excerpt":{"rendered":"","protected":false},"author":1,"featured_media":34386,"comment_status":"open","ping_status":"open","sticky":false,"template":"","format":"standard","meta":{"footnotes":""},"categories":[38],"tags":[],"class_list":["post-34385","post","type-post","status-publish","format-standard","has-post-thumbnail","hentry","category-regional"],"jetpack_featured_media_url":"https:\/\/radiorevelacionfm.cl\/wp-content\/uploads\/2023\/08\/WhatsApp-Image-2023-08-29-at-17.40.34-1-1-1.jpeg","_links":{"self":[{"href":"https:\/\/radiorevelacionfm.cl\/index.php?rest_route=\/wp\/v2\/posts\/34385","targetHints":{"allow":["GET"]}}],"collection":[{"href":"https:\/\/radiorevelacionfm.cl\/index.php?rest_route=\/wp\/v2\/posts"}],"about":[{"href":"https:\/\/radiorevelacionfm.cl\/index.php?rest_route=\/wp\/v2\/types\/post"}],"author":[{"embeddable":true,"href":"https:\/\/radiorevelacionfm.cl\/index.php?rest_route=\/wp\/v2\/users\/1"}],"replies":[{"embeddable":true,"href":"https:\/\/radiorevelacionfm.cl\/index.php?rest_route=%2Fwp%2Fv2%2Fcomments&post=34385"}],"version-history":[{"count":1,"href":"https:\/\/radiorevelacionfm.cl\/index.php?rest_route=\/wp\/v2\/posts\/34385\/revisions"}],"predecessor-version":[{"id":34387,"href":"https:\/\/radiorevelacionfm.cl\/index.php?rest_route=\/wp\/v2\/posts\/34385\/revisions\/34387"}],"wp:featuredmedia":[{"embeddable":true,"href":"https:\/\/radiorevelacionfm.cl\/index.php?rest_route=\/wp\/v2\/media\/34386"}],"wp:attachment":[{"href":"https:\/\/radiorevelacionfm.cl\/index.php?rest_route=%2Fwp%2Fv2%2Fmedia&parent=34385"}],"wp:term":[{"taxonomy":"category","embeddable":true,"href":"https:\/\/radiorevelacionfm.cl\/index.php?rest_route=%2Fwp%2Fv2%2Fcategories&post=34385"},{"taxonomy":"post_tag","embeddable":true,"href":"https:\/\/radiorevelacionfm.cl\/index.php?rest_route=%2Fwp%2Fv2%2Ftags&post=34385"}],"curies":[{"name":"wp","href":"https:\/\/api.w.org\/{rel}","templated":true}]}}