{"id":34382,"date":"2023-08-29T18:57:52","date_gmt":"2023-08-29T21:57:52","guid":{"rendered":"https:\/\/radiorevelacionfm.cl\/?p=34382"},"modified":"2023-08-29T18:57:52","modified_gmt":"2023-08-29T21:57:52","slug":"masivo-festival-deportivo-rumbo-a-panamericanos-y-para-panamericanos-santiago-2023-lleno-de-alegria-estadio-regional-de-coyhaique","status":"publish","type":"post","link":"https:\/\/radiorevelacionfm.cl\/?p=34382","title":{"rendered":"Masivo Festival Deportivo Rumbo a Panamericanos y Para Panamericanos Santiago 2023 llen\u00f3 de alegr\u00eda Estadio Regional de Coyhaique"},"content":{"rendered":"<div class=\"flex_column av_one_full  flex_column_div av-zero-column-padding first  avia-builder-el-0  el_before_av_one_full  avia-builder-el-first  \" style='border-radius:0px; '><div  class='avia-image-container  av-styling-    avia-builder-el-1  avia-builder-el-no-sibling  avia-align-center '  itemprop=\"image\" itemscope=\"itemscope\" itemtype=\"https:\/\/schema.org\/ImageObject\"  ><div class='avia-image-container-inner'><div class='avia-image-overlay-wrap'><img decoding=\"async\" class='wp-image-34383 avia-img-lazy-loading-not-34383 avia_image' src=\"https:\/\/radiorevelacionfm.cl\/wp-content\/uploads\/2023\/08\/3-21-1-1.jpeg\" alt='' title='3 (21) (1) (1)' height=\"600\" width=\"901\"  itemprop=\"thumbnailUrl\" srcset=\"https:\/\/radiorevelacionfm.cl\/wp-content\/uploads\/2023\/08\/3-21-1-1.jpeg 901w, https:\/\/radiorevelacionfm.cl\/wp-content\/uploads\/2023\/08\/3-21-1-1-300x200.jpeg 300w, https:\/\/radiorevelacionfm.cl\/wp-content\/uploads\/2023\/08\/3-21-1-1-768x511.jpeg 768w, https:\/\/radiorevelacionfm.cl\/wp-content\/uploads\/2023\/08\/3-21-1-1-705x469.jpeg 705w, https:\/\/radiorevelacionfm.cl\/wp-content\/uploads\/2023\/08\/3-21-1-1-450x300.jpeg 450w, https:\/\/radiorevelacionfm.cl\/wp-content\/uploads\/2023\/08\/3-21-1-1-600x400.jpeg 600w\" sizes=\"(max-width: 901px) 100vw, 901px\" \/><\/div><\/div><\/div><\/div><div class=\"flex_column av_one_full  flex_column_div av-zero-column-padding first  avia-builder-el-2  el_after_av_one_full  el_before_av_one_full  column-top-margin\" style='border-radius:0px; '><section class=\"av_textblock_section \"  itemscope=\"itemscope\" itemtype=\"https:\/\/schema.org\/BlogPosting\" itemprop=\"blogPost\" ><div class='avia_textblock  '   itemprop=\"text\" ><p style=\"text-align: center;\"><span style=\"font-size: 18pt;\"><b>Masivo Festival Deportivo Rumbo a Panamericanos y Para Panamericanos Santiago 2023 llen\u00f3 de alegr\u00eda Estadio Regional de Coyhaique<\/b><\/span><\/p>\n<div id=\"gtx-trans\" style=\"position: absolute; left: -50px; top: 4.31534px;\">\n<div class=\"gtx-trans-icon\"><\/div>\n<\/div>\n<\/div><\/section><\/div><div class=\"flex_column av_one_full  flex_column_div av-zero-column-padding first  avia-builder-el-4  el_after_av_one_full  el_before_av_hr  column-top-margin\" style='border-radius:0px; '><section class=\"av_textblock_section \"  itemscope=\"itemscope\" itemtype=\"https:\/\/schema.org\/BlogPosting\" itemprop=\"blogPost\" ><div class='avia_textblock  '   itemprop=\"text\" ><p class=\"v1MsoNormal\" style=\"text-align: justify;\"><em><span lang=\"ES\">C<\/span><span lang=\"ES\">ompetencias paral\u00edmpicas, cl\u00ednicas deportivas y actividades masivas marcaron la jornada del s\u00e1bado en la capital regional, en el marco de las actividades promocionales de los Juegos Santiago 2023 que se desarrollar\u00e1n en nuestro pa\u00eds.<\/span><\/em><\/p>\n<p class=\"v1MsoNormal\" style=\"text-align: justify;\"><span lang=\"ES\">El evento deportivo familiar, organizado por Mindep e IND Ays\u00e9n, reuni\u00f3 a infancias, juventudes, adultos, personas mayores y en situaci\u00f3n de discapacidad en torno la pr\u00e1ctica de actividad f\u00edsica, invitando a la comunidad a hacer suyos los Juegos Panamericanos y Para panamericanos, hito que marcar\u00e1 la historia del deporte en nuestro pa\u00eds.<u><\/u><u><\/u><\/span><\/p>\n<p class=\"v1MsoNormal\" style=\"text-align: justify;\"><span lang=\"ES\">Encabezado por el delegado presidencial Rodrigo Araya Morales y la Seremi de Deportes Mar\u00eda Eugenia Dur\u00e1n Jara, el evento deportivo familiar fue convocado por el Mindep Ays\u00e9n y organizado a trav\u00e9s de los programas Crecer en Movimiento y Deporte y Participaci\u00f3n Social, del Instituto Nacional de Deportes Ays\u00e9n. A la instancia tambi\u00e9n se sumaron autoridades del gabinete regional, el Director Regional (s) del IND, Javier Medina Mella, el alcalde de Coyhaique, directores de Injuv y Senadis, consejeros regionales y representante del Gobierno Regional.<u><\/u><u><\/u><\/span><\/p>\n<p class=\"v1MsoNormal\" style=\"text-align: justify;\"><span lang=\"ES\">Asimismo, durante el desarrollo de la jornada se practicaron ex\u00e1menes preventivos a cargo de los Cesfam Alejandro Guti\u00e9rrez y V\u00edctor Domingo Silva, se entregaron premios aportados por Elige Vivir Sano;\u00a0 mientras que Aguas\u00a0 Patagonia y Junaeb Ays\u00e9n se sumaron a la actividad con puntos de hidrataci\u00f3n y colaciones para los participantes, respectivamente.<u><\/u><u><\/u><\/span><\/p>\n<p class=\"v1MsoNormal\" style=\"text-align: justify;\"><span lang=\"ES\">Al respecto el delegado presidencial regional se\u00f1al\u00f3: \u00abestamos muy contentos de participar en este festival deportivo donde ha asistido much\u00edsima gente y si bien esta es una apertura hacia los Panamericanos y Para panamericanos Santiago 2023, tambi\u00e9n aqu\u00ed demostramos el inter\u00e9s de nuestro Gobierno por descentralizar las oportunidades y los eventos deportivos. Aqu\u00ed est\u00e1 la demostraci\u00f3n que con deporte y recreaci\u00f3n se pueden hacer un mont\u00f3n de cosas positivas para nuestros j\u00f3venes\u00bb.<u><\/u><u><\/u><\/span><\/p>\n<p class=\"v1MsoNormal\" style=\"text-align: justify;\"><span lang=\"ES\">Por su parte, la seremi Mar\u00eda Eugenia Dur\u00e1n Jara, precis\u00f3 \u00abestamos invitando a nuestras vecinas y vecinos a abrazar los Juegos Panamericanos y Para panamericanos Santiago 2023, un compromiso de Estado y de Gobierno del Presidente Gabriel Boric, nuestro punto de encuentro, que nos invita a encontrarnos con nuestras diferencias y diversidades, a ser m\u00e1s tolerantes y respetar al otro, porque cuando nos ponemos la Roja de Chile, somos una sola hinchada, un s\u00f3lo pa\u00eds. Con este Festival estamos prepar\u00e1ndonos para alentar a la Roja y a nuestros deportistas regionales que competir\u00e1n en los Juegos, donde hasta el momento est\u00e1n clasificados Jos\u00e9 Luis Rodr\u00edguez Aguilar en ciclismo y Manuel Echaveguren Far\u00edas, en para tenis de mesa, aunque a\u00fan\u00a0 faltan disciplinas que nos pueden dar sorpresas y que se encuentran en procesos clasificatorios\u00bb, inform\u00f3 la autoridad deportiva.<u><\/u><u><\/u><\/span><\/p>\n<p class=\"v1MsoNormal\" style=\"text-align: justify;\">Asimismo, Ra\u00fal C\u00e1rdenas, apoderado Telet\u00f3n Ays\u00e9n coment\u00f3: \u00abhoy estamos apoyando a nuestros hijos en este torneo promocional Rumbo a #Santiago2023, estamos muy contentos porque en la regi\u00f3n de Ays\u00e9n tambi\u00e9n se toma en cuenta el mundo de la discapacidad y \u00e9stas actividades deportivas\u00a0 permiten a nuestros ni\u00f1os sacar lo mejor de ellos en las disciplinas de\u00a0 tenis de mesa, bochas y atletismo, que son las categor\u00edas en las cuales est\u00e1 participando Telet\u00f3n junto al colegio Espa\u00f1a, colegio Nuevo Despertar y otros\u00a0grupos de personas en situaci\u00f3n de discapacidad\u00bb.<\/p>\n<p class=\"v1MsoNormal\" style=\"text-align: justify;\"><span lang=\"ES\">En la actividad, fueron protagonistas estudiantes de la Escuela Espa\u00f1a de Coyhaique, Escuela Despertar Puerto Ays\u00e9n, usuarios Telet\u00f3n,\u00a0<\/span>Club Pumas Ays\u00e9n, Taller Laboral de Puerto Ays\u00e9n, Oficina Municipal de la discapacidad de la I. Municipalidad de Puerto Ays\u00e9n (OMDI), Talleres de discapacidad de IND Puerto Ays\u00e9n\u00a0<span lang=\"ES\"> y en la cl\u00ednicas deportivas desarrollaron actividades los clubes Patagonia Softbol,\u00a0 Club de Ajedrez Coyhaique, Escuela de F\u00fatbol IND, Koryo Coyhaique, Team Trueno Boxing,\u00a0<\/span>y en pilates masivo y bailet\u00f3n asistieron usuarias de los programas IND y vecinas del sector.<\/p>\n<\/div><\/section><\/div><div  style='height:50px' class='hr hr-invisible   avia-builder-el-6  el_after_av_one_full  el_before_av_social_share '><span class='hr-inner ' ><span class='hr-inner-style'><\/span><\/span><\/div><\/p>\n<div  class='av-social-sharing-box  avia-builder-el-7  el_after_av_hr  el_before_av_hr  '><div class='av-share-box'><h5 class='av-share-link-description av-no-toc '>Compartir esta noticia<\/h5><ul class='av-share-box-list noLightbox'><li class='av-share-link av-social-link-facebook' ><a target=\"_blank\" aria-label=\"Compartir en Facebook\" href='https:\/\/www.facebook.com\/sharer.php?u=https:\/\/radiorevelacionfm.cl\/?p=34382&#038;t=Masivo%20Festival%20Deportivo%20Rumbo%20a%20Panamericanos%20y%20Para%20Panamericanos%20Santiago%202023%20llen%C3%B3%20de%20alegr%C3%ADa%20Estadio%20Regional%20de%20Coyhaique' aria-hidden='false' data-av_icon='\ue8f3' data-av_iconfont='entypo-fontello' title='' data-avia-related-tooltip='Compartir en Facebook' rel=\"noopener\"><span class='avia_hidden_link_text'>Compartir en Facebook<\/span><\/a><\/li><li class='av-share-link av-social-link-twitter' ><a target=\"_blank\" aria-label=\"Compartir en Twitter\" href='https:\/\/twitter.com\/share?text=Masivo%20Festival%20Deportivo%20Rumbo%20a%20Panamericanos%20y%20Para%20Panamericanos%20Santiago%202023%20llen%C3%B3%20de%20alegr%C3%ADa%20Estadio%20Regional%20de%20Coyhaique&#038;url=https:\/\/radiorevelacionfm.cl\/?p=34382' aria-hidden='false' data-av_icon='\ue8f1' data-av_iconfont='entypo-fontello' title='' data-avia-related-tooltip='Compartir en Twitter' rel=\"noopener\"><span class='avia_hidden_link_text'>Compartir en Twitter<\/span><\/a><\/li><li class='av-share-link av-social-link-whatsapp' ><a target=\"_blank\" aria-label=\"Compartir en Whatsapp\" href='https:\/\/api.whatsapp.com\/send?text=https:\/\/radiorevelacionfm.cl\/?p=34382' aria-hidden='false' data-av_icon='\uf232' data-av_iconfont='entypo-fontello' title='' data-avia-related-tooltip='Compartir en Whatsapp' rel=\"noopener\"><span class='avia_hidden_link_text'>Compartir en Whatsapp<\/span><\/a><\/li><li class='av-share-link av-social-link-linkedin' ><a target=\"_blank\" aria-label=\"Compartir en LinkedIn\" href='https:\/\/linkedin.com\/shareArticle?mini=true&#038;title=Masivo%20Festival%20Deportivo%20Rumbo%20a%20Panamericanos%20y%20Para%20Panamericanos%20Santiago%202023%20llen%C3%B3%20de%20alegr%C3%ADa%20Estadio%20Regional%20de%20Coyhaique&#038;url=https:\/\/radiorevelacionfm.cl\/?p=34382' aria-hidden='false' data-av_icon='\ue8fc' data-av_iconfont='entypo-fontello' title='' data-avia-related-tooltip='Compartir en LinkedIn' rel=\"noopener\"><span class='avia_hidden_link_text'>Compartir en LinkedIn<\/span><\/a><\/li><li class='av-share-link av-social-link-mail' ><a  aria-label=\"Compartir por correo\" href='mailto:?subject=Masivo%20Festival%20Deportivo%20Rumbo%20a%20Panamericanos%20y%20Para%20Panamericanos%20Santiago%202023%20llen%C3%B3%20de%20alegr%C3%ADa%20Estadio%20Regional%20de%20Coyhaique&#038;body=https:\/\/radiorevelacionfm.cl\/?p=34382' aria-hidden='false' data-av_icon='\ue805' data-av_iconfont='entypo-fontello' title='' data-avia-related-tooltip='Compartir por correo'><span class='avia_hidden_link_text'>Compartir por correo<\/span><\/a><\/li><\/ul><\/div><\/div>\n<div  style='height:50px' class='hr hr-invisible   avia-builder-el-8  el_after_av_social_share  el_before_av_comments_list '><span class='hr-inner ' ><span class='hr-inner-style'><\/span><\/span><\/div>\n<div  class='av-buildercomment  av-blog-meta-html-info-disabled av-blog-meta-tag-disabled  '><\/div>\n","protected":false},"excerpt":{"rendered":"","protected":false},"author":1,"featured_media":34383,"comment_status":"open","ping_status":"open","sticky":false,"template":"","format":"standard","meta":{"footnotes":""},"categories":[40],"tags":[],"class_list":["post-34382","post","type-post","status-publish","format-standard","has-post-thumbnail","hentry","category-deportes"],"jetpack_featured_media_url":"https:\/\/radiorevelacionfm.cl\/wp-content\/uploads\/2023\/08\/3-21-1-1.jpeg","_links":{"self":[{"href":"https:\/\/radiorevelacionfm.cl\/index.php?rest_route=\/wp\/v2\/posts\/34382","targetHints":{"allow":["GET"]}}],"collection":[{"href":"https:\/\/radiorevelacionfm.cl\/index.php?rest_route=\/wp\/v2\/posts"}],"about":[{"href":"https:\/\/radiorevelacionfm.cl\/index.php?rest_route=\/wp\/v2\/types\/post"}],"author":[{"embeddable":true,"href":"https:\/\/radiorevelacionfm.cl\/index.php?rest_route=\/wp\/v2\/users\/1"}],"replies":[{"embeddable":true,"href":"https:\/\/radiorevelacionfm.cl\/index.php?rest_route=%2Fwp%2Fv2%2Fcomments&post=34382"}],"version-history":[{"count":1,"href":"https:\/\/radiorevelacionfm.cl\/index.php?rest_route=\/wp\/v2\/posts\/34382\/revisions"}],"predecessor-version":[{"id":34384,"href":"https:\/\/radiorevelacionfm.cl\/index.php?rest_route=\/wp\/v2\/posts\/34382\/revisions\/34384"}],"wp:featuredmedia":[{"embeddable":true,"href":"https:\/\/radiorevelacionfm.cl\/index.php?rest_route=\/wp\/v2\/media\/34383"}],"wp:attachment":[{"href":"https:\/\/radiorevelacionfm.cl\/index.php?rest_route=%2Fwp%2Fv2%2Fmedia&parent=34382"}],"wp:term":[{"taxonomy":"category","embeddable":true,"href":"https:\/\/radiorevelacionfm.cl\/index.php?rest_route=%2Fwp%2Fv2%2Fcategories&post=34382"},{"taxonomy":"post_tag","embeddable":true,"href":"https:\/\/radiorevelacionfm.cl\/index.php?rest_route=%2Fwp%2Fv2%2Ftags&post=34382"}],"curies":[{"name":"wp","href":"https:\/\/api.w.org\/{rel}","templated":true}]}}